
{"id":10025,"date":"2015-07-08T17:18:36","date_gmt":"2015-07-08T17:18:36","guid":{"rendered":"https:\/\/www.suwena.net\/purjehdus-kelttimeren-yli-22-6-23-6\/"},"modified":"2019-10-30T18:16:51","modified_gmt":"2019-10-30T18:16:51","slug":"purjehdus-kelttimeren-yli-22-6-23-6","status":"publish","type":"post","link":"https:\/\/www.suwena.net\/fi\/purjehdus-kelttimeren-yli-22-6-23-6\/","title":{"rendered":"Purjehdus Kelttimeren yli 22.6. &#8211; 23.6."},"content":{"rendered":"<p>Edess\u00e4 oli t\u00e4m\u00e4n kes\u00e4n pisin merimatka, 140 merimailia Kelttimeren yli Kinsalesta Scillynsaarille. Maanantaiaamusta kovan tuulen piti loppua, niinp\u00e4 t\u00e4ht\u00e4simme matkamme alkamaan iltap\u00e4iv\u00e4st\u00e4. Arvioimme, ett\u00e4 matka kest\u00e4\u00e4 reilun vuorokauden.<\/p>\n<p>Viel\u00e4 my\u00f6h\u00e4\u00e4n aamuy\u00f6st\u00e4 kiinnittyi kylkeemme brittivene ryytyneen miehist\u00f6n kera. He olivat purjehtineet koko y\u00f6n Plymouthista saapuakseen regattaan ja heill\u00e4 oli ollut koko y\u00f6n vasta-aallokko loiskien kannelle. Kun aamulla Andrus kysyi naapurilta, miten matka oli mennyt, sai h\u00e4n v\u00e4linpit\u00e4m\u00e4tt\u00f6m\u00e4n katseen kera vastaukseksi, ett\u00e4 \u201d\u00e4l\u00e4 edes mainitse merta\u201d. Heill\u00e4 oli useita laiterikkoja y\u00f6n aikana, mm. kansivalojen johdot olivat irronneet ja keulaluukusta valui vett\u00e4 sis\u00e4lle. <\/p>\n<p>Satamaheijarilla oli kiire saada vierasveneet matkaan ennen regattaa, niinp\u00e4 jo pari p\u00e4iv\u00e4\u00e4 aiemmin h\u00e4n tuli tapaamaan meit\u00e4 ranskalaisen Delnic miehist\u00f6n kera. Hekin olivat matkalla Scillynsaarille ja odottivat meid\u00e4n tavoin kovan tuulen laantumista. Suunnitelmamme k\u00e4viv\u00e4t yhteen, niinp\u00e4 sovimme l\u00e4htev\u00e4mme samoihin aikoihin matkaan.<\/p>\n<p>Maanantaiaamusta me viel\u00e4 hankimme hieman provianttia ja sitten iltap\u00e4iv\u00e4st\u00e4 irrotimme k\u00f6ydet ja Suwenalla j\u00e4i Irlanti taakse.<br \/>\n<figure id=\"attachment_10007\" aria-describedby=\"caption-attachment-10007\" style=\"width: 1440px\" class=\"wp-caption alignnone\"><a href=\"https:\/\/www.suwena.net\/wp-content\/uploads\/2015\/07\/P1150005.jpg\"><img loading=\"lazy\" width=\"1440\" height=\"810\" src=\"https:\/\/www.suwena.net\/wp-content\/uploads\/2015\/07\/P1150005-1440x810.jpg\" alt=\"L\u00e4hd\u00f6ss\u00e4 Kinsalesta Irlannista\" class=\"size-featured-blog-large wp-image-10007\" srcset=\"https:\/\/www.suwena.net\/wp-content\/uploads\/2015\/07\/P1150005-1440x810.jpg 1440w, https:\/\/www.suwena.net\/wp-content\/uploads\/2015\/07\/P1150005-300x169.jpg 300w, https:\/\/www.suwena.net\/wp-content\/uploads\/2015\/07\/P1150005-768x432.jpg 768w\" sizes=\"(max-width: 1440px) 100vw, 1440px\" \/><\/a><figcaption id=\"caption-attachment-10007\" class=\"wp-caption-text\">L\u00e4hd\u00f6ss\u00e4 Kinsalesta Irlannista<\/figcaption><\/figure><br \/>\nEnsimm\u00e4inen 20 mailia tuuli oli vain kevyt henk\u00e4ys, joten moottoripurjehdimme. Tuuli voimistui 10 \u2013 12 solmun l\u00e4nsituuleksi, niin nostimme kipin kapin genaakkerin. Purjehdus on meist\u00e4 parhaimmillaan juuri genaakkerilla ja saimme nauttia upeasta kes\u00e4p\u00e4iv\u00e4st\u00e4 Suwenan purjehtiessa seitsem\u00e4n solmun vauhdilla.<br \/>\n<figure id=\"attachment_10011\" aria-describedby=\"caption-attachment-10011\" style=\"width: 1440px\" class=\"wp-caption alignnone\"><a href=\"https:\/\/www.suwena.net\/wp-content\/uploads\/2015\/07\/P1150009.jpg\"><img loading=\"lazy\" width=\"1440\" height=\"810\" src=\"https:\/\/www.suwena.net\/wp-content\/uploads\/2015\/07\/P1150009-1440x810.jpg\" alt=\"Suwena l\u00e4hd\u00f6ss\u00e4 Irlannista\" class=\"size-featured-blog-large wp-image-10011\" srcset=\"https:\/\/www.suwena.net\/wp-content\/uploads\/2015\/07\/P1150009-1440x810.jpg 1440w, https:\/\/www.suwena.net\/wp-content\/uploads\/2015\/07\/P1150009-300x169.jpg 300w, https:\/\/www.suwena.net\/wp-content\/uploads\/2015\/07\/P1150009-768x432.jpg 768w\" sizes=\"(max-width: 1440px) 100vw, 1440px\" \/><\/a><figcaption id=\"caption-attachment-10011\" class=\"wp-caption-text\">Suwena l\u00e4hd\u00f6ss\u00e4 Irlannista<\/figcaption><\/figure><br \/>\nVaikka olimme etuk\u00e4teen sopineet, ett\u00e4 pidet\u00e4\u00e4n VHF:ll\u00e4 yhteytt\u00e4, niin suorastaan s\u00e4ik\u00e4hdimme, kun VHF:st\u00e4 kuului \u201dSuwena Suwena Suwena this is Delnic\u201d. Olemme seilanneet niin omia polkujamme, ett\u00e4 Suwenaa ei juurikaan ole kutsuttu VHF:ll\u00e4. Delnic l\u00e4hti noin tuntia my\u00f6hemmin per\u00e4\u00e4mme ja niin siin\u00e4 kaksi Suomessa valmistettua venett\u00e4 seilasi samaan suuntaan; Swan Delnic ja Nauticat Suwena. <\/p>\n<p>Genaakkeri johdatti Suwenaa kauniisti kohti kaakkoa 60 mailin matkan. Ilta saapui ja Andrus viihtyi ihailemassa t\u00e4htitaivasta. Siin\u00e4 aika kului, kun muistelimme t\u00e4htien ja t\u00e4htikuvioiden nimi\u00e4 niin suomeksi kuin englanniksi.<br \/>\n<figure id=\"attachment_10015\" aria-describedby=\"caption-attachment-10015\" style=\"width: 1440px\" class=\"wp-caption alignnone\"><a href=\"https:\/\/www.suwena.net\/wp-content\/uploads\/2015\/07\/P1150021.jpg\"><img loading=\"lazy\" width=\"1440\" height=\"810\" src=\"https:\/\/www.suwena.net\/wp-content\/uploads\/2015\/07\/P1150021-1440x810.jpg\" alt=\"Suwena purjehtimassa Kelttimerell\u00e4\" class=\"size-featured-blog-large wp-image-10015\" srcset=\"https:\/\/www.suwena.net\/wp-content\/uploads\/2015\/07\/P1150021-1440x810.jpg 1440w, https:\/\/www.suwena.net\/wp-content\/uploads\/2015\/07\/P1150021-300x169.jpg 300w, https:\/\/www.suwena.net\/wp-content\/uploads\/2015\/07\/P1150021-768x432.jpg 768w\" sizes=\"(max-width: 1440px) 100vw, 1440px\" \/><\/a><figcaption id=\"caption-attachment-10015\" class=\"wp-caption-text\">Suwena purjehtimassa Kelttimerell\u00e4<\/figcaption><\/figure><br \/>\n<figure id=\"attachment_10019\" aria-describedby=\"caption-attachment-10019\" style=\"width: 1440px\" class=\"wp-caption alignnone\"><a href=\"https:\/\/www.suwena.net\/wp-content\/uploads\/2015\/07\/P1150038.jpg\"><img loading=\"lazy\" width=\"1440\" height=\"810\" src=\"https:\/\/www.suwena.net\/wp-content\/uploads\/2015\/07\/P1150038-1440x810.jpg\" alt=\"Y\u00f6purjehdus Kelttimerell\u00e4\" class=\"size-featured-blog-large wp-image-10019\" srcset=\"https:\/\/www.suwena.net\/wp-content\/uploads\/2015\/07\/P1150038-1440x810.jpg 1440w, https:\/\/www.suwena.net\/wp-content\/uploads\/2015\/07\/P1150038-300x169.jpg 300w, https:\/\/www.suwena.net\/wp-content\/uploads\/2015\/07\/P1150038-768x432.jpg 768w\" sizes=\"(max-width: 1440px) 100vw, 1440px\" \/><\/a><figcaption id=\"caption-attachment-10019\" class=\"wp-caption-text\">Y\u00f6purjehdus Kelttimerell\u00e4<\/figcaption><\/figure><br \/>\nY\u00f6n saavuttua aloitamme vuorotellen vahdin. Minun sokeuden vuoksi meille on tullut tavaksi seuraavanlainen rutiini. Kun kipparin aika on ummistaa silm\u00e4t, Andrus tarkistaa, ett\u00e4 AIS ja tutka ovat s\u00e4\u00e4detty sopivalle h\u00e4lytysalueelle. Min\u00e4 pid\u00e4n huolen, ett\u00e4 vene pysyy kurssissa ja purjeet vedossa. Her\u00e4t\u00e4n Andrusin 20 minuutin v\u00e4lein katsomaan, ett\u00e4 meri ymp\u00e4rill\u00e4mme on tyhj\u00e4. Kun Andrus on saanut nukuttua noin pari tuntia, astuu vahtiin vuorostaan Andrus ja min\u00e4 k\u00f6mmin nukkumaan. T\u00e4m\u00e4n y\u00f6n aikana emme n\u00e4hneet yhdenk\u00e4\u00e4n aluksen kulkuvaloja.<\/p>\n<p>Olin juuri parahikseen nukahtanut vajaan tunnin, kun Andrus kello kolme aamuy\u00f6ll\u00e4 tuli her\u00e4tt\u00e4m\u00e4\u00e4n laivakissaa. \u201dTuuli juuri moinasi ja nyt kultaseni olisi aika laskea genaakkeri\u201d. Kaunis t\u00e4htitaivas oli verhoutunut pilvivaippaan, joten meri ymp\u00e4rill\u00e4mme oli pilkkopime\u00e4 kansivaloista huolimatta. No, minuahan se ei toki haitannut \ud83d\ude42 Laskimme genaakkerin ja pakkasin sukkagenaakkerimme takaisin purjepussiin ja sujautimme sen kansiluukusta keulakajuutan matkustajaksi.<\/p>\n<p>Sen verran virkist\u00e4v\u00e4\u00e4 oli tuo \u00f6inen meri-ilma, ett\u00e4 uni karisi Suwenan per\u00e4vanaan ja kippari p\u00e4\u00e4si j\u00e4lleen nokosille. Perkins ty\u00f6skenteli niin tasaisesti salongin lattian alla, ett\u00e4 aamun varhaisilla tunneilla piti alkaa jumpata, jotta vahti pysyy hereill\u00e4. Onneksi aamu seitsem\u00e4lt\u00e4 Andrus vapautti minut vahdista ja her\u00e4sin vasta tuoreen kahvin tuoksuun yhdeks\u00e4lt\u00e4.<\/p>\n<p>Y\u00f6purjehdus on ihan oma juttunsa \u2013 ainakin viel\u00e4 meille. T\u00e4ll\u00e4 kertaa matka sujui ilman mit\u00e4\u00e4n yll\u00e4tyksi\u00e4 ja nappasimme yhden viimeisist\u00e4 vapaista poijuista Hugh Townin edustalla tasan 24 tunnin kuluttua, kun olimme p\u00e4\u00e4st\u00e4neet k\u00f6ydet irti Irlannin maaper\u00e4lt\u00e4.<br \/>\n<figure id=\"attachment_10023\" aria-describedby=\"caption-attachment-10023\" style=\"width: 1440px\" class=\"wp-caption alignnone\"><a href=\"https:\/\/www.suwena.net\/wp-content\/uploads\/2015\/07\/P1150051.jpg\"><img loading=\"lazy\" width=\"1440\" height=\"810\" src=\"https:\/\/www.suwena.net\/wp-content\/uploads\/2015\/07\/P1150051-1440x810.jpg\" alt=\"Suwena saapumassa Scillynsaarille\" class=\"size-featured-blog-large wp-image-10023\" srcset=\"https:\/\/www.suwena.net\/wp-content\/uploads\/2015\/07\/P1150051-1440x810.jpg 1440w, https:\/\/www.suwena.net\/wp-content\/uploads\/2015\/07\/P1150051-300x169.jpg 300w, https:\/\/www.suwena.net\/wp-content\/uploads\/2015\/07\/P1150051-768x432.jpg 768w\" sizes=\"(max-width: 1440px) 100vw, 1440px\" \/><\/a><figcaption id=\"caption-attachment-10023\" class=\"wp-caption-text\">Suwena saapumassa Scillynsaarille<\/figcaption><\/figure><\/p>\n","protected":false},"excerpt":{"rendered":"<p>Edess\u00e4 oli t\u00e4m\u00e4n kes\u00e4n pisin merimatka, 140 merimailia Kelttimeren yli Kinsalesta Scillynsaarille. Maanantaiaamusta kovan tuulen piti loppua, niinp\u00e4 t\u00e4ht\u00e4simme matkamme alkamaan iltap\u00e4iv\u00e4st\u00e4. Arvioimme, ett\u00e4 matka kest\u00e4\u00e4 reilun vuorokauden. Viel\u00e4 my\u00f6h\u00e4\u00e4n aamuy\u00f6st\u00e4 kiinnittyi kylkeemme brittivene ryytyneen miehist\u00f6n kera. He olivat purjehtineet<\/p>\n","protected":false},"author":2,"featured_media":10019,"comment_status":"open","ping_status":"open","sticky":false,"template":"","format":"standard","meta":[],"seasons":[17],"_links":{"self":[{"href":"https:\/\/www.suwena.net\/fi\/wp-json\/wp\/v2\/posts\/10025"}],"collection":[{"href":"https:\/\/www.suwena.net\/fi\/wp-json\/wp\/v2\/posts"}],"about":[{"href":"https:\/\/www.suwena.net\/fi\/wp-json\/wp\/v2\/types\/post"}],"author":[{"embeddable":true,"href":"https:\/\/www.suwena.net\/fi\/wp-json\/wp\/v2\/users\/2"}],"replies":[{"embeddable":true,"href":"https:\/\/www.suwena.net\/fi\/wp-json\/wp\/v2\/comments?post=10025"}],"version-history":[{"count":0,"href":"https:\/\/www.suwena.net\/fi\/wp-json\/wp\/v2\/posts\/10025\/revisions"}],"wp:featuredmedia":[{"embeddable":true,"href":"https:\/\/www.suwena.net\/fi\/wp-json\/wp\/v2\/media\/10019"}],"wp:attachment":[{"href":"https:\/\/www.suwena.net\/fi\/wp-json\/wp\/v2\/media?parent=10025"}],"wp:term":[{"taxonomy":"seasons","embeddable":true,"href":"https:\/\/www.suwena.net\/fi\/wp-json\/wp\/v2\/seasons?post=10025"}],"curies":[{"name":"wp","href":"https:\/\/api.w.org\/{rel}","templated":true}]}}