
{"id":13189,"date":"2017-12-03T19:55:32","date_gmt":"2017-12-03T19:55:32","guid":{"rendered":"https:\/\/www.suwena.net\/viveiro-13-7-17-7\/"},"modified":"2019-12-23T18:55:24","modified_gmt":"2019-12-23T18:55:24","slug":"viveiro-13-7-17-7","status":"publish","type":"post","link":"https:\/\/www.suwena.net\/fi\/viveiro-13-7-17-7\/","title":{"rendered":"Viveiro 13.7. &#8211; 17.7."},"content":{"rendered":"<p>Tuulta ei ollut edelleenk\u00e4\u00e4n, kun purjehdimme Gijonista Viveiroon. Muutama muukin vene matkasi l\u00e4nteen samaan aikaan. Aina silloin t\u00e4ll\u00f6in joku veneist\u00e4 yritti nostaa purjeet, mutta pian jokainen palasi peltigenoan huomaan. 82 merimailin kuluttua saavuimme Viveiroon.<\/p>\n<p>K\u00e4\u00e4nnytty\u00e4mme etel\u00e4\u00e4n ja saavuttuamme rialle tyk\u00e4styimme kovasti maisemiin. Rian sek\u00e4 it\u00e4- ett\u00e4 l\u00e4nsirannalla oli lukuisia ankkuripaikkoja. Lis\u00e4ksi oli viel\u00e4 yksi ankkurilahti aivan Viveiron kaupungin rannan edustalla. Selv\u00e4sti olimme saapuneet Galician maailman kuuluisille rioille, joita kaikissa purjehdusoppaissa suositellaan. Se, mit\u00e4 n\u00e4imme, ei tuottanut pettymyst\u00e4 lainkaan. Hetken aikaa jopa ajattelimme, ett\u00e4 laskemme koukun. Kes\u00e4purjehduksemme aika oli jo kortilla, joten p\u00e4\u00e4timme kuitenkin menn\u00e4 marinaan.<br \/>\n<figure id=\"attachment_13155\" aria-describedby=\"caption-attachment-13155\" style=\"width: 1440px\" class=\"wp-caption alignnone\"><a href=\"https:\/\/www.suwena.net\/wp-content\/uploads\/2017\/12\/P1310087.jpg\"><img loading=\"lazy\" width=\"1440\" height=\"810\" src=\"https:\/\/www.suwena.net\/wp-content\/uploads\/2017\/12\/P1310087-1440x810.jpg\" alt=\"Ankkurilahti Viveiron edustalla Espanjassa\" class=\"size-featured-blog-large wp-image-13155\" srcset=\"https:\/\/www.suwena.net\/wp-content\/uploads\/2017\/12\/P1310087-1440x810.jpg 1440w, https:\/\/www.suwena.net\/wp-content\/uploads\/2017\/12\/P1310087-300x169.jpg 300w, https:\/\/www.suwena.net\/wp-content\/uploads\/2017\/12\/P1310087-768x432.jpg 768w\" sizes=\"(max-width: 1440px) 100vw, 1440px\" \/><\/a><figcaption id=\"caption-attachment-13155\" class=\"wp-caption-text\">Ankkurilahti Viveiron edustalla Espanjassa<\/figcaption><\/figure><br \/>\n<figure id=\"attachment_13159\" aria-describedby=\"caption-attachment-13159\" style=\"width: 1440px\" class=\"wp-caption alignnone\"><a href=\"https:\/\/www.suwena.net\/wp-content\/uploads\/2017\/12\/P1310069.jpg\"><img loading=\"lazy\" width=\"1440\" height=\"810\" src=\"https:\/\/www.suwena.net\/wp-content\/uploads\/2017\/12\/P1310069-1440x810.jpg\" alt=\"Suwena Viveiron satamassa Espanjassa\" class=\"size-featured-blog-large wp-image-13159\" srcset=\"https:\/\/www.suwena.net\/wp-content\/uploads\/2017\/12\/P1310069-1440x810.jpg 1440w, https:\/\/www.suwena.net\/wp-content\/uploads\/2017\/12\/P1310069-300x169.jpg 300w, https:\/\/www.suwena.net\/wp-content\/uploads\/2017\/12\/P1310069-768x432.jpg 768w\" sizes=\"(max-width: 1440px) 100vw, 1440px\" \/><\/a><figcaption id=\"caption-attachment-13159\" class=\"wp-caption-text\">Suwena Viveiron satamassa Espanjassa<\/figcaption><\/figure><br \/>\n<figure id=\"attachment_13163\" aria-describedby=\"caption-attachment-13163\" style=\"width: 1440px\" class=\"wp-caption alignnone\"><a href=\"https:\/\/www.suwena.net\/wp-content\/uploads\/2017\/12\/P1310073.jpg\"><img loading=\"lazy\" width=\"1440\" height=\"810\" src=\"https:\/\/www.suwena.net\/wp-content\/uploads\/2017\/12\/P1310073-1440x810.jpg\" alt=\"Viveiro Espanjassa\" class=\"size-featured-blog-large wp-image-13163\" srcset=\"https:\/\/www.suwena.net\/wp-content\/uploads\/2017\/12\/P1310073-1440x810.jpg 1440w, https:\/\/www.suwena.net\/wp-content\/uploads\/2017\/12\/P1310073-300x169.jpg 300w, https:\/\/www.suwena.net\/wp-content\/uploads\/2017\/12\/P1310073-768x432.jpg 768w\" sizes=\"(max-width: 1440px) 100vw, 1440px\" \/><\/a><figcaption id=\"caption-attachment-13163\" class=\"wp-caption-text\">Viveiro Espanjassa<\/figcaption><\/figure><br \/>\nAjettuamme sis\u00e4lle satamaan tuli marinera meit\u00e4 vastaan heiluttaen k\u00e4tt\u00e4\u00e4n ja osoittaen h\u00e4nen k\u00e4si-VHF:\u00e4\u00e4. Pian meill\u00e4 oli jo laituripaikka ja vene kiinnitettyn\u00e4. Kuitenkin j\u00e4lkimm\u00e4iseen vier\u00e4hti tovi, sill\u00e4 monet yst\u00e4v\u00e4lliset espanjalaiset purjehtijat halusivat tulla juttelemaan kaukaisten vierailijoiden kanssa. Jaoimme kokemuksiamme purjehtimisesta Espanjaan, ja samaan aikaan yritimme varmistaa, ett\u00e4 vene on hyvin kiinnitettyn\u00e4. Pian olimme kuitenkin valmiina ja viel\u00e4 rekister\u00f6idytty\u00e4mme satamaan l\u00e4hdimme kaupungille. Ohitimme ison supermarketin aivan sataman vieress\u00e4, ja jatkoimme matkaa kohti vanhaa kaupunkia ja herkullista galicialaista p\u00e4iv\u00e4llist\u00e4. Vanha kaupunki oli mahtava.<br \/>\n<figure id=\"attachment_13167\" aria-describedby=\"caption-attachment-13167\" style=\"width: 1440px\" class=\"wp-caption alignnone\"><a href=\"https:\/\/www.suwena.net\/wp-content\/uploads\/2017\/12\/P1300927.jpg\"><img loading=\"lazy\" width=\"1440\" height=\"810\" src=\"https:\/\/www.suwena.net\/wp-content\/uploads\/2017\/12\/P1300927-1440x810.jpg\" alt=\"Eve Carlos V portilla Viveirossa Espanjassa\" class=\"size-featured-blog-large wp-image-13167\" srcset=\"https:\/\/www.suwena.net\/wp-content\/uploads\/2017\/12\/P1300927-1440x810.jpg 1440w, https:\/\/www.suwena.net\/wp-content\/uploads\/2017\/12\/P1300927-300x169.jpg 300w, https:\/\/www.suwena.net\/wp-content\/uploads\/2017\/12\/P1300927-768x432.jpg 768w\" sizes=\"(max-width: 1440px) 100vw, 1440px\" \/><\/a><figcaption id=\"caption-attachment-13167\" class=\"wp-caption-text\">Eve Carlos V portilla Viveirossa Espanjassa<\/figcaption><\/figure><br \/>\n<figure id=\"attachment_13171\" aria-describedby=\"caption-attachment-13171\" style=\"width: 1440px\" class=\"wp-caption alignnone\"><a href=\"https:\/\/www.suwena.net\/wp-content\/uploads\/2017\/12\/P1310019.jpg\"><img loading=\"lazy\" width=\"1440\" height=\"810\" src=\"https:\/\/www.suwena.net\/wp-content\/uploads\/2017\/12\/P1310019-1440x810.jpg\" alt=\"Viveiron vanha kaupunki Espanjassa\" class=\"size-featured-blog-large wp-image-13171\" srcset=\"https:\/\/www.suwena.net\/wp-content\/uploads\/2017\/12\/P1310019-1440x810.jpg 1440w, https:\/\/www.suwena.net\/wp-content\/uploads\/2017\/12\/P1310019-300x169.jpg 300w, https:\/\/www.suwena.net\/wp-content\/uploads\/2017\/12\/P1310019-768x432.jpg 768w\" sizes=\"(max-width: 1440px) 100vw, 1440px\" \/><\/a><figcaption id=\"caption-attachment-13171\" class=\"wp-caption-text\">Viveiron vanha kaupunki Espanjassa<\/figcaption><\/figure><br \/>\nSeuraavana aamuna emme uskoneet silmi\u00e4mme, sill\u00e4 naapuriksemme oli y\u00f6n aikana saapunut toinen suomalaisvene. S\/Y My Joy oli ylitt\u00e4nyt Biskajan suoraan Bretagnesta. Keskell\u00e4 Biskajanlahtea oli kuulemma ollut kovempaa keli\u00e4, joten hekin olivat k\u00e4\u00e4ntyneet aiemmin etel\u00e4\u00e4n lyhent\u00e4\u00e4kseen matkaa A Coru\u00f1aan. Just nyt he tarvitsivat hyvin ansaitun levon, \ud83d\ude42 mutta my\u00f6hemmin juttelimme lis\u00e4\u00e4 purjehduksesta.<\/p>\n<p>Viveiron halki virtaa Landro-joki, joka jatkuu mutkitellen siltojen j\u00e4lkeen kohti vuoristoa. Kuulimme, ett\u00e4 jokivarressa on kiva ja hyvin hoidettu k\u00e4velypolku ja niinp\u00e4 heitimme lenkkarit jalkaan ja l\u00e4hdimme baanalle. Aluksi joki kulki alangolla, joka j\u00e4\u00e4 tulvaveden alle korkeimmilla yl\u00e4vesill\u00e4. Sen j\u00e4lkeen astuimme kauniiseen jokimaisemaan. 12 kilsan k\u00e4velylenkki oli ehdottomasti vaivan arvoinen.<br \/>\n<figure id=\"attachment_13175\" aria-describedby=\"caption-attachment-13175\" style=\"width: 1440px\" class=\"wp-caption alignnone\"><a href=\"https:\/\/www.suwena.net\/wp-content\/uploads\/2017\/12\/P1310011.jpg\"><img loading=\"lazy\" width=\"1440\" height=\"810\" src=\"https:\/\/www.suwena.net\/wp-content\/uploads\/2017\/12\/P1310011-1440x810.jpg\" alt=\"K\u00e4velypolku Landro-joen varrella Viveirossa Espanjassa\" class=\"size-featured-blog-large wp-image-13175\" srcset=\"https:\/\/www.suwena.net\/wp-content\/uploads\/2017\/12\/P1310011-1440x810.jpg 1440w, https:\/\/www.suwena.net\/wp-content\/uploads\/2017\/12\/P1310011-300x169.jpg 300w, https:\/\/www.suwena.net\/wp-content\/uploads\/2017\/12\/P1310011-768x432.jpg 768w\" sizes=\"(max-width: 1440px) 100vw, 1440px\" \/><\/a><figcaption id=\"caption-attachment-13175\" class=\"wp-caption-text\">K\u00e4velypolku Landro-joen varrella Viveirossa Espanjassa<\/figcaption><\/figure><br \/>\n<figure id=\"attachment_13179\" aria-describedby=\"caption-attachment-13179\" style=\"width: 1440px\" class=\"wp-caption alignnone\"><a href=\"https:\/\/www.suwena.net\/wp-content\/uploads\/2017\/12\/P1310008.jpg\"><img loading=\"lazy\" width=\"1440\" height=\"810\" src=\"https:\/\/www.suwena.net\/wp-content\/uploads\/2017\/12\/P1310008-1440x810.jpg\" alt=\"Landro-joki Viveirossa Espanjassa\" class=\"size-featured-blog-large wp-image-13179\" srcset=\"https:\/\/www.suwena.net\/wp-content\/uploads\/2017\/12\/P1310008-1440x810.jpg 1440w, https:\/\/www.suwena.net\/wp-content\/uploads\/2017\/12\/P1310008-300x169.jpg 300w, https:\/\/www.suwena.net\/wp-content\/uploads\/2017\/12\/P1310008-768x432.jpg 768w\" sizes=\"(max-width: 1440px) 100vw, 1440px\" \/><\/a><figcaption id=\"caption-attachment-13179\" class=\"wp-caption-text\">Landro-joki Viveirossa Espanjassa<\/figcaption><\/figure><br \/>\nPitkin p\u00e4iv\u00e4\u00e4 pyssyt paukkuivat kaupungilla kaikuen ymp\u00e4ri vuoria ja ihmettelimme kovasti, mist\u00e4 t\u00e4ss\u00e4 on kyse? Aina noin muutaman tunnin v\u00e4lein kuulimme useita kovia pamauksia, jotka liittyiv\u00e4t festivaalikauden tapahtumaan. Se, ett\u00e4 mik\u00e4 festari, j\u00e4i meille ep\u00e4selv\u00e4ksi. Musiikkiesityksi\u00e4 oli kaupungin keskustassa joka ilta. Ihmiset tanssivat b\u00e4ndien soitellessa lavalla samalla, kun toiset seurailivat vierest\u00e4 nauttien illasta viinilasillisen kera. Kaiken kaikkiaan Viveirossa oli tosi rento meininki.<br \/>\n<figure id=\"attachment_13183\" aria-describedby=\"caption-attachment-13183\" style=\"width: 1440px\" class=\"wp-caption alignnone\"><a href=\"https:\/\/www.suwena.net\/wp-content\/uploads\/2017\/12\/P1310027.jpg\"><img loading=\"lazy\" width=\"1440\" height=\"810\" src=\"https:\/\/www.suwena.net\/wp-content\/uploads\/2017\/12\/P1310027-1440x810.jpg\" alt=\"Eve galicialaisella illallisella Viveirossa Espanjassa\" class=\"size-featured-blog-large wp-image-13183\" srcset=\"https:\/\/www.suwena.net\/wp-content\/uploads\/2017\/12\/P1310027-1440x810.jpg 1440w, https:\/\/www.suwena.net\/wp-content\/uploads\/2017\/12\/P1310027-300x169.jpg 300w, https:\/\/www.suwena.net\/wp-content\/uploads\/2017\/12\/P1310027-768x432.jpg 768w\" sizes=\"(max-width: 1440px) 100vw, 1440px\" \/><\/a><figcaption id=\"caption-attachment-13183\" class=\"wp-caption-text\">Eve galicialaisella illallisella Viveirossa Espanjassa<\/figcaption><\/figure><br \/>\n<figure id=\"attachment_13187\" aria-describedby=\"caption-attachment-13187\" style=\"width: 1440px\" class=\"wp-caption alignnone\"><a href=\"https:\/\/www.suwena.net\/wp-content\/uploads\/2017\/12\/P1310034.jpg\"><img loading=\"lazy\" width=\"1440\" height=\"810\" src=\"https:\/\/www.suwena.net\/wp-content\/uploads\/2017\/12\/P1310034-1440x810.jpg\" alt=\"Iltatanssit Viveirossa Espanjassa\" class=\"size-featured-blog-large wp-image-13187\" srcset=\"https:\/\/www.suwena.net\/wp-content\/uploads\/2017\/12\/P1310034-1440x810.jpg 1440w, https:\/\/www.suwena.net\/wp-content\/uploads\/2017\/12\/P1310034-300x169.jpg 300w, https:\/\/www.suwena.net\/wp-content\/uploads\/2017\/12\/P1310034-768x432.jpg 768w\" sizes=\"(max-width: 1440px) 100vw, 1440px\" \/><\/a><figcaption id=\"caption-attachment-13187\" class=\"wp-caption-text\">Iltatanssit Viveirossa Espanjassa<\/figcaption><\/figure><br \/>\nNelj\u00e4n Viveiron p\u00e4iv\u00e4n j\u00e4lkeen oli aika l\u00e4hte\u00e4 kes\u00e4n viimeiselle legille kohti Sadaa, Suwenan tulevaa talvikotia.<\/p>\n","protected":false},"excerpt":{"rendered":"<p>Tuulta ei ollut edelleenk\u00e4\u00e4n, kun purjehdimme Gijonista Viveiroon. Muutama muukin vene matkasi l\u00e4nteen samaan aikaan. Aina silloin t\u00e4ll\u00f6in joku veneist\u00e4 yritti nostaa purjeet, mutta pian jokainen palasi peltigenoan huomaan. 82 merimailin kuluttua saavuimme Viveiroon. K\u00e4\u00e4nnytty\u00e4mme etel\u00e4\u00e4n ja saavuttuamme rialle tyk\u00e4styimme<\/p>\n","protected":false},"author":2,"featured_media":13183,"comment_status":"open","ping_status":"open","sticky":false,"template":"","format":"standard","meta":[],"seasons":[21],"_links":{"self":[{"href":"https:\/\/www.suwena.net\/fi\/wp-json\/wp\/v2\/posts\/13189"}],"collection":[{"href":"https:\/\/www.suwena.net\/fi\/wp-json\/wp\/v2\/posts"}],"about":[{"href":"https:\/\/www.suwena.net\/fi\/wp-json\/wp\/v2\/types\/post"}],"author":[{"embeddable":true,"href":"https:\/\/www.suwena.net\/fi\/wp-json\/wp\/v2\/users\/2"}],"replies":[{"embeddable":true,"href":"https:\/\/www.suwena.net\/fi\/wp-json\/wp\/v2\/comments?post=13189"}],"version-history":[{"count":0,"href":"https:\/\/www.suwena.net\/fi\/wp-json\/wp\/v2\/posts\/13189\/revisions"}],"wp:featuredmedia":[{"embeddable":true,"href":"https:\/\/www.suwena.net\/fi\/wp-json\/wp\/v2\/media\/13183"}],"wp:attachment":[{"href":"https:\/\/www.suwena.net\/fi\/wp-json\/wp\/v2\/media?parent=13189"}],"wp:term":[{"taxonomy":"seasons","embeddable":true,"href":"https:\/\/www.suwena.net\/fi\/wp-json\/wp\/v2\/seasons?post=13189"}],"curies":[{"name":"wp","href":"https:\/\/api.w.org\/{rel}","templated":true}]}}