
{"id":13255,"date":"2018-02-04T19:45:27","date_gmt":"2018-02-04T19:45:27","guid":{"rendered":"https:\/\/www.suwena.net\/sada-17-7-19-7\/"},"modified":"2019-12-23T19:54:49","modified_gmt":"2019-12-23T19:54:49","slug":"sada-17-7-19-7","status":"publish","type":"post","link":"https:\/\/www.suwena.net\/fi\/sada-17-7-19-7\/","title":{"rendered":"Sada 17.7. &#8211; 19.7."},"content":{"rendered":"<p>Kes\u00e4purjehduksen viimeinen legi oli viel\u00e4 edess\u00e4, kun l\u00e4hdimme matkaan aamup\u00e4iv\u00e4ll\u00e4 9.30. Tavoitteenamme oli saapua hyviss\u00e4 ajoin Marina Sadaan, tulevaan talvehtimissatamaamme. Matkaahan oli reilu 50 mailia.<\/p>\n<p>Kevyt vastatuuli oli kaverina r\u00edalta ulos ajaessamme, joten moottoripurjehdimme alkumatkan. Ohitettuamme Capo Ortegan niemen sen l\u00e4nsipuolella tuuli nousi yht\u00e4kki\u00e4 18 solmuun ja matka taittui makeasti purjeilla sivumy\u00f6t\u00e4isess\u00e4 kohti A Coru\u00f1aa. <\/p>\n<p>Niemen l\u00e4nsipuolella tuuli my\u00f6s nosti yll\u00e4tt\u00e4v\u00e4n jyrk\u00e4n aallokon. Lieneek\u00f6 merivirroilla olisi ollut sormensa peliss\u00e4. Niinkin houkuttelevasti nimetty merialue kuten kuolemanrannikko eli Costa da Morte alkaa virallisesti vasta A Coru\u00f1an etel\u00e4puolella, mutta n\u00e4ytti tuuli saavan aikaan t\u00e4\u00e4ll\u00e4 pohjoispuolella melkoisen sotkumeren. <\/p>\n<p>Eip\u00e4 aikaakaan, kun VHF:ll\u00e4 kuului hyvin h\u00e4t\u00e4inen mayday-kutsu. Miehist\u00f6n \u00e4\u00e4nest\u00e4 v\u00e4littyi todellinen h\u00e4t\u00e4, kun he kielimuurista huolimatta keskustelivat rannikkovartioston kanssa tilanteestansa ranskan, englannin ja espanjan kielill\u00e4 sekaisin. Jonkin ajan kuluttua selvisi, ett\u00e4 vene on ohjailukyvyt\u00f6n. Joka aallolla per\u00e4sin nousi vedest\u00e4 ja vene pyrki k\u00e4\u00e4ntym\u00e4\u00e4n poikittain jyrk\u00e4ss\u00e4 aallokossa. Voi kyll\u00e4 kuvitella, kuinka siin\u00e4 jyrk\u00e4ss\u00e4 aallokossa pelotti, kun ei pystynyt ohjaamaan venett\u00e4. Heid\u00e4n ilmoittamiensa koordinaattien perusteella he olivat noin viisi mailia per\u00e4ss\u00e4mme tulossa samaan suuntaan. AIS:sta Andrus n\u00e4ki, ett\u00e4 heist\u00e4 noin mailin p\u00e4\u00e4ss\u00e4 oli toinen vene kulussa heid\u00e4n kanssa rinnakkain. Olimme jo k\u00e4\u00e4ntym\u00e4ss\u00e4 palataksemme heid\u00e4n luo, kun l\u00e4hemp\u00e4n\u00e4 oleva vene ilmoitti k\u00e4\u00e4ntyv\u00e4ns\u00e4 heid\u00e4n avukseen. Meid\u00e4n viisi mailia olisi ollut hidasta vastatuuleen ja vasta-aallokkoon kryssimist\u00e4. Lis\u00e4ksi meripelastusalus l\u00e4hti matkaan l\u00e4heisest\u00e4 Cedeiran rannikkokyl\u00e4st\u00e4. Onneksi kaikki p\u00e4\u00e4ttyi hyvin noin tuntia my\u00f6hemmin, kun he olivat p\u00e4\u00e4sseet pahimman aallokon ohi ja p\u00e4\u00e4siv\u00e4t jatkamaan omin avuin matkaansa.<\/p>\n<p>Loppu matkan nautimme t\u00e4ysin rinnoin purjehduksesta kes\u00e4n viimeisell\u00e4 legill\u00e4mme. Purjehtiessamme ylv\u00e4\u00e4sti Coru\u00f1an ohi zoomailimme maisemia sill\u00e4 mielin, ett\u00e4 &#8220;tuonne sit\u00e4 ensi kes\u00e4n\u00e4 sitten suunnataan&#8221;. Monelle pitk\u00e4n matkan purjehtijalle Coru\u00f1a on yksi t\u00e4rkeimmist\u00e4 etapeista, sill\u00e4 pohjoiseen j\u00e4\u00e4 Biskajanlahti ja Pohjois-Eurooppa ja Espanjan Galiciasta alkaa selke\u00e4sti Etel\u00e4-Eurooppa. Me kuitenkin suuntasimme nyt syvemm\u00e4lle rioille. A Coru\u00f1an edustalta nimitt\u00e4in avautuu kolme toisistaan haarautuvaa r\u00edaa: R\u00eda de Coru\u00f1a, R\u00eda de Betanzos ja R\u00eda de Ferrol. Meid\u00e4n matka vei keskimm\u00e4isen Betanzos lahden per\u00e4lle, jossa Marina Sada odotti meit\u00e4.<br \/>\n<figure id=\"attachment_13229\" aria-describedby=\"caption-attachment-13229\" style=\"width: 1440px\" class=\"wp-caption alignnone\"><a href=\"https:\/\/www.suwena.net\/wp-content\/uploads\/2018\/02\/P1310096_0.jpg\"><img loading=\"lazy\" width=\"1440\" height=\"810\" src=\"https:\/\/www.suwena.net\/wp-content\/uploads\/2018\/02\/P1310096_0-1440x810.jpg\" alt=\"Suwena l\u00e4hestyy Sadaa R\u00eda de Betanzos lahdella\" class=\"size-featured-blog-large wp-image-13229\" srcset=\"https:\/\/www.suwena.net\/wp-content\/uploads\/2018\/02\/P1310096_0-1440x810.jpg 1440w, https:\/\/www.suwena.net\/wp-content\/uploads\/2018\/02\/P1310096_0-300x169.jpg 300w, https:\/\/www.suwena.net\/wp-content\/uploads\/2018\/02\/P1310096_0-768x432.jpg 768w\" sizes=\"(max-width: 1440px) 100vw, 1440px\" \/><\/a><figcaption id=\"caption-attachment-13229\" class=\"wp-caption-text\">Suwena l\u00e4hestyy Sadaa R\u00eda de Betanzos lahdella<\/figcaption><\/figure><br \/>\nSe kirjaimellisesti odotti meit\u00e4, sill\u00e4 olimme varanneet <a href=\"http:\/\/www.marinasada.com\" taget=\"_blank\">Marina Sadasta<\/a> talvipaikan Suwenalle, mutta emme olleet ilmoittaneet tarkkaa saapumisaikaamme. Oli mukava yll\u00e4tys, kun satamakapteeni riensi laiturille meit\u00e4 vastaan mukanaan meille satamaan etuk\u00e4teen l\u00e4hetetty paketti. T\u00e4m\u00e4 oli kyll\u00e4 ensimm\u00e4inen kerta, kun saapuva paketti tuotiin veneelle saakka. Meille kun ty\u00f6n vuoksi n\u00e4it\u00e4 paketteja saapuu eri satamiin v\u00e4h\u00e4n v\u00e4li\u00e4.<br \/>\n<figure id=\"attachment_13233\" aria-describedby=\"caption-attachment-13233\" style=\"width: 1440px\" class=\"wp-caption alignnone\"><a href=\"https:\/\/www.suwena.net\/wp-content\/uploads\/2018\/02\/P1310112.jpg\"><img loading=\"lazy\" width=\"1440\" height=\"810\" src=\"https:\/\/www.suwena.net\/wp-content\/uploads\/2018\/02\/P1310112-1440x810.jpg\" alt=\"Marina Sada Espanjassa\" class=\"size-featured-blog-large wp-image-13233\" srcset=\"https:\/\/www.suwena.net\/wp-content\/uploads\/2018\/02\/P1310112-1440x810.jpg 1440w, https:\/\/www.suwena.net\/wp-content\/uploads\/2018\/02\/P1310112-300x169.jpg 300w, https:\/\/www.suwena.net\/wp-content\/uploads\/2018\/02\/P1310112-768x432.jpg 768w\" sizes=\"(max-width: 1440px) 100vw, 1440px\" \/><\/a><figcaption id=\"caption-attachment-13233\" class=\"wp-caption-text\">Marina Sada Espanjassa<\/figcaption><\/figure><br \/>\nSatamakapteeni heti osoitti meille varatun paikan ja neuvoi yst\u00e4v\u00e4llisesti sataman toiminnot ja l\u00e4hikaupat jne. Siit\u00e4 alkoikin kova tohina j\u00e4rjest\u00e4\u00e4 Suwena talvikuntoon. Olimme varanneet Suwenalle laituripaikan vedest\u00e4 talveksi. Loppu kes\u00e4n aikana meid\u00e4n talvisuunnitelmat kuitenkin selkiytyiv\u00e4t ja tiesimme, ett\u00e4 tulevana talvena meill\u00e4 ei todenn\u00e4k\u00f6isesti ole aikaa k\u00e4yd\u00e4 veneell\u00e4 muutaman kuukauden v\u00e4lein, joten p\u00e4\u00e4timme nostaa veneen maihin. Vaikka aikaa oli vain pari p\u00e4iv\u00e4\u00e4, niin satamakapteeni j\u00e4rjesti nasakasti nosturin. Suwena on ollut viimeksi talven maissa viisi vuotta sitten. Toki joka kev\u00e4t vene on nostettu viikoksi maihin pohjat\u00f6it\u00e4 varten. On ollut hienoa huomata, ett\u00e4 vaikka maat ovat matkallamme vaihtuneet, j\u00e4lleen Suwena oli ammattitaitoisten ihmisten k\u00e4siss\u00e4, kun Suwena kauniisti nousi vedest\u00e4 ja siirtyi omalle paikalleen talvehtimaan.<br \/>\n<figure id=\"attachment_13237\" aria-describedby=\"caption-attachment-13237\" style=\"width: 1440px\" class=\"wp-caption alignnone\"><a href=\"https:\/\/www.suwena.net\/wp-content\/uploads\/2018\/02\/P1310124.jpg\"><img loading=\"lazy\" width=\"1440\" height=\"810\" src=\"https:\/\/www.suwena.net\/wp-content\/uploads\/2018\/02\/P1310124-1440x810.jpg\" alt=\"Suwenan nosto Marina Sadassa Espanjassa\" class=\"size-featured-blog-large wp-image-13237\" srcset=\"https:\/\/www.suwena.net\/wp-content\/uploads\/2018\/02\/P1310124-1440x810.jpg 1440w, https:\/\/www.suwena.net\/wp-content\/uploads\/2018\/02\/P1310124-300x169.jpg 300w, https:\/\/www.suwena.net\/wp-content\/uploads\/2018\/02\/P1310124-768x432.jpg 768w\" sizes=\"(max-width: 1440px) 100vw, 1440px\" \/><\/a><figcaption id=\"caption-attachment-13237\" class=\"wp-caption-text\">Suwenan nosto Marina Sadassa Espanjassa<\/figcaption><\/figure><br \/>\nSadassa on samassa satama-altaassa kaksi satamaa: veneseuran satama ja Puerto Deportivo Marina Sada ja Suwena viett\u00e4\u00e4 talven j\u00e4lkimm\u00e4isess\u00e4. El\u00e4m\u00e4\u00e4 helpottaa, kun suoraan marinan vieress\u00e4 on iso Carrefour supermarket. Samalla kun kahdessa p\u00e4iv\u00e4ss\u00e4 piti vene siivota, laittaa tavarat talvikuntoon, huolehtia kaikista laitteista talviasetuksineen ja tietysti pakata, niin oli mukavaa, ett\u00e4 yacht clubin ravintola oli ihan vieress\u00e4. Siin\u00e4 veneen j\u00e4\u00e4kaapin sulaessa, saimme nauttia veneseuran herkullisesta galicialaisesta ruoasta.<br \/>\n<figure id=\"attachment_13241\" aria-describedby=\"caption-attachment-13241\" style=\"width: 1440px\" class=\"wp-caption alignnone\"><a href=\"https:\/\/www.suwena.net\/wp-content\/uploads\/2018\/02\/P1310134.jpg\"><img loading=\"lazy\" width=\"1440\" height=\"810\" src=\"https:\/\/www.suwena.net\/wp-content\/uploads\/2018\/02\/P1310134-1440x810.jpg\" alt=\"R\u00eda de Betanzos Galiciassa Espanjassa\" class=\"size-featured-blog-large wp-image-13241\" srcset=\"https:\/\/www.suwena.net\/wp-content\/uploads\/2018\/02\/P1310134-1440x810.jpg 1440w, https:\/\/www.suwena.net\/wp-content\/uploads\/2018\/02\/P1310134-300x169.jpg 300w, https:\/\/www.suwena.net\/wp-content\/uploads\/2018\/02\/P1310134-768x432.jpg 768w\" sizes=\"(max-width: 1440px) 100vw, 1440px\" \/><\/a><figcaption id=\"caption-attachment-13241\" class=\"wp-caption-text\">R\u00eda de Betanzos Galiciassa Espanjassa<\/figcaption><\/figure><br \/>\n<figure id=\"attachment_13245\" aria-describedby=\"caption-attachment-13245\" style=\"width: 1440px\" class=\"wp-caption alignnone\"><a href=\"https:\/\/www.suwena.net\/wp-content\/uploads\/2018\/02\/P1310101.jpg\"><img loading=\"lazy\" width=\"1440\" height=\"810\" src=\"https:\/\/www.suwena.net\/wp-content\/uploads\/2018\/02\/P1310101-1440x810.jpg\" alt=\"Pojat kalassa Sadan satamassa Espanjassa\" class=\"size-featured-blog-large wp-image-13245\" srcset=\"https:\/\/www.suwena.net\/wp-content\/uploads\/2018\/02\/P1310101-1440x810.jpg 1440w, https:\/\/www.suwena.net\/wp-content\/uploads\/2018\/02\/P1310101-300x169.jpg 300w, https:\/\/www.suwena.net\/wp-content\/uploads\/2018\/02\/P1310101-768x432.jpg 768w\" sizes=\"(max-width: 1440px) 100vw, 1440px\" \/><\/a><figcaption id=\"caption-attachment-13245\" class=\"wp-caption-text\">Pojat kalassa Sadan satamassa Espanjassa<\/figcaption><\/figure><br \/>\nSatamassa oli my\u00f6s yksi monipuolinen <a href=\"http:\/\/www.cadenote.com\" target=\"_blank\" rel=\"noopener noreferrer\">veneliike Cadenote<\/a>, josta saa palveluja purjekorjauksesta moottorihuoltoihin saakka. Mekin veimme kes\u00e4ll\u00e4 revenneen biminimme korjaukseen, jonka sitten ensi kev\u00e4\u00e4ll\u00e4 saamme korjattuna j\u00e4lleen asentaa takaisin.<\/p>\n<p>Kaupunkina Sada on pieni Coru\u00f1an l\u00e4hi\u00f6kaupunki. Matkaa autolla on vain 18 kilometri\u00e4 Coru\u00f1aan, joten kotimatkamme alkoi lyhyehk\u00f6ll\u00e4 taksimatkalla Coru\u00f1an lentokent\u00e4lle. N\u00e4in se j\u00e4lleen yksi venekes\u00e4 tuli valmiiksi, jota on pitk\u00e4 talvi aikaa muistella ennen uusia purjehdusmatkojamme.<br \/>\n<figure id=\"attachment_13249\" aria-describedby=\"caption-attachment-13249\" style=\"width: 1440px\" class=\"wp-caption alignnone\"><a href=\"https:\/\/www.suwena.net\/wp-content\/uploads\/2018\/02\/P1310130.jpg\"><img loading=\"lazy\" width=\"1440\" height=\"810\" src=\"https:\/\/www.suwena.net\/wp-content\/uploads\/2018\/02\/P1310130-1440x810.jpg\" alt=\"Sadan ranta Espanjassa\" class=\"size-featured-blog-large wp-image-13249\" srcset=\"https:\/\/www.suwena.net\/wp-content\/uploads\/2018\/02\/P1310130-1440x810.jpg 1440w, https:\/\/www.suwena.net\/wp-content\/uploads\/2018\/02\/P1310130-300x169.jpg 300w, https:\/\/www.suwena.net\/wp-content\/uploads\/2018\/02\/P1310130-768x432.jpg 768w\" sizes=\"(max-width: 1440px) 100vw, 1440px\" \/><\/a><figcaption id=\"caption-attachment-13249\" class=\"wp-caption-text\">Sadan ranta Espanjassa<\/figcaption><\/figure><br \/>\n<figure id=\"attachment_13253\" aria-describedby=\"caption-attachment-13253\" style=\"width: 1440px\" class=\"wp-caption alignnone\"><a href=\"https:\/\/www.suwena.net\/wp-content\/uploads\/2018\/02\/P1310142.jpg\"><img loading=\"lazy\" width=\"1440\" height=\"810\" src=\"https:\/\/www.suwena.net\/wp-content\/uploads\/2018\/02\/P1310142-1440x810.jpg\" alt=\"La Terraza pitsihuvila Sadassa Espanjassa\" class=\"size-featured-blog-large wp-image-13253\" srcset=\"https:\/\/www.suwena.net\/wp-content\/uploads\/2018\/02\/P1310142-1440x810.jpg 1440w, https:\/\/www.suwena.net\/wp-content\/uploads\/2018\/02\/P1310142-300x169.jpg 300w, https:\/\/www.suwena.net\/wp-content\/uploads\/2018\/02\/P1310142-768x432.jpg 768w\" sizes=\"(max-width: 1440px) 100vw, 1440px\" \/><\/a><figcaption id=\"caption-attachment-13253\" class=\"wp-caption-text\">La Terraza pitsihuvila Sadassa Espanjassa<\/figcaption><\/figure><\/p>\n","protected":false},"excerpt":{"rendered":"<p>Kes\u00e4purjehduksen viimeinen legi oli viel\u00e4 edess\u00e4, kun l\u00e4hdimme matkaan aamup\u00e4iv\u00e4ll\u00e4 9.30. Tavoitteenamme oli saapua hyviss\u00e4 ajoin Marina Sadaan, tulevaan talvehtimissatamaamme. Matkaahan oli reilu 50 mailia. Kevyt vastatuuli oli kaverina r\u00edalta ulos ajaessamme, joten moottoripurjehdimme alkumatkan. Ohitettuamme Capo Ortegan niemen sen<\/p>\n","protected":false},"author":2,"featured_media":13237,"comment_status":"open","ping_status":"open","sticky":false,"template":"","format":"standard","meta":[],"seasons":[21],"_links":{"self":[{"href":"https:\/\/www.suwena.net\/fi\/wp-json\/wp\/v2\/posts\/13255"}],"collection":[{"href":"https:\/\/www.suwena.net\/fi\/wp-json\/wp\/v2\/posts"}],"about":[{"href":"https:\/\/www.suwena.net\/fi\/wp-json\/wp\/v2\/types\/post"}],"author":[{"embeddable":true,"href":"https:\/\/www.suwena.net\/fi\/wp-json\/wp\/v2\/users\/2"}],"replies":[{"embeddable":true,"href":"https:\/\/www.suwena.net\/fi\/wp-json\/wp\/v2\/comments?post=13255"}],"version-history":[{"count":0,"href":"https:\/\/www.suwena.net\/fi\/wp-json\/wp\/v2\/posts\/13255\/revisions"}],"wp:featuredmedia":[{"embeddable":true,"href":"https:\/\/www.suwena.net\/fi\/wp-json\/wp\/v2\/media\/13237"}],"wp:attachment":[{"href":"https:\/\/www.suwena.net\/fi\/wp-json\/wp\/v2\/media?parent=13255"}],"wp:term":[{"taxonomy":"seasons","embeddable":true,"href":"https:\/\/www.suwena.net\/fi\/wp-json\/wp\/v2\/seasons?post=13255"}],"curies":[{"name":"wp","href":"https:\/\/api.w.org\/{rel}","templated":true}]}}