
{"id":13573,"date":"2018-06-23T16:15:19","date_gmt":"2018-06-23T16:15:19","guid":{"rendered":"https:\/\/www.suwena.net\/muxia-29-5-1-6\/"},"modified":"2020-01-06T19:51:34","modified_gmt":"2020-01-06T19:51:34","slug":"muxia-29-5-1-6","status":"publish","type":"post","link":"https:\/\/www.suwena.net\/fi\/muxia-29-5-1-6\/","title":{"rendered":"Muxia 29.5. \u2013 1.6."},"content":{"rendered":"<p>N\u00e4in Galisian r\u00edoilla seilatessamme p\u00e4iv\u00e4matkat ovat edellisi\u00e4 kesi\u00e4mme paljon lyhyempi\u00e4. A Coru\u00f1asta Muxiaan matka oli t\u00e4m\u00e4n kes\u00e4n yksi pisimpi\u00e4, 46 merimailia. <\/p>\n<p>Kun l\u00e4hdimme A Coru\u00f1asta, l\u00e4hti nelj\u00e4 muutakin venett\u00e4 matkaan kohti etel\u00e4\u00e4. Pian ohitettuamme Herkuleen tornin, roomalaisten viimeisen k\u00e4yt\u00f6ss\u00e4 olevan majakan, nousi rannikon l\u00e4heisyyteen sumu. Purjehdimme juurikin kuuluisalla Costa da Morten rannikolla, jossa aikojen saatossa on lukuisia purjelaivoja haaksirikkoutunut. Opaskirjat suosittelivat kulkemaan v\u00e4hint\u00e4\u00e4n mailin et\u00e4isyydell\u00e4 rannikosta. Me purjehdimme 1,5 mailin et\u00e4isyydell\u00e4, ja olimme vuorotellen t\u00e4ysin sumun sis\u00e4ll\u00e4 tai aurinkoisella merell\u00e4. Ei tarvitse ihmetell\u00e4, mist\u00e4 kuolemanrannikko on vieh\u00e4tt\u00e4v\u00e4n nimens\u00e4 saanut? Kun pitk\u00e4t Pohjois-Atlantin myrskyjen nostamat aallot vy\u00f6ryv\u00e4t t\u00e4nne Espanjan luoteisnurkalle ja 0.5 &#8211; 1 solmun merivirta virtaa etel\u00e4\u00e4n, t\u00e4h\u00e4n viel\u00e4 lis\u00e4t\u00e4\u00e4n sumu, niin melko soppa on valmiina.<\/p>\n<p>L\u00e4hdimme t\u00e4ysin tuulettomassa s\u00e4\u00e4ss\u00e4. Kun k\u00e4\u00e4nnyimme kohti etel\u00e4\u00e4 Islas Sisargasin kohdalla, antoi tuuli pient\u00e4 vinkki\u00e4, ett\u00e4 se voisi noustakin. Kuten olemme ennenkin huomanneet, niin ranskalaiset ovat todellakin Euroopan purjehtijakansaa. Nytkin ranskalaisvene nosti purjeet ensimm\u00e4isen\u00e4 viidest\u00e4 veneest\u00e4. Mekin purjehdimme pienen matkaa, mutta tuuli vaihteli ja lopulta se ei kerrassaan jaksanut puhaltaa. Purjeet vain paukkuivat ik\u00e4v\u00e4sti Atlantin maininkien vy\u00f6ryess\u00e4 ja rullatessa venett\u00e4. Se ei kyll\u00e4 ollut kivaa lainkaan, joten siirryimme moottorin voimaan. V\u00e4h\u00e4n my\u00f6hemmin my\u00f6s ranskalaisvene luovutti ja seurasi muita veneit\u00e4 peltigenoan voimin.<\/p>\n<p>Muxia sijaitsee R\u00eda de Camari\u00f1as lahden etel\u00e4reunalla vasta p\u00e4\u00e4t\u00e4 Camari\u00f1as kyl\u00e4n satamaa. Sek\u00e4 Camari\u00f1as ett\u00e4 Muxia kumpikin vaikuttivat houkuttelevilta kalastajakylilt\u00e4, ja lopulta me p\u00e4\u00e4timme, ett\u00e4 kokeillaan Muxiaa. P\u00e4\u00e4t\u00f6s osoittautui kerrassaan mainioksi. L\u00e4hes upouusi marina tukevine laitureineen ja ennen kaikkea satama oli suojattu oikeaoppisesti kahdella aallonmurtajalla. Vaikka merell\u00e4 vy\u00f6ryi 2-metrinen swelli, niin Suwena oli kuin maissa, t\u00e4ysin liikkumatta vedess\u00e4. My\u00f6s satamahenkil\u00f6kunta oli todella yst\u00e4v\u00e4llist\u00e4. Ainoastaan sataman WiFi oli rikki. Eiv\u00e4tk\u00e4 he saaneet sit\u00e4 korjattua meid\u00e4n aikana. He antoivat auliisti Muxian kaupungintalon WiFin salasanan v\u00e4h\u00e4n siihen malliin, ett\u00e4 n\u00e4in on k\u00e4ynyt ennenkin \ud83d\ude42<br \/>\n<figure id=\"attachment_13547\" aria-describedby=\"caption-attachment-13547\" style=\"width: 1440px\" class=\"wp-caption alignnone\"><a href=\"https:\/\/www.suwena.net\/wp-content\/uploads\/2018\/06\/P1011152.jpg\"><img loading=\"lazy\" width=\"1440\" height=\"810\" src=\"https:\/\/www.suwena.net\/wp-content\/uploads\/2018\/06\/P1011152-1440x810.jpg\" alt=\"R\u00eda de Camari\u00f1as, Galicia\" class=\"size-featured-blog-large wp-image-13547\" srcset=\"https:\/\/www.suwena.net\/wp-content\/uploads\/2018\/06\/P1011152-1440x810.jpg 1440w, https:\/\/www.suwena.net\/wp-content\/uploads\/2018\/06\/P1011152-300x169.jpg 300w, https:\/\/www.suwena.net\/wp-content\/uploads\/2018\/06\/P1011152-768x432.jpg 768w, https:\/\/www.suwena.net\/wp-content\/uploads\/2018\/06\/P1011152-1438x810.jpg 1438w\" sizes=\"(max-width: 1440px) 100vw, 1440px\" \/><\/a><figcaption id=\"caption-attachment-13547\" class=\"wp-caption-text\">R\u00eda de Camari\u00f1as, Galicia<\/figcaption><\/figure><br \/>\nKyl\u00e4n kokoon n\u00e4hden Muxiassa oli suhteellisen monta ravintolaa, joista kahdessa ainakin oli eritt\u00e4in herkullinen ruoka ja yst\u00e4v\u00e4llinen palvelu. Ravintoloiden m\u00e4\u00e4r\u00e4\u00e4n vaikuttaa varmaankin se, ett\u00e4 apostoli Jaakob on aikoinaan tullut maihin juuri Muxiassa. N\u00e4in ollen Muxia on yksi Camino de Santiagon pyhiinvaellusreittien p\u00e4\u00e4tepisteist\u00e4.<br \/>\n<figure id=\"attachment_13551\" aria-describedby=\"caption-attachment-13551\" style=\"width: 1440px\" class=\"wp-caption alignnone\"><a href=\"https:\/\/www.suwena.net\/wp-content\/uploads\/2018\/06\/P1011153.jpg\"><img loading=\"lazy\" width=\"1440\" height=\"810\" src=\"https:\/\/www.suwena.net\/wp-content\/uploads\/2018\/06\/P1011153-1440x810.jpg\" alt=\"Muxia, Galicia\" class=\"size-featured-blog-large wp-image-13551\" srcset=\"https:\/\/www.suwena.net\/wp-content\/uploads\/2018\/06\/P1011153-1440x810.jpg 1440w, https:\/\/www.suwena.net\/wp-content\/uploads\/2018\/06\/P1011153-300x169.jpg 300w, https:\/\/www.suwena.net\/wp-content\/uploads\/2018\/06\/P1011153-768x432.jpg 768w, https:\/\/www.suwena.net\/wp-content\/uploads\/2018\/06\/P1011153-1438x810.jpg 1438w\" sizes=\"(max-width: 1440px) 100vw, 1440px\" \/><\/a><figcaption id=\"caption-attachment-13551\" class=\"wp-caption-text\">Muxia, Galicia<\/figcaption><\/figure><br \/>\n<figure id=\"attachment_13555\" aria-describedby=\"caption-attachment-13555\" style=\"width: 1440px\" class=\"wp-caption alignnone\"><a href=\"https:\/\/www.suwena.net\/wp-content\/uploads\/2018\/06\/P1011110.jpg\"><img loading=\"lazy\" width=\"1440\" height=\"810\" src=\"https:\/\/www.suwena.net\/wp-content\/uploads\/2018\/06\/P1011110-1440x810.jpg\" alt=\"Muxia, Galicia\" class=\"size-featured-blog-large wp-image-13555\" srcset=\"https:\/\/www.suwena.net\/wp-content\/uploads\/2018\/06\/P1011110-1440x810.jpg 1440w, https:\/\/www.suwena.net\/wp-content\/uploads\/2018\/06\/P1011110-300x169.jpg 300w, https:\/\/www.suwena.net\/wp-content\/uploads\/2018\/06\/P1011110-768x432.jpg 768w\" sizes=\"(max-width: 1440px) 100vw, 1440px\" \/><\/a><figcaption id=\"caption-attachment-13555\" class=\"wp-caption-text\">Muxia, Galicia<\/figcaption><\/figure><br \/>\nMuxia sijaitsee suojaisesti pienen kukkulan juurella. Kun kiipesimme kukkulalle, n\u00e4kym\u00e4 oli huikea yli koko R\u00eda De Camari\u00f1as lahden. Meren puolella n\u00e4in rauhallisenakin p\u00e4iv\u00e4n\u00e4 Costa da Morten aallot \u00e4rjyiv\u00e4t ja tyrskyiv\u00e4t rantaan, kun samanaikaisesti r\u00edalla ei ollut swellist\u00e4 tietoakaan. Kukkulan merenpuoleisessa rannassa on keinuva kivi, Pedra da Barca, jolla on uskottu olevan parantavia taikavoimia kelttien ajoista alkaen. Toki min\u00e4kin kiipesin kiven alle voimaantumaan. Lis\u00e4ksi t\u00e4nne on rakennettu Nosa Se\u00f1ora da Barca kirkko apostoli Jaakobin maihinnousun kunniaksi, joten t\u00e4n\u00e4 p\u00e4iv\u00e4n\u00e4kin pyhiinvaeltajat k\u00e4velev\u00e4t t\u00e4nne Muxiaan, aivan Atlantin rannikolle p\u00e4\u00e4tt\u00e4\u00e4kseen vaelluksensa.<br \/>\n<figure id=\"attachment_13559\" aria-describedby=\"caption-attachment-13559\" style=\"width: 1440px\" class=\"wp-caption alignnone\"><a href=\"https:\/\/www.suwena.net\/wp-content\/uploads\/2018\/06\/P1011127.jpg\"><img loading=\"lazy\" width=\"1440\" height=\"810\" src=\"https:\/\/www.suwena.net\/wp-content\/uploads\/2018\/06\/P1011127-1440x810.jpg\" alt=\"Costa da Morte Muxia, Galicia\" class=\"size-featured-blog-large wp-image-13559\" srcset=\"https:\/\/www.suwena.net\/wp-content\/uploads\/2018\/06\/P1011127-1440x810.jpg 1440w, https:\/\/www.suwena.net\/wp-content\/uploads\/2018\/06\/P1011127-300x169.jpg 300w, https:\/\/www.suwena.net\/wp-content\/uploads\/2018\/06\/P1011127-768x432.jpg 768w\" sizes=\"(max-width: 1440px) 100vw, 1440px\" \/><\/a><figcaption id=\"caption-attachment-13559\" class=\"wp-caption-text\">Costa da Morte Muxia, Galicia<\/figcaption><\/figure><br \/>\n<figure id=\"attachment_13563\" aria-describedby=\"caption-attachment-13563\" style=\"width: 1440px\" class=\"wp-caption alignnone\"><a href=\"https:\/\/www.suwena.net\/wp-content\/uploads\/2018\/06\/P1011134.jpg\"><img loading=\"lazy\" width=\"1440\" height=\"810\" src=\"https:\/\/www.suwena.net\/wp-content\/uploads\/2018\/06\/P1011134-1440x810.jpg\" alt=\"Eve Pedra da Barca kiven alla Muxia, Galicia\" class=\"size-featured-blog-large wp-image-13563\" srcset=\"https:\/\/www.suwena.net\/wp-content\/uploads\/2018\/06\/P1011134-1440x810.jpg 1440w, https:\/\/www.suwena.net\/wp-content\/uploads\/2018\/06\/P1011134-300x169.jpg 300w, https:\/\/www.suwena.net\/wp-content\/uploads\/2018\/06\/P1011134-768x432.jpg 768w\" sizes=\"(max-width: 1440px) 100vw, 1440px\" \/><\/a><figcaption id=\"caption-attachment-13563\" class=\"wp-caption-text\">Eve Pedra da Barca kiven alla Muxia, Galicia<\/figcaption><\/figure><br \/>\n<figure id=\"attachment_13567\" aria-describedby=\"caption-attachment-13567\" style=\"width: 1440px\" class=\"wp-caption alignnone\"><a href=\"https:\/\/www.suwena.net\/wp-content\/uploads\/2018\/06\/P1011142.jpg\"><img loading=\"lazy\" width=\"1440\" height=\"810\" src=\"https:\/\/www.suwena.net\/wp-content\/uploads\/2018\/06\/P1011142-1440x810.jpg\" alt=\"Nosa Se\u00f1ora da Barca kirkko Muxia, Galicia\" class=\"size-featured-blog-large wp-image-13567\" srcset=\"https:\/\/www.suwena.net\/wp-content\/uploads\/2018\/06\/P1011142-1440x810.jpg 1440w, https:\/\/www.suwena.net\/wp-content\/uploads\/2018\/06\/P1011142-300x169.jpg 300w, https:\/\/www.suwena.net\/wp-content\/uploads\/2018\/06\/P1011142-768x432.jpg 768w\" sizes=\"(max-width: 1440px) 100vw, 1440px\" \/><\/a><figcaption id=\"caption-attachment-13567\" class=\"wp-caption-text\">Nosa Se\u00f1ora da Barca kirkko Muxia, Galicia<\/figcaption><\/figure><br \/>\nKeskiviikkona h\u00e4mm\u00e4styimme, kun yht\u00e4kki\u00e4 sataman marinera tupsahti h\u00e4t\u00e4isen\u00e4 Suwenalle ja t\u00f6kk\u00e4si Andrusin k\u00e4teen k\u00e4si-VHF:n osoittaen tangenttia. Meid\u00e4n v\u00e4h\u00e4isell\u00e4 Espanjan sanastolla, mutta sit\u00e4kin innokkaammalla k\u00e4sien heiluttelulla marineran avuntarve selvisi. Andrus toimi englanninkielen tulkkina ja pyysi VHF:ll\u00e4 saapuvalta veneelt\u00e4 heid\u00e4n aikomuksia. Muutamalla Espanjan sanalla saimme homman hoidetuksi marineran kanssa. <\/p>\n<p>Kun saapuva vene kiinnittyi naapuripaikkaan, ilahduimme kovasti, sill\u00e4 naapuriksemme saapui toinen Nauticat 441. Oli mukava tutustua S\/Y Iseult miehist\u00f6\u00f6n Jane ja Chris sek\u00e4 vaihtaa kokemuksiamme veneist\u00e4mme. Jokainen Nauticat on r\u00e4\u00e4t\u00e4l\u00f6ity asiakkaan toiveiden mukaan kokonaan. Vaikka vierekk\u00e4in ylv\u00e4\u00e4sti seisoivat ulkoa p\u00e4in kaksi samanlaista venett\u00e4, niin olimme kumpikin valinneet hyvin erilaisen sis\u00e4ratkaisun ja v\u00e4rityksen veneisiimme. Siin\u00e4 piisasi juttua my\u00f6h\u00e4\u00e4n y\u00f6h\u00f6n, kun keskustelimme molempien valinnoista ja kehuimme Nauticatin upeaa puusep\u00e4nty\u00f6t\u00e4 kummassakin veneess\u00e4.<br \/>\n<figure id=\"attachment_13571\" aria-describedby=\"caption-attachment-13571\" style=\"width: 1440px\" class=\"wp-caption alignnone\"><a href=\"https:\/\/www.suwena.net\/wp-content\/uploads\/2018\/06\/P1011163.jpg\"><img loading=\"lazy\" width=\"1440\" height=\"810\" src=\"https:\/\/www.suwena.net\/wp-content\/uploads\/2018\/06\/P1011163-1440x810.jpg\" alt=\"Suwena ja Iseult Muxiassa, Galiciassa\" class=\"size-featured-blog-large wp-image-13571\" srcset=\"https:\/\/www.suwena.net\/wp-content\/uploads\/2018\/06\/P1011163-1440x810.jpg 1440w, https:\/\/www.suwena.net\/wp-content\/uploads\/2018\/06\/P1011163-300x169.jpg 300w, https:\/\/www.suwena.net\/wp-content\/uploads\/2018\/06\/P1011163-768x432.jpg 768w\" sizes=\"(max-width: 1440px) 100vw, 1440px\" \/><\/a><figcaption id=\"caption-attachment-13571\" class=\"wp-caption-text\">Suwena ja Iseult Muxiassa, Galiciassa<\/figcaption><\/figure><\/p>\n","protected":false},"excerpt":{"rendered":"<p>N\u00e4in Galisian r\u00edoilla seilatessamme p\u00e4iv\u00e4matkat ovat edellisi\u00e4 kesi\u00e4mme paljon lyhyempi\u00e4. A Coru\u00f1asta Muxiaan matka oli t\u00e4m\u00e4n kes\u00e4n yksi pisimpi\u00e4, 46 merimailia. Kun l\u00e4hdimme A Coru\u00f1asta, l\u00e4hti nelj\u00e4 muutakin venett\u00e4 matkaan kohti etel\u00e4\u00e4. Pian ohitettuamme Herkuleen tornin, roomalaisten viimeisen k\u00e4yt\u00f6ss\u00e4 olevan<\/p>\n","protected":false},"author":2,"featured_media":13551,"comment_status":"open","ping_status":"open","sticky":false,"template":"","format":"standard","meta":[],"seasons":[23],"_links":{"self":[{"href":"https:\/\/www.suwena.net\/fi\/wp-json\/wp\/v2\/posts\/13573"}],"collection":[{"href":"https:\/\/www.suwena.net\/fi\/wp-json\/wp\/v2\/posts"}],"about":[{"href":"https:\/\/www.suwena.net\/fi\/wp-json\/wp\/v2\/types\/post"}],"author":[{"embeddable":true,"href":"https:\/\/www.suwena.net\/fi\/wp-json\/wp\/v2\/users\/2"}],"replies":[{"embeddable":true,"href":"https:\/\/www.suwena.net\/fi\/wp-json\/wp\/v2\/comments?post=13573"}],"version-history":[{"count":0,"href":"https:\/\/www.suwena.net\/fi\/wp-json\/wp\/v2\/posts\/13573\/revisions"}],"wp:featuredmedia":[{"embeddable":true,"href":"https:\/\/www.suwena.net\/fi\/wp-json\/wp\/v2\/media\/13551"}],"wp:attachment":[{"href":"https:\/\/www.suwena.net\/fi\/wp-json\/wp\/v2\/media?parent=13573"}],"wp:term":[{"taxonomy":"seasons","embeddable":true,"href":"https:\/\/www.suwena.net\/fi\/wp-json\/wp\/v2\/seasons?post=13573"}],"curies":[{"name":"wp","href":"https:\/\/api.w.org\/{rel}","templated":true}]}}