
{"id":140,"date":"2009-06-14T17:47:38","date_gmt":"2009-06-14T17:47:38","guid":{"rendered":"https:\/\/www.suwena.net\/jurmo-ja-verkan-11-6-14-6\/"},"modified":"2019-04-21T19:02:01","modified_gmt":"2019-04-21T19:02:01","slug":"jurmo-ja-verkan-11-6-14-6","status":"publish","type":"post","link":"https:\/\/www.suwena.net\/fi\/jurmo-ja-verkan-11-6-14-6\/","title":{"rendered":"Jurmo ja Verkan 11.6. &#8211; 14.6."},"content":{"rendered":"<p>Vietimme torstaista lauantaihin aikaa Jurmon saarella. Jurmo kuuluu Ahvenanmaan Br\u00e4nd\u00f6n kuntaan, joka koostuu useista saarista Saaristomeren pohjoisosassa. Jurmo on idyllinen, mutta tavallaan karu, kallioinen saari. Paikallisesta v\u00e4est\u00f6st\u00e4 n\u00e4kee, ett\u00e4 he viihtyv\u00e4t erinomaisesti omalla saarellaan.<br \/>\n<figure id=\"attachment_114\" aria-describedby=\"caption-attachment-114\" style=\"width: 1440px\" class=\"wp-caption alignnone\"><a href=\"https:\/\/www.suwena.net\/wp-content\/uploads\/2009\/06\/IMG_3458a.JPG\"><img loading=\"lazy\" width=\"1440\" height=\"810\" src=\"https:\/\/www.suwena.net\/wp-content\/uploads\/2009\/06\/IMG_3458a-1440x810.jpg\" alt=\"Suwena Jurmon satamassa\" class=\"size-featured-blog-large wp-image-114\" srcset=\"https:\/\/www.suwena.net\/wp-content\/uploads\/2009\/06\/IMG_3458a-1440x810.jpg 1440w, https:\/\/www.suwena.net\/wp-content\/uploads\/2009\/06\/IMG_3458a-300x169.jpg 300w, https:\/\/www.suwena.net\/wp-content\/uploads\/2009\/06\/IMG_3458a-768x432.jpg 768w\" sizes=\"(max-width: 1440px) 100vw, 1440px\" \/><\/a><figcaption id=\"caption-attachment-114\" class=\"wp-caption-text\">Suwena Jurmon satamassa<\/figcaption><\/figure><br \/>\nK\u00e4vimme saaren n\u00e4k\u00f6alatornissa, josta p\u00e4\u00e4simme n\u00e4kem\u00e4\u00e4n koko Jurmon.<br \/>\n<figure id=\"attachment_118\" aria-describedby=\"caption-attachment-118\" style=\"width: 1440px\" class=\"wp-caption alignnone\"><a href=\"https:\/\/www.suwena.net\/wp-content\/uploads\/2009\/06\/IMG_3444a.JPG\"><img loading=\"lazy\" width=\"1440\" height=\"810\" src=\"https:\/\/www.suwena.net\/wp-content\/uploads\/2009\/06\/IMG_3444a-1440x810.jpg\" alt=\"Jurmon kyl\u00e4n\u00e4kym\u00e4\" class=\"size-featured-blog-large wp-image-118\" srcset=\"https:\/\/www.suwena.net\/wp-content\/uploads\/2009\/06\/IMG_3444a-1440x810.jpg 1440w, https:\/\/www.suwena.net\/wp-content\/uploads\/2009\/06\/IMG_3444a-300x169.jpg 300w, https:\/\/www.suwena.net\/wp-content\/uploads\/2009\/06\/IMG_3444a-768x432.jpg 768w\" sizes=\"(max-width: 1440px) 100vw, 1440px\" \/><\/a><figcaption id=\"caption-attachment-118\" class=\"wp-caption-text\">Jurmon kyl\u00e4n\u00e4kym\u00e4<\/figcaption><\/figure><br \/>\nSatamassa oli kolme mielenkiintoista t\u00f6tt\u00f6r\u00f6\u00e4, joiden merkitys ei meille valjennut. Arvelemme niiden liittyv\u00e4n suurempien alusten kiinnitt\u00e4ytymiseen. S\u00e4\u00e4 oli tosi vaihtelevaa aurinkoisesta 20 asteesta sateiseen ja pilviseen 12 asteeseen, kuten oheisista kuvista n\u00e4kyy.<br \/>\n<figure id=\"attachment_122\" aria-describedby=\"caption-attachment-122\" style=\"width: 1440px\" class=\"wp-caption alignnone\"><a href=\"https:\/\/www.suwena.net\/wp-content\/uploads\/2009\/06\/IMG_3442a.JPG\"><img loading=\"lazy\" width=\"1440\" height=\"810\" src=\"https:\/\/www.suwena.net\/wp-content\/uploads\/2009\/06\/IMG_3442a-1440x810.jpg\" alt=\"Rakennelmat Jurmon satamassa\" class=\"size-featured-blog-large wp-image-122\" srcset=\"https:\/\/www.suwena.net\/wp-content\/uploads\/2009\/06\/IMG_3442a-1440x810.jpg 1440w, https:\/\/www.suwena.net\/wp-content\/uploads\/2009\/06\/IMG_3442a-300x169.jpg 300w, https:\/\/www.suwena.net\/wp-content\/uploads\/2009\/06\/IMG_3442a-768x432.jpg 768w\" sizes=\"(max-width: 1440px) 100vw, 1440px\" \/><\/a><figcaption id=\"caption-attachment-122\" class=\"wp-caption-text\">Rakennelmat Jurmon satamassa<\/figcaption><\/figure><br \/>\nMiehist\u00f6ll\u00e4 Jurmossa oli ensi kertaa p\u00e4\u00e4ll\u00e4 Suwena-asusteet. Teetimme pari erilaista Suwena paitaa. P\u00e4\u00e4ll\u00e4 olevissa paidoissamme on Suwenan kotisataman koordinaatit ja toisessa paitamallissa on sektoriloistot Suwenan oman logon lis\u00e4ksi.<br \/>\n<figure id=\"attachment_126\" aria-describedby=\"caption-attachment-126\" style=\"width: 1440px\" class=\"wp-caption alignnone\"><a href=\"https:\/\/www.suwena.net\/wp-content\/uploads\/2009\/06\/IMG_3449a.JPG\"><img loading=\"lazy\" width=\"1440\" height=\"810\" src=\"https:\/\/www.suwena.net\/wp-content\/uploads\/2009\/06\/IMG_3449a-1440x810.jpg\" alt=\"Eve Jurmon n\u00e4k\u00f6alatornissa\" class=\"size-featured-blog-large wp-image-126\" srcset=\"https:\/\/www.suwena.net\/wp-content\/uploads\/2009\/06\/IMG_3449a-1440x810.jpg 1440w, https:\/\/www.suwena.net\/wp-content\/uploads\/2009\/06\/IMG_3449a-300x169.jpg 300w, https:\/\/www.suwena.net\/wp-content\/uploads\/2009\/06\/IMG_3449a-768x432.jpg 768w\" sizes=\"(max-width: 1440px) 100vw, 1440px\" \/><\/a><figcaption id=\"caption-attachment-126\" class=\"wp-caption-text\">Eve Jurmon n\u00e4k\u00f6alatornissa<\/figcaption><\/figure><br \/>\n<figure id=\"attachment_130\" aria-describedby=\"caption-attachment-130\" style=\"width: 1440px\" class=\"wp-caption alignnone\"><a href=\"https:\/\/www.suwena.net\/wp-content\/uploads\/2009\/06\/IMG_3455a.JPG\"><img loading=\"lazy\" width=\"1440\" height=\"810\" src=\"https:\/\/www.suwena.net\/wp-content\/uploads\/2009\/06\/IMG_3455a-1440x810.jpg\" alt=\"Andrus Jurmon n\u00e4k\u00f6alatornissa\" class=\"size-featured-blog-large wp-image-130\" srcset=\"https:\/\/www.suwena.net\/wp-content\/uploads\/2009\/06\/IMG_3455a-1440x810.jpg 1440w, https:\/\/www.suwena.net\/wp-content\/uploads\/2009\/06\/IMG_3455a-300x169.jpg 300w, https:\/\/www.suwena.net\/wp-content\/uploads\/2009\/06\/IMG_3455a-768x432.jpg 768w\" sizes=\"(max-width: 1440px) 100vw, 1440px\" \/><\/a><figcaption id=\"caption-attachment-130\" class=\"wp-caption-text\">Andrus Jurmon n\u00e4k\u00f6alatornissa<\/figcaption><\/figure><br \/>\nLauantai-iltap\u00e4iv\u00e4ll\u00e4 siirryimme 32 mailia keskelle saaristomerta Korppoon saaren Verkanin satamaan, jossa aiomme viipy\u00e4 maanantaihin saakka.<br \/>\nTuntui mukavalta saapua satamaan, kun satamahenkil\u00f6st\u00f6 riensi vastaanottamaan k\u00f6ysi\u00e4. Vaikka satamassa on paljon vierailijoita, on palvelu eritt\u00e4in yst\u00e4v\u00e4llist\u00e4 ty\u00f6ntekij\u00f6iden kiireest\u00e4 huolimatta. <\/p>\n<p>Verkanissa oli ensimm\u00e4ist\u00e4 kertaa todella jo enemm\u00e4nkin veneit\u00e4. Veneit\u00e4 tuli ja l\u00e4hti koko ajan ja lauantai-iltana sataman ravintolassa oli runsaasti ruokailijoita. Astuessamme saarelle suorittaaksemme veneen satamamaksun, leijui nen\u00e4\u00e4n niin makoisat tuoksut, ett\u00e4 p\u00e4\u00e4timme saman tien menev\u00e4mme illalla nauttimaan pihvi\u00e4.  Ruoka olikin parasta, mit\u00e4 t\u00e4h\u00e4n menness\u00e4 venesatamaravintoloissa olemme saaneet. Siit\u00e4 l\u00e4hetimmekin kokille kiitokset. Samoin saunassa k\u00e4vi vilske, kun venekunnat viettiv\u00e4t viihtyis\u00e4\u00e4 lauantai-iltaa Verkanissa.<br \/>\n<figure id=\"attachment_134\" aria-describedby=\"caption-attachment-134\" style=\"width: 1440px\" class=\"wp-caption alignnone\"><a href=\"https:\/\/www.suwena.net\/wp-content\/uploads\/2009\/06\/IMG_3459a.JPG\"><img loading=\"lazy\" width=\"1440\" height=\"810\" src=\"https:\/\/www.suwena.net\/wp-content\/uploads\/2009\/06\/IMG_3459a-1440x810.jpg\" alt=\"Suwena Verkanin satamassa\" class=\"size-featured-blog-large wp-image-134\" srcset=\"https:\/\/www.suwena.net\/wp-content\/uploads\/2009\/06\/IMG_3459a-1440x810.jpg 1440w, https:\/\/www.suwena.net\/wp-content\/uploads\/2009\/06\/IMG_3459a-300x169.jpg 300w, https:\/\/www.suwena.net\/wp-content\/uploads\/2009\/06\/IMG_3459a-768x432.jpg 768w\" sizes=\"(max-width: 1440px) 100vw, 1440px\" \/><\/a><figcaption id=\"caption-attachment-134\" class=\"wp-caption-text\">Suwena Verkanin satamassa<\/figcaption><\/figure><br \/>\n<figure id=\"attachment_138\" aria-describedby=\"caption-attachment-138\" style=\"width: 1440px\" class=\"wp-caption alignnone\"><a href=\"https:\/\/www.suwena.net\/wp-content\/uploads\/2009\/06\/IMG_3462a.JPG\"><img loading=\"lazy\" width=\"1440\" height=\"810\" src=\"https:\/\/www.suwena.net\/wp-content\/uploads\/2009\/06\/IMG_3462a-1440x810.jpg\" alt=\"Verkanin satama\" class=\"size-featured-blog-large wp-image-138\" srcset=\"https:\/\/www.suwena.net\/wp-content\/uploads\/2009\/06\/IMG_3462a-1440x810.jpg 1440w, https:\/\/www.suwena.net\/wp-content\/uploads\/2009\/06\/IMG_3462a-300x169.jpg 300w, https:\/\/www.suwena.net\/wp-content\/uploads\/2009\/06\/IMG_3462a-768x432.jpg 768w\" sizes=\"(max-width: 1440px) 100vw, 1440px\" \/><\/a><figcaption id=\"caption-attachment-138\" class=\"wp-caption-text\">Verkanin satama<\/figcaption><\/figure><br \/>\nKoko sunnuntain tuuli on noussut hetki hetkelt\u00e4 enemm\u00e4n. T\u00e4t\u00e4 kirjoittaessa tuulimittarimme n\u00e4ytt\u00e4\u00e4 tuulen olevan 12 m\/s ja puuskissa 23 m\/s. S\u00e4\u00e4tiedotus on ihan sekaisin, sill\u00e4 se lupasi tuulta enint\u00e4\u00e4n 8 m\/s. Vaikka tuuli laittaa per\u00e4kuomun l\u00e4p\u00e4tt\u00e4m\u00e4\u00e4n, on satama hyvin suojainen eik\u00e4 aaltoja ole. <\/p>\n<p>Meri n\u00e4ytt\u00e4\u00e4 olevan t\u00e4\u00e4ll\u00e4 saariston suojassa erilainen kuin tuttu Per\u00e4meremme. Vaikka tuuli on kova niin aallokkoa ei synny. Esimerkiksi 10 m\/s tuulella pieni\u00e4 avoveneit\u00e4 kulkee ristiin rastiin. Suosituin venemerkki onkin Buster, joita olemme n\u00e4hneet enemm\u00e4n kuin muita venetyyppej\u00e4 yhteens\u00e4.<\/p>\n<p>K\u00e4vimme juuri auttamassa viereen saapuvaa purjevenett\u00e4 kiinnitt\u00e4ytymisess\u00e4. Heill\u00e4 oli hajonnut moottorin vesipumppu, joten he joutuivat luovimaan laituriin saakka kovassa vastatuulessa.<br \/>\nSamoin meilt\u00e4kin l\u00f6ytyi pieni huoltokohde, sill\u00e4 huomasimme kulkuvalomme pimenneen, eik\u00e4 meill\u00e4 ollut valmiiksi varalamppua. Onneksi niit\u00e4 on Verkanissa tarjolla ja aioimmekin vaihtaa valon t\u00e4n\u00e4\u00e4n sunnuntaina. Kovan tuulen vuoksi p\u00e4\u00e4timme siirt\u00e4\u00e4 lamppukiipeilyn huomiselle, jotta targakaarelle kiivetess\u00e4 lampunvaihtaja pysyisi veneess\u00e4.<\/p>\n<p>Maanantaina on tarkoitus tehd\u00e4 venetoimistossa t\u00f6it\u00e4 ja jatkaa matkaa kohti Hankoa iltasella. Aiomme tehd\u00e4 viel\u00e4 yhden v\u00e4lipys\u00e4hdyksen ennen Hankoa, mutta v\u00e4lisatamapaikka on viel\u00e4 avoin.<\/p>\n","protected":false},"excerpt":{"rendered":"<p>Vietimme torstaista lauantaihin aikaa Jurmon saarella. Jurmo kuuluu Ahvenanmaan Br\u00e4nd\u00f6n kuntaan, joka koostuu useista saarista Saaristomeren pohjoisosassa. Jurmo on idyllinen, mutta tavallaan karu, kallioinen saari. Paikallisesta v\u00e4est\u00f6st\u00e4 n\u00e4kee, ett\u00e4 he viihtyv\u00e4t erinomaisesti omalla saarellaan. K\u00e4vimme saaren n\u00e4k\u00f6alatornissa, josta p\u00e4\u00e4simme n\u00e4kem\u00e4\u00e4n<\/p>\n","protected":false},"author":2,"featured_media":118,"comment_status":"open","ping_status":"open","sticky":false,"template":"","format":"standard","meta":[],"seasons":[2],"_links":{"self":[{"href":"https:\/\/www.suwena.net\/fi\/wp-json\/wp\/v2\/posts\/140"}],"collection":[{"href":"https:\/\/www.suwena.net\/fi\/wp-json\/wp\/v2\/posts"}],"about":[{"href":"https:\/\/www.suwena.net\/fi\/wp-json\/wp\/v2\/types\/post"}],"author":[{"embeddable":true,"href":"https:\/\/www.suwena.net\/fi\/wp-json\/wp\/v2\/users\/2"}],"replies":[{"embeddable":true,"href":"https:\/\/www.suwena.net\/fi\/wp-json\/wp\/v2\/comments?post=140"}],"version-history":[{"count":0,"href":"https:\/\/www.suwena.net\/fi\/wp-json\/wp\/v2\/posts\/140\/revisions"}],"wp:featuredmedia":[{"embeddable":true,"href":"https:\/\/www.suwena.net\/fi\/wp-json\/wp\/v2\/media\/118"}],"wp:attachment":[{"href":"https:\/\/www.suwena.net\/fi\/wp-json\/wp\/v2\/media?parent=140"}],"wp:term":[{"taxonomy":"seasons","embeddable":true,"href":"https:\/\/www.suwena.net\/fi\/wp-json\/wp\/v2\/seasons?post=140"}],"curies":[{"name":"wp","href":"https:\/\/api.w.org\/{rel}","templated":true}]}}