
{"id":153,"date":"2009-06-15T20:00:25","date_gmt":"2009-06-15T20:00:25","guid":{"rendered":"https:\/\/www.suwena.net\/tuuli-kaantyi-ja-suwena-siirtyi-14-6-15-6\/"},"modified":"2009-06-15T20:00:25","modified_gmt":"2009-06-15T20:00:25","slug":"tuuli-kaantyi-ja-suwena-siirtyi-14-6-15-6","status":"publish","type":"post","link":"https:\/\/www.suwena.net\/fi\/tuuli-kaantyi-ja-suwena-siirtyi-14-6-15-6\/","title":{"rendered":"Tuuli k\u00e4\u00e4ntyi ja Suwena siirtyi 14.6. &#8211; 15.6."},"content":{"rendered":"<p>Y\u00f6n aikana tuuli k\u00e4\u00e4ntyi l\u00e4nteen ja nukuimme melko lullauksessa tai sitten ei nukuttu! Eritt\u00e4in suojainen Verkanin satama on avoin l\u00e4nsituulelle, joten h\u00f6ykytys oli todella melkoinen. Oli erikoista joutua matalapaineen silm\u00e4\u00e4n, sill\u00e4 illalla tuuli puhalsi toisesta suunnasta. Sen j\u00e4lkeen tuli tyvent\u00e4 ja aurinkoista ja hetken p\u00e4\u00e4st\u00e4 tuuli alkoi puhaltaa vastakkaisesta suunnasta. Olimme koko Suomen kes\u00e4kuun kylment\u00e4neen matalapaineen keskipisteess\u00e4.<\/p>\n<p>Aamup\u00e4iv\u00e4n odotimme, ett\u00e4 tuuli laskisi s\u00e4\u00e4ennusteen mukaan, mutta toisin k\u00e4vi. Lounaan j\u00e4lkeen puhuri alkoi olla jo todella mellev\u00e4. <\/p>\n<p>Sit\u00e4 mukaan kuin veneit\u00e4 l\u00e4hti t\u00e4n\u00e4\u00e4n satamasta, jokaista autettiin tukik\u00f6ydell\u00e4, jotta tuuli ei painaisi sit\u00e4 naapurin veneeseen.<\/p>\n<p>P\u00e4\u00e4timme siirty\u00e4 iltap\u00e4iv\u00e4ll\u00e4 Nauvon satamaan 11 merimailin p\u00e4\u00e4h\u00e4n, sill\u00e4 Nauvo on l\u00e4nsituulella suojaisa paikka. Aiomme nimitt\u00e4in nukkua ensi y\u00f6n\u00e4.<\/p>\n<p>Meid\u00e4nkin l\u00e4ht\u00f6 oli kinkkinen, mutta saimme hienosti apua purjevene Axan miehist\u00f6lt\u00e4 ja satamahenkil\u00f6kunnalta. Kiitos teille. Suwenan tuulipinta-ala on moninkertainen verrattuna purjeveneeseen, joten kovalla tuulella pit\u00e4\u00e4 olla tarkkana l\u00e4htiess\u00e4mme satamasta. <\/p>\n<p>Nauvo n\u00e4ytt\u00e4\u00e4 n\u00e4in pikaisen kierroksen j\u00e4lkeen eritt\u00e4in mukavalta, kunhan vain aurinko paistaisi. Pari hiekkarantaa odottaa k\u00e4ytt\u00e4ji\u00e4\u00e4n.<\/p>\n<p>K\u00e4vimme etsim\u00e4ss\u00e4 Suwenaan uutta kulkuvaloa, mutta sit\u00e4 ei Nauvon kaupoista l\u00f6ytynyt, joten Hangon lamppukaupat odottavat meit\u00e4. T\u00e4st\u00e4 oppineena aiomme p\u00e4hk\u00e4ill\u00e4 varaosapolitiikan uusiksi, kun saaristossa ei niit\u00e4 niin helpolla saa. Moottorin varaosat meilt\u00e4 erinomaisesti l\u00f6ytyykin, mutta muitakin varaosia tarvitaan. Samalla huomasimme, ett\u00e4 sivukulkuvalojen polttimoiden vaihtamiseksi pit\u00e4\u00e4 olla eritt\u00e4in pieni ristip\u00e4\u00e4meisseli ja sit\u00e4p\u00e4 ei meilt\u00e4 t\u00e4ll\u00e4 hetkell\u00e4 ty\u00f6kalupakista l\u00f6ydy. Juu &#8211; ei muuta kuin lis\u00e4\u00e4 ty\u00f6kaluja ja varaosia hankkimaan.<\/p>\n","protected":false},"excerpt":{"rendered":"<p>Y\u00f6n aikana tuuli k\u00e4\u00e4ntyi l\u00e4nteen ja nukuimme melko lullauksessa tai sitten ei nukuttu! Eritt\u00e4in suojainen Verkanin satama on avoin l\u00e4nsituulelle, joten h\u00f6ykytys oli todella melkoinen. Oli erikoista joutua matalapaineen silm\u00e4\u00e4n, sill\u00e4 illalla tuuli puhalsi toisesta suunnasta. Sen j\u00e4lkeen tuli tyvent\u00e4<\/p>\n","protected":false},"author":2,"featured_media":0,"comment_status":"open","ping_status":"open","sticky":false,"template":"","format":"standard","meta":[],"seasons":[2],"_links":{"self":[{"href":"https:\/\/www.suwena.net\/fi\/wp-json\/wp\/v2\/posts\/153"}],"collection":[{"href":"https:\/\/www.suwena.net\/fi\/wp-json\/wp\/v2\/posts"}],"about":[{"href":"https:\/\/www.suwena.net\/fi\/wp-json\/wp\/v2\/types\/post"}],"author":[{"embeddable":true,"href":"https:\/\/www.suwena.net\/fi\/wp-json\/wp\/v2\/users\/2"}],"replies":[{"embeddable":true,"href":"https:\/\/www.suwena.net\/fi\/wp-json\/wp\/v2\/comments?post=153"}],"version-history":[{"count":0,"href":"https:\/\/www.suwena.net\/fi\/wp-json\/wp\/v2\/posts\/153\/revisions"}],"wp:attachment":[{"href":"https:\/\/www.suwena.net\/fi\/wp-json\/wp\/v2\/media?parent=153"}],"wp:term":[{"taxonomy":"seasons","embeddable":true,"href":"https:\/\/www.suwena.net\/fi\/wp-json\/wp\/v2\/seasons?post=153"}],"curies":[{"name":"wp","href":"https:\/\/api.w.org\/{rel}","templated":true}]}}