
{"id":15827,"date":"2020-04-17T17:56:31","date_gmt":"2020-04-17T17:56:31","guid":{"rendered":"https:\/\/www.suwena.net\/?p=15827"},"modified":"2020-04-17T17:53:02","modified_gmt":"2020-04-17T17:53:02","slug":"islas-cies-20-6-21-6","status":"publish","type":"post","link":"https:\/\/www.suwena.net\/fi\/islas-cies-20-6-21-6\/","title":{"rendered":"Islas C\u00edes 20.6. &#8211; 21.6."},"content":{"rendered":"<p>Yksi t\u00e4m\u00e4n kes\u00e4n odotetuimpia kohteitamme oli jo roomalaisten jumalten saariksi nime\u00e4m\u00e4t Islas C\u00edes -saaret; galiciankielell\u00e4 Illas C\u00edes. N\u00e4m\u00e4 kolme saarta, pohjoisin saari Monteagudo, keskisaari Illa do Faro sek\u00e4 etel\u00e4saareksi kutsuttu Illa de San Marti\u00f1o, suojaavat yhdess\u00e4 kuuden kilometrin pituudelta Vigon lahtea Atlantin mainingeilta. C\u00edesin saaret on julistettu luonnonsuojelualueeksi vuodesta 1980 l\u00e4htien. Ei autoja, py\u00f6ri\u00e4 eik\u00e4 hotelleja, vaan ihanaa luonnonrauhaa ja rikas luonto kasveineen ja lintuineen. Ei todella tarvitse matkustaa Karibialle, vaan meid\u00e4n kauniista Euroopasta l\u00f6ytyy upeita valkoisia hiekkarantoja kristallinkirkkaine vesineen &#8211; t\u00e4nne halusimme p\u00e4\u00e4st\u00e4, mutta ei sinne noin vain menn\u00e4k\u00e4\u00e4n.<br \/>\n<figure id=\"attachment_15818\" aria-describedby=\"caption-attachment-15818\" style=\"width: 1440px\" class=\"wp-caption alignnone\"><a href=\"https:\/\/www.suwena.net\/wp-content\/uploads\/2020\/04\/P1011472.jpeg\"><img loading=\"lazy\" width=\"1440\" height=\"810\" src=\"https:\/\/www.suwena.net\/wp-content\/uploads\/2020\/04\/P1011472-1440x810.jpeg\" alt=\"Illa de San Marti\u00f1o, C\u00edes, Galicia, Espanja\" class=\"size-featured-blog-large wp-image-15818\" srcset=\"https:\/\/www.suwena.net\/wp-content\/uploads\/2020\/04\/P1011472-1440x810.jpeg 1440w, https:\/\/www.suwena.net\/wp-content\/uploads\/2020\/04\/P1011472-768x432.jpeg 768w, https:\/\/www.suwena.net\/wp-content\/uploads\/2020\/04\/P1011472-300x169.jpeg 300w, https:\/\/www.suwena.net\/wp-content\/uploads\/2020\/04\/P1011472-1536x864.jpeg 1536w, https:\/\/www.suwena.net\/wp-content\/uploads\/2020\/04\/P1011472-2048x1152.jpeg 2048w\" sizes=\"(max-width: 1440px) 100vw, 1440px\" \/><\/a><figcaption id=\"caption-attachment-15818\" class=\"wp-caption-text\">Illa de San Marti\u00f1o, C\u00edes, Galicia, Espanja<\/figcaption><\/figure><br \/>\nGalician saaret vesist\u00f6ineen ovat luonnonsuojelualuetta, joten t\u00e4\u00e4ll\u00e4 pit\u00e4\u00e4 hakea luvat niin vesist\u00f6ss\u00e4 veneilylle kuin my\u00f6s ankkuroinnille. Ensin haetaan navigointilupa, jolla purjevene tai moottorivene saa kulkea luonnonsuojelualueen vesill\u00e4. Hakemus t\u00e4ytet\u00e4\u00e4n netiss\u00e4 ja siihen tarvitaan kopiot kipparin kansainv\u00e4lisest\u00e4 huviveneenkuljettajankirjasta (ICC) ja ID-kortista sek\u00e4 veneen rekister\u00f6intikortista. Talvella hakiessamme navigointilupa tuli muutamassa p\u00e4iv\u00e4ss\u00e4, ja se on voimassa kaksi vuotta kerrallaan. Samalla saa k\u00e4ytt\u00e4j\u00e4tunnuksen Galician merenkulkulaitoksen sivuille, josta voi hakea ankkurointilupaa, jos luonnonsuojelualueella aikoo ankkuroida kajakkia suuremmalla veneell\u00e4.<br \/>\n<figure id=\"attachment_15820\" aria-describedby=\"caption-attachment-15820\" style=\"width: 1440px\" class=\"wp-caption alignnone\"><a href=\"https:\/\/www.suwena.net\/wp-content\/uploads\/2020\/04\/P1011470.jpeg\"><img loading=\"lazy\" width=\"1440\" height=\"810\" src=\"https:\/\/www.suwena.net\/wp-content\/uploads\/2020\/04\/P1011470-1440x810.jpeg\" alt=\"Praia das Rodas ankkurilahti C\u00edesin saarilla Galiciassa\" class=\"size-featured-blog-large wp-image-15820\" srcset=\"https:\/\/www.suwena.net\/wp-content\/uploads\/2020\/04\/P1011470-1440x810.jpeg 1440w, https:\/\/www.suwena.net\/wp-content\/uploads\/2020\/04\/P1011470-768x432.jpeg 768w, https:\/\/www.suwena.net\/wp-content\/uploads\/2020\/04\/P1011470-1438x810.jpeg 1438w, https:\/\/www.suwena.net\/wp-content\/uploads\/2020\/04\/P1011470-300x169.jpeg 300w, https:\/\/www.suwena.net\/wp-content\/uploads\/2020\/04\/P1011470-1536x865.jpeg 1536w, https:\/\/www.suwena.net\/wp-content\/uploads\/2020\/04\/P1011470-2048x1154.jpeg 2048w\" sizes=\"(max-width: 1440px) 100vw, 1440px\" \/><\/a><figcaption id=\"caption-attachment-15820\" class=\"wp-caption-text\">Praia das Rodas ankkurilahti C\u00edesin saarilla Galiciassa<\/figcaption><\/figure><br \/>\nLuonnonsuojelualueelle my\u00f6nnet\u00e4\u00e4n p\u00e4iv\u00e4kohtaisesti rajattu m\u00e4\u00e4r\u00e4 ankkurointilupia, ja suurin piikki sattuu hein\u00e4kuu &#8211; elokuu ajalle ja viikonlopuille. Lomakauden torstaina ei v\u00e4ltt\u00e4m\u00e4tt\u00e4 perjantaille ole en\u00e4\u00e4 ankkurointilupaa tarjolla. Ankkurointilupa haetaan aina tietyille p\u00e4iv\u00e4m\u00e4\u00e4rille. Me olimme menossa pahimman lomakauden ulkopuolella, joten lupa tuli saman tien seuraavalle p\u00e4iv\u00e4lle. Olihan suomen juhannus tulossa ja juhannuksen vietto luonnonkauniilla saarilla houkutteli. Molemmat luvat pit\u00e4\u00e4 olla mukana tulostettuna ja tarvittaessa esitt\u00e4\u00e4 alueella partioivalle viranomaiselle. Koko homma on maksuton ja se hoituu k\u00e4tev\u00e4sti <a href=\"https:\/\/www.iatlanticas.es\">https:\/\/iatlatnicas.es<\/a> sivulla, joka on k\u00e4\u00e4nnetty my\u00f6s englanniksi.<\/p>\n<p>Keskiviikolle oli luvassa kevytt\u00e4 tuulta. Vigon lahdella tuuli kuitenkin moinasi kokonaan ja yhdeks\u00e4n mailin purjehdus muuttui moottoroinniksi. Se ei haitannut, sill\u00e4 jo Vigossa alkanut ihanat hellep\u00e4iv\u00e4t jatkuivat ja aurinko hymyili.<br \/>\n<figure id=\"attachment_15824\" aria-describedby=\"caption-attachment-15824\" style=\"width: 1440px\" class=\"wp-caption alignnone\"><a href=\"https:\/\/www.suwena.net\/wp-content\/uploads\/2020\/04\/P1011466.jpeg\"><img loading=\"lazy\" width=\"1440\" height=\"810\" src=\"https:\/\/www.suwena.net\/wp-content\/uploads\/2020\/04\/P1011466-1440x810.jpeg\" alt=\"Vigon lahden yhteysalus Galiciassa\" class=\"size-featured-blog-large wp-image-15824\" srcset=\"https:\/\/www.suwena.net\/wp-content\/uploads\/2020\/04\/P1011466-1440x810.jpeg 1440w, https:\/\/www.suwena.net\/wp-content\/uploads\/2020\/04\/P1011466-768x432.jpeg 768w, https:\/\/www.suwena.net\/wp-content\/uploads\/2020\/04\/P1011466-300x169.jpeg 300w, https:\/\/www.suwena.net\/wp-content\/uploads\/2020\/04\/P1011466-1536x864.jpeg 1536w, https:\/\/www.suwena.net\/wp-content\/uploads\/2020\/04\/P1011466-2048x1152.jpeg 2048w\" sizes=\"(max-width: 1440px) 100vw, 1440px\" \/><\/a><figcaption id=\"caption-attachment-15824\" class=\"wp-caption-text\">Vigon lahden yhteysalus Galiciassa<\/figcaption><\/figure><br \/>\n<figure id=\"attachment_15822\" aria-describedby=\"caption-attachment-15822\" style=\"width: 1440px\" class=\"wp-caption alignnone\"><a href=\"https:\/\/www.suwena.net\/wp-content\/uploads\/2020\/04\/P1011467.jpeg\"><img loading=\"lazy\" width=\"1440\" height=\"810\" src=\"https:\/\/www.suwena.net\/wp-content\/uploads\/2020\/04\/P1011467-1440x810.jpeg\" alt=\"Suwena saapuu C\u00edesin saarille Galiciassa\" class=\"size-featured-blog-large wp-image-15822\" srcset=\"https:\/\/www.suwena.net\/wp-content\/uploads\/2020\/04\/P1011467-1440x810.jpeg 1440w, https:\/\/www.suwena.net\/wp-content\/uploads\/2020\/04\/P1011467-768x432.jpeg 768w, https:\/\/www.suwena.net\/wp-content\/uploads\/2020\/04\/P1011467-300x169.jpeg 300w, https:\/\/www.suwena.net\/wp-content\/uploads\/2020\/04\/P1011467-1536x864.jpeg 1536w, https:\/\/www.suwena.net\/wp-content\/uploads\/2020\/04\/P1011467-2048x1153.jpeg 2048w\" sizes=\"(max-width: 1440px) 100vw, 1440px\" \/><\/a><figcaption id=\"caption-attachment-15822\" class=\"wp-caption-text\">Suwena saapuu C\u00edesin saarille Galiciassa<\/figcaption><\/figure><br \/>\nAnkkurointi on sallittu kolmella lahdella: etel\u00e4saaren Illa de San Marti\u00f1on koillisrannalla ja Illa do Faron it\u00e4- tai etel\u00e4puolella. Faroa ja Monteagudoa eli keski- ja posjoissaaria yhdist\u00e4\u00e4 bumerangin muotoinen pitk\u00e4 hiekkakyng\u00e4s ja sen it\u00e4reunalla sijaitsevan hiekkarannan Praia das Rodas sanomalehti Guardian \u00e4\u00e4nesti vuonna 2007 maailman parhaaksi rannaksi. Sen edustalle mekin suuntasimme kuten n\u00e4ytti jo muutama muukin vene ehtineen ennen meit\u00e4. Laskimme parissa paikassa ankkurin, mutta Atlantin swelli keikutti sen verran voimakkaasti ja tuuliennuste lupasi 25 solmun puuskia, ja oma tuntuma sanoi, ettei t\u00e4m\u00e4 lahti tulevalle y\u00f6lle houkutellut y\u00f6pym\u00e4\u00e4n. Nostimme viel\u00e4 kerran ankkurin ja siirryimme Faron etel\u00e4puoleiselle lahdelle Praia de Nosa Se\u00f1ora rannan edustalle. Paikka oli kerrassaan idyllinen ja kaunis. Auringon laskiessa vietimme rauhaisan illan veneell\u00e4 ja odotimme seuraavan p\u00e4iv\u00e4n saarireissua innolla.<br \/>\n<figure id=\"attachment_15816\" aria-describedby=\"caption-attachment-15816\" style=\"width: 1440px\" class=\"wp-caption alignnone\"><a href=\"https:\/\/www.suwena.net\/wp-content\/uploads\/2020\/04\/P1011473.jpeg\"><img loading=\"lazy\" width=\"1440\" height=\"810\" src=\"https:\/\/www.suwena.net\/wp-content\/uploads\/2020\/04\/P1011473-1440x810.jpeg\" alt=\"Praia de Nosa Se\u00f1oran ankkurilahti, C\u00edes, Galicia, Espanja\" class=\"size-featured-blog-large wp-image-15816\" srcset=\"https:\/\/www.suwena.net\/wp-content\/uploads\/2020\/04\/P1011473-1440x810.jpeg 1440w, https:\/\/www.suwena.net\/wp-content\/uploads\/2020\/04\/P1011473-768x432.jpeg 768w, https:\/\/www.suwena.net\/wp-content\/uploads\/2020\/04\/P1011473-1438x810.jpeg 1438w, https:\/\/www.suwena.net\/wp-content\/uploads\/2020\/04\/P1011473-300x169.jpeg 300w, https:\/\/www.suwena.net\/wp-content\/uploads\/2020\/04\/P1011473-1536x865.jpeg 1536w, https:\/\/www.suwena.net\/wp-content\/uploads\/2020\/04\/P1011473-2048x1154.jpeg 2048w\" sizes=\"(max-width: 1440px) 100vw, 1440px\" \/><\/a><figcaption id=\"caption-attachment-15816\" class=\"wp-caption-text\">Praia de Nosa Se\u00f1oran ankkurilahti, C\u00edes, Galicia, Espanja<\/figcaption><\/figure><br \/>\nIllan pimetess\u00e4 tuuli nousi luvatusti, mutta se heitti 180 astetta, joten melko keikutuksessa y\u00f6n kuitenkin vietimme. Kuten usein t\u00e4\u00e4ll\u00e4 s\u00e4\u00e4 muuttuu nopeasti ja tuulen luvattiin pysyv\u00e4n voimissaan viel\u00e4 pari p\u00e4iv\u00e4\u00e4. Laitoimme juhannussuunnitelmamme uusiksi ja p\u00e4\u00e4timme siirty\u00e4 Pontevedan lahdelle tuulen suojaan ja palata C\u00edesille paremmalla patikointikelill\u00e4.<\/p>\n","protected":false},"excerpt":{"rendered":"<p>Yksi t\u00e4m\u00e4n kes\u00e4n odotetuimpia kohteitamme oli jo roomalaisten jumalten saariksi nime\u00e4m\u00e4t Islas C\u00edes -saaret; galiciankielell\u00e4 Illas C\u00edes. N\u00e4m\u00e4 kolme saarta, pohjoisin saari Monteagudo, keskisaari Illa do Faro sek\u00e4 etel\u00e4saareksi kutsuttu Illa de San Marti\u00f1o, suojaavat yhdess\u00e4 kuuden kilometrin pituudelta Vigon<\/p>\n","protected":false},"author":2,"featured_media":15816,"comment_status":"open","ping_status":"open","sticky":false,"template":"","format":"standard","meta":[],"seasons":[23],"_links":{"self":[{"href":"https:\/\/www.suwena.net\/fi\/wp-json\/wp\/v2\/posts\/15827"}],"collection":[{"href":"https:\/\/www.suwena.net\/fi\/wp-json\/wp\/v2\/posts"}],"about":[{"href":"https:\/\/www.suwena.net\/fi\/wp-json\/wp\/v2\/types\/post"}],"author":[{"embeddable":true,"href":"https:\/\/www.suwena.net\/fi\/wp-json\/wp\/v2\/users\/2"}],"replies":[{"embeddable":true,"href":"https:\/\/www.suwena.net\/fi\/wp-json\/wp\/v2\/comments?post=15827"}],"version-history":[{"count":3,"href":"https:\/\/www.suwena.net\/fi\/wp-json\/wp\/v2\/posts\/15827\/revisions"}],"predecessor-version":[{"id":15830,"href":"https:\/\/www.suwena.net\/fi\/wp-json\/wp\/v2\/posts\/15827\/revisions\/15830"}],"wp:featuredmedia":[{"embeddable":true,"href":"https:\/\/www.suwena.net\/fi\/wp-json\/wp\/v2\/media\/15816"}],"wp:attachment":[{"href":"https:\/\/www.suwena.net\/fi\/wp-json\/wp\/v2\/media?parent=15827"}],"wp:term":[{"taxonomy":"seasons","embeddable":true,"href":"https:\/\/www.suwena.net\/fi\/wp-json\/wp\/v2\/seasons?post=15827"}],"curies":[{"name":"wp","href":"https:\/\/api.w.org\/{rel}","templated":true}]}}