
{"id":15961,"date":"2020-05-17T20:08:23","date_gmt":"2020-05-17T20:08:23","guid":{"rendered":"https:\/\/www.suwena.net\/?p=15961"},"modified":"2020-05-17T20:11:21","modified_gmt":"2020-05-17T20:11:21","slug":"xufre-osa-1-1-7-3-7","status":"publish","type":"post","link":"https:\/\/www.suwena.net\/fi\/xufre-osa-1-1-7-3-7\/","title":{"rendered":"Xufre osa 1, 1.7. &#8211; 3.7."},"content":{"rendered":"<p>Saimme veneilykautemme viimeiselle purjehdukselle upean aurinkoisen sunnuntai-iltap\u00e4iv\u00e4n. Matkaa oli vain noin nelj\u00e4 mailia, kun ylitimme R\u00eda de Arousan lahden Carami\u00f1alista Illa de Arousan saarelle. Emme kuitenkaan malttaneet purjehtia suoraan Xufreen n\u00e4in kauden viimeisen\u00e4 purjehduksena. Nautimme mukavasta joka iltap\u00e4iv\u00e4isest\u00e4 Nortadasta, jonka siivin purjehdimme ihan vain nauttiaksemme muutaman extra mailin mukavassa sivumy\u00f6t\u00e4isess\u00e4 ennen kuin maltoimme k\u00e4\u00e4nty\u00e4 todella Xufreen ja lopulta k\u00e4\u00e4ri\u00e4 purjeet kasaan t\u00e4lt\u00e4 kaudelta. Aina tuntuu, ett\u00e4 veneilykes\u00e4 on ihan liian lyhyt. Varsinkin kun hein\u00e4kuu oli vasta aluillaan, ja mieli olisi tehnyt j\u00e4\u00e4d\u00e4 veneelle. Sen vuoksi hyvin haikein mielin kiinnitimme Suwenan Xufren odotuslaiturissa olevan venelautan viimeiseksi. Odottihan meit\u00e4 seuraavana aamuna sovittu Suwenan nosto.<br \/>\n<figure id=\"attachment_15969\" aria-describedby=\"caption-attachment-15969\" style=\"width: 1440px\" class=\"wp-caption alignnone\"><a href=\"https:\/\/www.suwena.net\/wp-content\/uploads\/2020\/05\/IMG_5167.jpeg\"><img loading=\"lazy\" width=\"1440\" height=\"810\" src=\"https:\/\/www.suwena.net\/wp-content\/uploads\/2020\/05\/IMG_5167-1440x810.jpeg\" alt=\"Suwena Xufre telakan laiturissa Galiciassa\" class=\"size-featured-blog-large wp-image-15969\" srcset=\"https:\/\/www.suwena.net\/wp-content\/uploads\/2020\/05\/IMG_5167-1440x810.jpeg 1440w, https:\/\/www.suwena.net\/wp-content\/uploads\/2020\/05\/IMG_5167-768x432.jpeg 768w, https:\/\/www.suwena.net\/wp-content\/uploads\/2020\/05\/IMG_5167-300x169.jpeg 300w, https:\/\/www.suwena.net\/wp-content\/uploads\/2020\/05\/IMG_5167-1536x864.jpeg 1536w, https:\/\/www.suwena.net\/wp-content\/uploads\/2020\/05\/IMG_5167-2048x1152.jpeg 2048w\" sizes=\"(max-width: 1440px) 100vw, 1440px\" \/><\/a><figcaption id=\"caption-attachment-15969\" class=\"wp-caption-text\">Suwena Xufre telakan laiturissa Galiciassa<\/figcaption><\/figure><br \/>\nAndrus l\u00f6ysi Xufren venetelakan <a href=\" https:\/\/www.theca.org.uk\/ \">Cruising Associationin keskustelupalstalta<\/a>, jossa t\u00e4t\u00e4 telakkaa monet suosittelivat l\u00e4mpim\u00e4sti. Telakan omistaja Nito on my\u00f6s itse taustaltaan pitk\u00e4n matkan purjehtija, joten h\u00e4n osaa todella hyvin auttaa purjehtijoita kaikessa matkapurjehdukseen liittyviss\u00e4 yksityiskohdissa. <\/p>\n<p>Suwenan nosto tapahtui kuin tanssi tai pit\u00e4isi varmasti sanoa kuin loikkaus, sill\u00e4 180 tonnin nosturi nostaa hurautti 20-tonnisen Suwenan maihin ilman mit\u00e4\u00e4n ylim\u00e4\u00e4r\u00e4isi\u00e4 nitin\u00f6it\u00e4 tai kitin\u00f6it\u00e4, joita olemme yleens\u00e4 pienten nostureiden noston aikana kuulleet. Suwenan pohja painepesurilla pestiin tehokkaasti ja pian Suwena oli jo pukkien p\u00e4\u00e4ll\u00e4 odottamassa talvea.<br \/>\n<figure id=\"attachment_15967\" aria-describedby=\"caption-attachment-15967\" style=\"width: 1440px\" class=\"wp-caption alignnone\"><a href=\"https:\/\/www.suwena.net\/wp-content\/uploads\/2020\/05\/IMG_5178.jpeg\"><img loading=\"lazy\" width=\"1440\" height=\"810\" src=\"https:\/\/www.suwena.net\/wp-content\/uploads\/2020\/05\/IMG_5178-1440x810.jpeg\" alt=\"Suwena Xufre telakan nosturissa Galiciassa\" class=\"size-featured-blog-large wp-image-15967\" srcset=\"https:\/\/www.suwena.net\/wp-content\/uploads\/2020\/05\/IMG_5178-1440x810.jpeg 1440w, https:\/\/www.suwena.net\/wp-content\/uploads\/2020\/05\/IMG_5178-768x432.jpeg 768w, https:\/\/www.suwena.net\/wp-content\/uploads\/2020\/05\/IMG_5178-300x169.jpeg 300w, https:\/\/www.suwena.net\/wp-content\/uploads\/2020\/05\/IMG_5178-1536x864.jpeg 1536w, https:\/\/www.suwena.net\/wp-content\/uploads\/2020\/05\/IMG_5178-2048x1152.jpeg 2048w\" sizes=\"(max-width: 1440px) 100vw, 1440px\" \/><\/a><figcaption id=\"caption-attachment-15967\" class=\"wp-caption-text\">Suwena Xufre telakan nosturissa Galiciassa<\/figcaption><\/figure><br \/>\n<figure id=\"attachment_15965\" aria-describedby=\"caption-attachment-15965\" style=\"width: 1440px\" class=\"wp-caption alignnone\"><a href=\"https:\/\/www.suwena.net\/wp-content\/uploads\/2020\/05\/IMG_5179.jpeg\"><img loading=\"lazy\" width=\"1440\" height=\"810\" src=\"https:\/\/www.suwena.net\/wp-content\/uploads\/2020\/05\/IMG_5179-1440x810.jpeg\" alt=\"Suwena Xufre telakan nosturissa Galiciassa\" class=\"size-featured-blog-large wp-image-15965\" srcset=\"https:\/\/www.suwena.net\/wp-content\/uploads\/2020\/05\/IMG_5179-1440x810.jpeg 1440w, https:\/\/www.suwena.net\/wp-content\/uploads\/2020\/05\/IMG_5179-768x432.jpeg 768w, https:\/\/www.suwena.net\/wp-content\/uploads\/2020\/05\/IMG_5179-300x169.jpeg 300w, https:\/\/www.suwena.net\/wp-content\/uploads\/2020\/05\/IMG_5179-1536x864.jpeg 1536w, https:\/\/www.suwena.net\/wp-content\/uploads\/2020\/05\/IMG_5179-2048x1151.jpeg 2048w\" sizes=\"(max-width: 1440px) 100vw, 1440px\" \/><\/a><figcaption id=\"caption-attachment-15965\" class=\"wp-caption-text\">Suwena Xufre telakan nosturissa Galiciassa<\/figcaption><\/figure><br \/>\nXufren telakan p\u00e4\u00e4asialliset asiakkaat ovat lukuisat R\u00eda de Arousan kalastusarmadan alukset. Arousa on keskimm\u00e4inen ja suurin viidest\u00e4 Galician R\u00edas Baixas suistoon kuuluvista lahdista.  Ja kuten arvata saattaa, niin t\u00e4\u00e4ll\u00e4 on tuhansia simpukkaviljelmi\u00e4 ja niit\u00e4 hoitavia kalastusaluksia. N\u00e4in ollen Nito poikansa Alexin kanssa on fiksusti kehitt\u00e4nyt Xufren palvelut keskittyen kalastusalusten huoltoon vuoden ymp\u00e4ri sek\u00e4 toki my\u00f6s huviveneiden s\u00e4ilytykseen.<br \/>\n<figure id=\"attachment_15963\" aria-describedby=\"caption-attachment-15963\" style=\"width: 1440px\" class=\"wp-caption alignnone\"><a href=\"https:\/\/www.suwena.net\/wp-content\/uploads\/2020\/05\/P1011784.jpeg\"><img loading=\"lazy\" width=\"1440\" height=\"810\" src=\"https:\/\/www.suwena.net\/wp-content\/uploads\/2020\/05\/P1011784-1440x810.jpeg\" alt=\"Xufre telakka Arousan saarella Galiciassa\" class=\"size-featured-blog-large wp-image-15963\" srcset=\"https:\/\/www.suwena.net\/wp-content\/uploads\/2020\/05\/P1011784-1440x810.jpeg 1440w, https:\/\/www.suwena.net\/wp-content\/uploads\/2020\/05\/P1011784-768x432.jpeg 768w, https:\/\/www.suwena.net\/wp-content\/uploads\/2020\/05\/P1011784-1438x810.jpeg 1438w, https:\/\/www.suwena.net\/wp-content\/uploads\/2020\/05\/P1011784-300x169.jpeg 300w, https:\/\/www.suwena.net\/wp-content\/uploads\/2020\/05\/P1011784-1536x865.jpeg 1536w, https:\/\/www.suwena.net\/wp-content\/uploads\/2020\/05\/P1011784-2048x1154.jpeg 2048w\" sizes=\"(max-width: 1440px) 100vw, 1440px\" \/><\/a><figcaption id=\"caption-attachment-15963\" class=\"wp-caption-text\">Xufre telakka Arousan saarella Galiciassa<\/figcaption><\/figure><br \/>\nTelakka-alue on turvallinen, erikseen aidoitettu alue, jonne me vuosipaikan hankkineet veneilij\u00e4t saimme oman avaimen. Se onkin tarpeen nyt, kun Suwena on maissa. Kun telakan ty\u00f6ntekij\u00e4t l\u00e4htev\u00e4t kotiin ja telakka-alue lukitaan, voi iltaisin vapaasti k\u00e4vell\u00e4 800 metrin p\u00e4\u00e4ss\u00e4 sijaitseviin kyl\u00e4keskustan ravintoloihin. Lis\u00e4ksi Xufresta l\u00f6ytyy konttiin rakennetut pienet sosiaaliset tilat, jotka kyll\u00e4 t\u00e4yttiv\u00e4t teht\u00e4v\u00e4ns\u00e4, vaikka eiv\u00e4t sisustuskilpailua voittaisikaan.<\/p>\n<p>Arkip\u00e4ivisin telakalla k\u00e4vi todella kuhina koko ajan, kun kalastusaluksia huollettiin. Xufre on todella telakka eik\u00e4 huvivenesatama, mutta veneen s\u00e4ilytt\u00e4miseen se on sopiva paikka. Kuten Nito kertoi, heill\u00e4 on er\u00e4s useita vuosia talvis\u00e4ilytyksess\u00e4 ollut vene, jonka he hoitavat huoltoineen p\u00e4ivineen valmiiksi niin, ett\u00e4 omistaja vain ilmoittaa saapumis- ja l\u00e4ht\u00f6p\u00e4iv\u00e4ns\u00e4. Kun taksi saapuu pihaan, vene lasketaan vesille. Vastaavasti l\u00e4htiess\u00e4 omistajien ainoa teht\u00e4v\u00e4 on nostaa matkatavarat pois veneest\u00e4 ja telakka hoitaa veneen noston ja valmistelun talvis\u00e4ilytykseen. <\/p>\n<p>Meill\u00e4 on kuitenkin tapana olla itse enemm\u00e4n mukana nostossa. Olimme valmistelleet veneen talvikuntoon Carami\u00f1alissa niin pitk\u00e4lle kuin mahdollista, jotta yksi p\u00e4iv\u00e4 maissa riitt\u00e4\u00e4 Suwenan talviunen aloittamiselle. <\/p>\n<p>Kun Suwena on maissa, asustelemme noin nelj\u00e4n metrin korkeudella maanpinnasta. Ensimm\u00e4isell\u00e4 kerralla se tuntui luonnottomalta, kun vene ei yht\u00e4kki\u00e4 liikkunutkaan veden liikett\u00e4 my\u00f6t\u00e4illen. Maissa asuessamme tukevat tikkaat ovat aina tarpeen, jotta p\u00e4\u00e4semme kiipe\u00e4m\u00e4\u00e4n kannelle. Matkatavaroiden kanssa tikkailla kiipeily ei oikein ole lysti\u00e4, mutta Suwenan lukuisista k\u00f6ysist\u00e4 saa aina n\u00e4pp\u00e4r\u00e4n avun, kun k\u00f6yden avulla min\u00e4 lasken ja Andrus vastaanottaa lalukun ja avaa solmun vapauttaakseen k\u00f6yden seuraavaa laukkuheijausta varten. Tiistaiaamulla laukkurumban j\u00e4lkeen oli aika sulkea Suwenan verhot, jotta aurinko ei talven aikana paahda salongissa ja pentteriss\u00e4 tiikki\u00e4 keltaiseksi. <\/p>\n<p>Viel\u00e4 viimeiset tarkistukset, ett\u00e4 kaikki tarpeelliset sulakkeet ovat poissa p\u00e4\u00e4lt\u00e4, kuten my\u00f6s kaikki luukut ja r\u00e4pp\u00e4n\u00e4t ovat tiiviisti kiinni, ja asetimme kosteudenpoistajan hurisemaan pentterin lavuaariin. J\u00e4t\u00e4mme vain lavuaarin l\u00e4piviennin auki, jotta kosteudenpoistajan poistoputkea pitkin p\u00e4\u00e4see kondensiovesi valumaan pois. Ei ole v\u00e4li\u00e4, onko Suwena talven vedess\u00e4 vai maissa, niin uusi kausi alkaa aina siten, ett\u00e4 astumme t\u00e4ysin kuivaan, ihanasti vain tiikille tuoksuvaan veneeseen.<\/p>\n<p>Vain en\u00e4\u00e4 avaimen k\u00e4\u00e4nt\u00f6 lukossa ja viimeiset taputtelut Suwenan k\u00f6liin ja tietysti jutustelu: \u201dOlehan tytt\u00f6 kiltisti ja odota meit\u00e4. Kohta se ensi kev\u00e4t saapuu.\u201d<\/p>\n<p>Xufresta l\u00e4hin juna-asema on Vilagarciassa, jonne Alex yst\u00e4v\u00e4llisesti k\u00e4vi meid\u00e4t autollaan heitt\u00e4m\u00e4ss\u00e4. Pitk\u00e4 kotimatka alkoi ensin junalla Vigoon, jossa vaihdoimme nopeammille siiville.<\/p>\n","protected":false},"excerpt":{"rendered":"<p>Saimme veneilykautemme viimeiselle purjehdukselle upean aurinkoisen sunnuntai-iltap\u00e4iv\u00e4n. Matkaa oli vain noin nelj\u00e4 mailia, kun ylitimme R\u00eda de Arousan lahden Carami\u00f1alista Illa de Arousan saarelle. Emme kuitenkaan malttaneet purjehtia suoraan Xufreen n\u00e4in kauden viimeisen\u00e4 purjehduksena. Nautimme mukavasta joka iltap\u00e4iv\u00e4isest\u00e4 Nortadasta, jonka<\/p>\n","protected":false},"author":2,"featured_media":15969,"comment_status":"open","ping_status":"open","sticky":false,"template":"","format":"standard","meta":[],"seasons":[23],"_links":{"self":[{"href":"https:\/\/www.suwena.net\/fi\/wp-json\/wp\/v2\/posts\/15961"}],"collection":[{"href":"https:\/\/www.suwena.net\/fi\/wp-json\/wp\/v2\/posts"}],"about":[{"href":"https:\/\/www.suwena.net\/fi\/wp-json\/wp\/v2\/types\/post"}],"author":[{"embeddable":true,"href":"https:\/\/www.suwena.net\/fi\/wp-json\/wp\/v2\/users\/2"}],"replies":[{"embeddable":true,"href":"https:\/\/www.suwena.net\/fi\/wp-json\/wp\/v2\/comments?post=15961"}],"version-history":[{"count":2,"href":"https:\/\/www.suwena.net\/fi\/wp-json\/wp\/v2\/posts\/15961\/revisions"}],"predecessor-version":[{"id":15972,"href":"https:\/\/www.suwena.net\/fi\/wp-json\/wp\/v2\/posts\/15961\/revisions\/15972"}],"wp:featuredmedia":[{"embeddable":true,"href":"https:\/\/www.suwena.net\/fi\/wp-json\/wp\/v2\/media\/15969"}],"wp:attachment":[{"href":"https:\/\/www.suwena.net\/fi\/wp-json\/wp\/v2\/media?parent=15961"}],"wp:term":[{"taxonomy":"seasons","embeddable":true,"href":"https:\/\/www.suwena.net\/fi\/wp-json\/wp\/v2\/seasons?post=15961"}],"curies":[{"name":"wp","href":"https:\/\/api.w.org\/{rel}","templated":true}]}}