
{"id":15996,"date":"2020-06-01T15:14:15","date_gmt":"2020-06-01T15:14:15","guid":{"rendered":"https:\/\/www.suwena.net\/?p=15996"},"modified":"2020-06-01T15:08:53","modified_gmt":"2020-06-01T15:08:53","slug":"caraminal-osa-3-5-6-9-6","status":"publish","type":"post","link":"https:\/\/www.suwena.net\/fi\/caraminal-osa-3-5-6-9-6\/","title":{"rendered":"Carami\u00f1al osa 3, 5.6. &#8211; 9.6."},"content":{"rendered":"<p>Kesken ahkeran venehuollon saimme yll\u00e4tyksellisen s\u00e4hk\u00f6postin sataman edustalla ankkurissa olevasta suomalaisveneest\u00e4. S\/Y Aina oli huomannut suomenlippumme mesaanista ja AIS:sta l\u00f6ydetty\u00e4\u00e4n meid\u00e4t he ottivat yhteytt\u00e4. Oli mukava tutustua Ingaan ja Jormaan ja tapasimmekin muutamaan kertaan pitkin viikkoa niin veneill\u00e4mme, hyv\u00e4n ruoan parissa kuin k\u00e4vimme my\u00f6s patikoimassa yhdess\u00e4. Inga ja Jorma olivat l\u00e4hteneet Suomesta omalle pitk\u00e4lle venematkalleen ja he pohtivat tuttuun tapaan kuin me muutkin t\u00e4ll\u00e4 rannikolla, ett\u00e4 k\u00e4\u00e4ntyv\u00e4tk\u00f6 oikealle vai vasemmalle? S\/Y Ainan matkaa olemme seuranneet heid\u00e4n <a href=\"https:\/\/kompassisuunta180.com\/fi\/\">kompassisuunta180 blogistaan<\/a>.<br \/>\n<figure id=\"attachment_16000\" aria-describedby=\"caption-attachment-16000\" style=\"width: 1440px\" class=\"wp-caption alignnone\"><a href=\"https:\/\/www.suwena.net\/wp-content\/uploads\/2020\/06\/P1022289.jpeg\"><img loading=\"lazy\" width=\"1440\" height=\"810\" src=\"https:\/\/www.suwena.net\/wp-content\/uploads\/2020\/06\/P1022289-1440x810.jpeg\" alt=\"Inga ja Jorma S\/Y Ainalta Carami\u00f1alissa, Galicia\" class=\"size-featured-blog-large wp-image-16000\" srcset=\"https:\/\/www.suwena.net\/wp-content\/uploads\/2020\/06\/P1022289-1440x810.jpeg 1440w, https:\/\/www.suwena.net\/wp-content\/uploads\/2020\/06\/P1022289-768x432.jpeg 768w, https:\/\/www.suwena.net\/wp-content\/uploads\/2020\/06\/P1022289-300x169.jpeg 300w, https:\/\/www.suwena.net\/wp-content\/uploads\/2020\/06\/P1022289-1536x864.jpeg 1536w, https:\/\/www.suwena.net\/wp-content\/uploads\/2020\/06\/P1022289-2048x1153.jpeg 2048w\" sizes=\"(max-width: 1440px) 100vw, 1440px\" \/><\/a><figcaption id=\"caption-attachment-16000\" class=\"wp-caption-text\">Inga ja Jorma S\/Y Ainalta Carami\u00f1alissa, Galicia<\/figcaption><\/figure><br \/>\nViime kes\u00e4n\u00e4 t\u00e4\u00e4ll\u00e4 Carami\u00f1alissa naapuriveneen miehist\u00f6 l\u00e4hti py\u00f6r\u00e4ll\u00e4 vuoristojoelle uimaan makeaan veteen, ja heid\u00e4n kuvaus oli niin eloisa, ett\u00e4 asia j\u00e4i meill\u00e4kin mieleen muhimaan. Andrus tutkaili Google-karttaa ja h\u00e4n l\u00f6ysi l\u00e4heiselt\u00e4 Alto do Armelon vuorelta luonnonl\u00e4hteen vesiputouksineen nimelt\u00e4 Piscinas naturales. Olimme huhkineet koko viikon veneen kanssa ja Suwena oli nyt valmis kes\u00e4matkaan, joten lauantaina palkitsimme itsemme patikointip\u00e4iv\u00e4ll\u00e4 ja melkoinen p\u00e4iv\u00e4 siit\u00e4 tulikin.<\/p>\n<p>Patikkaretkemme alkoi nelj\u00e4n kilometrin k\u00e4velyll\u00e4 ensin vuorenjuurelle. J\u00e4lkik\u00e4teen ajateltuna olisi pit\u00e4nyt l\u00e4hte\u00e4 matkaan py\u00f6r\u00e4ll\u00e4, mutta reitti ei n\u00e4ytt\u00e4nyt kartalla niin pitk\u00e4lt\u00e4 ja olimme t\u00e4ynn\u00e4 kev\u00e4tenergiaa \ud83d\ude42  <\/p>\n<p>Reittimme vei Santa Cruz kyl\u00e4n halki ja Rio Pedras-joenvartta pitkin, kunnes l\u00f6ysimme luontopolun ensimm\u00e4iset reittikartat. Sitten vasta varsinainen nousu alkoi. Polkuja oli useita, joista me arvoimme omamme. Polku polveili vuorenrinnett\u00e4 yl\u00f6sp\u00e4in, v\u00e4lill\u00e4 polun l\u00e4hes kadotessa tai sen puikkelehtiessa erikokoisten kivien yli. Opasteet olivat eritt\u00e4in olemattomat. Muutaman kerran eksyimme ja palattuamme takaisin omia j\u00e4lki\u00e4mme, otimme j\u00e4lleen uuden reitin. Tavoitteemme oli p\u00e4\u00e4ty\u00e4 l\u00e4hteille.<br \/>\n<figure id=\"attachment_16016\" aria-describedby=\"caption-attachment-16016\" style=\"width: 1440px\" class=\"wp-caption alignnone\"><a href=\"https:\/\/www.suwena.net\/wp-content\/uploads\/2020\/06\/P1022148.jpeg\"><img loading=\"lazy\" width=\"1440\" height=\"810\" src=\"https:\/\/www.suwena.net\/wp-content\/uploads\/2020\/06\/P1022148-1440x810.jpeg\" alt=\"Santa Cruz kyl\u00e4n kirkko, Galicia\" class=\"size-featured-blog-large wp-image-16016\" srcset=\"https:\/\/www.suwena.net\/wp-content\/uploads\/2020\/06\/P1022148-1440x810.jpeg 1440w, https:\/\/www.suwena.net\/wp-content\/uploads\/2020\/06\/P1022148-768x432.jpeg 768w, https:\/\/www.suwena.net\/wp-content\/uploads\/2020\/06\/P1022148-300x169.jpeg 300w, https:\/\/www.suwena.net\/wp-content\/uploads\/2020\/06\/P1022148-1536x864.jpeg 1536w, https:\/\/www.suwena.net\/wp-content\/uploads\/2020\/06\/P1022148-2048x1152.jpeg 2048w\" sizes=\"(max-width: 1440px) 100vw, 1440px\" \/><\/a><figcaption id=\"caption-attachment-16016\" class=\"wp-caption-text\">Santa Cruz kyl\u00e4n kirkko, Galicia<\/figcaption><\/figure><br \/>\nKun olimme patikoineet vuorella reilu kaksi kilometri\u00e4, saavuimme kivisillalle, jonka j\u00e4lkeen k\u00e4\u00e4ntym\u00e4ll\u00e4 oikealle ja alas olisimme p\u00e4\u00e4tyneet luonnonl\u00e4hteille tai k\u00e4\u00e4ntym\u00e4ll\u00e4 vasemmalle jatkaisimme kiipe\u00e4mist\u00e4 yl\u00f6s. Koko alkumatkan joki oli meid\u00e4n oikealla puolella ja olimme n\u00e4hneet useita koskia. Andrus ehdottikin, ett\u00e4 &#8220;jatketaanko viel\u00e4 yl\u00f6s n\u00e4hd\u00e4ksemme paremmat n\u00e4kym\u00e4t luonnonl\u00e4hteiden sijasta?&#8221; Pikku tauon j\u00e4lkeen jatkoimmekin kiipe\u00e4mist\u00e4 yl\u00f6sp\u00e4in.<br \/>\n<figure id=\"attachment_16014\" aria-describedby=\"caption-attachment-16014\" style=\"width: 1440px\" class=\"wp-caption alignnone\"><a href=\"https:\/\/www.suwena.net\/wp-content\/uploads\/2020\/06\/P1022180.jpeg\"><img loading=\"lazy\" width=\"1440\" height=\"810\" src=\"https:\/\/www.suwena.net\/wp-content\/uploads\/2020\/06\/P1022180-1440x810.jpeg\" alt=\"Eve tutkimassa eukalyptus puuta Galiciassa\" class=\"size-featured-blog-large wp-image-16014\" srcset=\"https:\/\/www.suwena.net\/wp-content\/uploads\/2020\/06\/P1022180-1440x810.jpeg 1440w, https:\/\/www.suwena.net\/wp-content\/uploads\/2020\/06\/P1022180-768x432.jpeg 768w, https:\/\/www.suwena.net\/wp-content\/uploads\/2020\/06\/P1022180-300x169.jpeg 300w, https:\/\/www.suwena.net\/wp-content\/uploads\/2020\/06\/P1022180-1536x864.jpeg 1536w, https:\/\/www.suwena.net\/wp-content\/uploads\/2020\/06\/P1022180-2048x1153.jpeg 2048w\" sizes=\"(max-width: 1440px) 100vw, 1440px\" \/><\/a><figcaption id=\"caption-attachment-16014\" class=\"wp-caption-text\">Eve tutkimassa eukalyptus puuta Galiciassa<\/figcaption><\/figure><br \/>\n<figure id=\"attachment_16006\" aria-describedby=\"caption-attachment-16006\" style=\"width: 1440px\" class=\"wp-caption alignnone\"><a href=\"https:\/\/www.suwena.net\/wp-content\/uploads\/2020\/06\/P1022223.jpeg\"><img loading=\"lazy\" width=\"1440\" height=\"810\" src=\"https:\/\/www.suwena.net\/wp-content\/uploads\/2020\/06\/P1022223-1440x810.jpeg\" alt=\"Andrus patikoimassa Galiciassa\" class=\"size-featured-blog-large wp-image-16006\" srcset=\"https:\/\/www.suwena.net\/wp-content\/uploads\/2020\/06\/P1022223-1440x810.jpeg 1440w, https:\/\/www.suwena.net\/wp-content\/uploads\/2020\/06\/P1022223-768x432.jpeg 768w, https:\/\/www.suwena.net\/wp-content\/uploads\/2020\/06\/P1022223-300x169.jpeg 300w, https:\/\/www.suwena.net\/wp-content\/uploads\/2020\/06\/P1022223-1536x864.jpeg 1536w, https:\/\/www.suwena.net\/wp-content\/uploads\/2020\/06\/P1022223-2048x1152.jpeg 2048w\" sizes=\"(max-width: 1440px) 100vw, 1440px\" \/><\/a><figcaption id=\"caption-attachment-16006\" class=\"wp-caption-text\">Andrus patikoimassa Galiciassa<\/figcaption><\/figure><br \/>\n<figure id=\"attachment_16012\" aria-describedby=\"caption-attachment-16012\" style=\"width: 1440px\" class=\"wp-caption alignnone\"><a href=\"https:\/\/www.suwena.net\/wp-content\/uploads\/2020\/06\/P1022186.jpeg\"><img loading=\"lazy\" width=\"1440\" height=\"810\" src=\"https:\/\/www.suwena.net\/wp-content\/uploads\/2020\/06\/P1022186-1440x810.jpeg\" alt=\"R\u00edo Pedras joki Galiciassa\" class=\"size-featured-blog-large wp-image-16012\" srcset=\"https:\/\/www.suwena.net\/wp-content\/uploads\/2020\/06\/P1022186-1440x810.jpeg 1440w, https:\/\/www.suwena.net\/wp-content\/uploads\/2020\/06\/P1022186-768x432.jpeg 768w, https:\/\/www.suwena.net\/wp-content\/uploads\/2020\/06\/P1022186-1438x810.jpeg 1438w, https:\/\/www.suwena.net\/wp-content\/uploads\/2020\/06\/P1022186-300x169.jpeg 300w, https:\/\/www.suwena.net\/wp-content\/uploads\/2020\/06\/P1022186-1536x865.jpeg 1536w, https:\/\/www.suwena.net\/wp-content\/uploads\/2020\/06\/P1022186-2048x1154.jpeg 2048w\" sizes=\"(max-width: 1440px) 100vw, 1440px\" \/><\/a><figcaption id=\"caption-attachment-16012\" class=\"wp-caption-text\">R\u00edo Pedras joki Galiciassa<\/figcaption><\/figure><br \/>\n<figure id=\"attachment_16010\" aria-describedby=\"caption-attachment-16010\" style=\"width: 1440px\" class=\"wp-caption alignnone\"><a href=\"https:\/\/www.suwena.net\/wp-content\/uploads\/2020\/06\/P1022195.jpeg\"><img loading=\"lazy\" width=\"1440\" height=\"810\" src=\"https:\/\/www.suwena.net\/wp-content\/uploads\/2020\/06\/P1022195-1440x810.jpeg\" alt=\"Patikointipolku r\u00edo Pedras joella, Galicia\" class=\"size-featured-blog-large wp-image-16010\" srcset=\"https:\/\/www.suwena.net\/wp-content\/uploads\/2020\/06\/P1022195-1440x810.jpeg 1440w, https:\/\/www.suwena.net\/wp-content\/uploads\/2020\/06\/P1022195-768x432.jpeg 768w, https:\/\/www.suwena.net\/wp-content\/uploads\/2020\/06\/P1022195-300x169.jpeg 300w, https:\/\/www.suwena.net\/wp-content\/uploads\/2020\/06\/P1022195-1536x865.jpeg 1536w, https:\/\/www.suwena.net\/wp-content\/uploads\/2020\/06\/P1022195-2048x1153.jpeg 2048w\" sizes=\"(max-width: 1440px) 100vw, 1440px\" \/><\/a><figcaption id=\"caption-attachment-16010\" class=\"wp-caption-text\">Patikointipolku r\u00edo Pedras joella, Galicia<\/figcaption><\/figure><br \/>\n<figure id=\"attachment_16008\" aria-describedby=\"caption-attachment-16008\" style=\"width: 1440px\" class=\"wp-caption alignnone\"><a href=\"https:\/\/www.suwena.net\/wp-content\/uploads\/2020\/06\/P1022206.jpeg\"><img loading=\"lazy\" width=\"1440\" height=\"810\" src=\"https:\/\/www.suwena.net\/wp-content\/uploads\/2020\/06\/P1022206-1440x810.jpeg\" alt=\"Koski r\u00edo Pedras joella, Galicia\" class=\"size-featured-blog-large wp-image-16008\" srcset=\"https:\/\/www.suwena.net\/wp-content\/uploads\/2020\/06\/P1022206-1440x810.jpeg 1440w, https:\/\/www.suwena.net\/wp-content\/uploads\/2020\/06\/P1022206-768x432.jpeg 768w, https:\/\/www.suwena.net\/wp-content\/uploads\/2020\/06\/P1022206-300x169.jpeg 300w, https:\/\/www.suwena.net\/wp-content\/uploads\/2020\/06\/P1022206-1536x864.jpeg 1536w, https:\/\/www.suwena.net\/wp-content\/uploads\/2020\/06\/P1022206-2048x1153.jpeg 2048w\" sizes=\"(max-width: 1440px) 100vw, 1440px\" \/><\/a><figcaption id=\"caption-attachment-16008\" class=\"wp-caption-text\">Koski r\u00edo Pedras joella, Galicia<\/figcaption><\/figure><br \/>\nReitin alkupiste sijaitsee 115 metri\u00e4 merenpinnasta. L\u00e4hteet l\u00f6ytyv\u00e4t 2,7 kilometrin p\u00e4\u00e4st\u00e4 450 metrin korkeudesta. Me kiipesimme entist\u00e4 ylemm\u00e4s. Kivir\u00f6ykki\u00f6iden koko vain kasvoi ja lopulta vuoripolku muuttui todella jyrk\u00e4ksi. Meid\u00e4n p\u00e4iv\u00e4kiinti\u00f6 tuli t\u00e4yteen, kun polku vei meid\u00e4t er\u00e4\u00e4n oikein tihe\u00e4n pensaikon halki. Minulla oli selke\u00e4sti v\u00e4\u00e4r\u00e4nlainen patikointiasu p\u00e4\u00e4ll\u00e4, sill\u00e4 lyhyet shortsit eiv\u00e4t suojanneet jalkaparkojani. Kun pys\u00e4hdyimme h\u00f6rpp\u00e4\u00e4m\u00e4\u00e4n vett\u00e4, Andrus k\u00e4\u00e4ntyi ja kauhistui n\u00e4hdess\u00e4\u00e4n minun pahasti naarmuuntuneet, verta valuvat reidet ja s\u00e4\u00e4ret. Samalla edess\u00e4 avautuva seuraava rinne olisi ollut entist\u00e4 jyrkempi ja minun uskallus loppui. En ep\u00e4ile, ettenk\u00f6 olisi p\u00e4\u00e4ssyt yl\u00f6s, mutta laskeutumista v\u00e4h\u00e4n arvelin, ett\u00e4 millainen mahalasku siit\u00e4 mahtaa tulla? Olimme jo kiivenneet 500 metrin korkeuteen ja huipulle oli viel\u00e4 sata metri\u00e4 saavuttaaksemme parhaan n\u00e4k\u00f6alapaikan. Me pys\u00e4hdyimme ottamaan viel\u00e4 viimeiset kuvat ja k\u00e4\u00e4nnyimme kotimatkalle. Olihan p\u00e4iv\u00e4 jo pitk\u00e4ll\u00e4 ja laskeutumista alam\u00e4keen viel\u00e4 tulisi riitt\u00e4m\u00e4\u00e4n. Kun olimme takaisin Suwenalla oli matkaksi kertynyt reilu 15 kilometri\u00e4 ja nousua mahtavat 500 metri\u00e4 Suwenan laiturilta yl\u00f6sp\u00e4in. Hyvin tehty Suwenan miehist\u00f6!<br \/>\n<figure id=\"attachment_16004\" aria-describedby=\"caption-attachment-16004\" style=\"width: 1440px\" class=\"wp-caption alignnone\"><a href=\"https:\/\/www.suwena.net\/wp-content\/uploads\/2020\/06\/P1022215.jpeg\"><img loading=\"lazy\" width=\"1440\" height=\"810\" src=\"https:\/\/www.suwena.net\/wp-content\/uploads\/2020\/06\/P1022215-1440x810.jpeg\" alt=\"R\u00eda de Arousa, Galicia\" class=\"size-featured-blog-large wp-image-16004\" srcset=\"https:\/\/www.suwena.net\/wp-content\/uploads\/2020\/06\/P1022215-1440x810.jpeg 1440w, https:\/\/www.suwena.net\/wp-content\/uploads\/2020\/06\/P1022215-768x432.jpeg 768w, https:\/\/www.suwena.net\/wp-content\/uploads\/2020\/06\/P1022215-300x169.jpeg 300w, https:\/\/www.suwena.net\/wp-content\/uploads\/2020\/06\/P1022215-1536x864.jpeg 1536w, https:\/\/www.suwena.net\/wp-content\/uploads\/2020\/06\/P1022215-2048x1152.jpeg 2048w\" sizes=\"(max-width: 1440px) 100vw, 1440px\" \/><\/a><figcaption id=\"caption-attachment-16004\" class=\"wp-caption-text\">R\u00eda de Arousa, Galicia<\/figcaption><\/figure><br \/>\n<figure id=\"attachment_16002\" aria-describedby=\"caption-attachment-16002\" style=\"width: 1440px\" class=\"wp-caption alignnone\"><a href=\"https:\/\/www.suwena.net\/wp-content\/uploads\/2020\/06\/P1022263.jpeg\"><img loading=\"lazy\" width=\"1440\" height=\"810\" src=\"https:\/\/www.suwena.net\/wp-content\/uploads\/2020\/06\/P1022263-1440x810.jpeg\" alt=\"R\u00eda de Arousa, Galicia\" class=\"size-featured-blog-large wp-image-16002\" srcset=\"https:\/\/www.suwena.net\/wp-content\/uploads\/2020\/06\/P1022263-1440x810.jpeg 1440w, https:\/\/www.suwena.net\/wp-content\/uploads\/2020\/06\/P1022263-768x432.jpeg 768w, https:\/\/www.suwena.net\/wp-content\/uploads\/2020\/06\/P1022263-1438x810.jpeg 1438w, https:\/\/www.suwena.net\/wp-content\/uploads\/2020\/06\/P1022263-300x169.jpeg 300w, https:\/\/www.suwena.net\/wp-content\/uploads\/2020\/06\/P1022263-1536x865.jpeg 1536w, https:\/\/www.suwena.net\/wp-content\/uploads\/2020\/06\/P1022263-2048x1154.jpeg 2048w\" sizes=\"(max-width: 1440px) 100vw, 1440px\" \/><\/a><figcaption id=\"caption-attachment-16002\" class=\"wp-caption-text\">R\u00eda de Arousa, Galicia<\/figcaption><\/figure><br \/>\nSen verran kaloreita poltimme, ett\u00e4 avasimme Suwenalle p\u00e4\u00e4sty\u00e4mme janoisena Galician parhaan oluen, 1906 Reserva Especial eli paikalliseen tapaan sanottuna mil nueve. N\u00e4in matkattuamme pitkin Pohjois-Eurooppaa t\u00e4m\u00e4 olut on ehdottomasti yksi parhaista, ellei paras. T\u00e4m\u00e4 erinomainen Estrella Galician olut on saanut nimens\u00e4 tehtaan perustamisvuoden mukaan, ja kun nimi olisi sanottuna n\u00e4in pitk\u00e4, mil novecientos seis, se lyhenee paikalliseen tapaan n\u00e4ps\u00e4k\u00e4sti huikatessasi dos mil nueve por favor ja saat takuu varmasti joka tarjoilijalta hymyn t\u00e4ss\u00e4 kolkassa maailmaa.<br \/>\n<figure id=\"attachment_16018\" aria-describedby=\"caption-attachment-16018\" style=\"width: 1440px\" class=\"wp-caption alignnone\"><a href=\"https:\/\/www.suwena.net\/wp-content\/uploads\/2020\/06\/P1022141.jpeg\"><img loading=\"lazy\" width=\"1440\" height=\"810\" src=\"https:\/\/www.suwena.net\/wp-content\/uploads\/2020\/06\/P1022141-1440x810.jpeg\" alt=\"Purjehdijoiden lauttakokoontuminen r\u00eda de Arousalla, Galicia\" class=\"size-featured-blog-large wp-image-16018\" srcset=\"https:\/\/www.suwena.net\/wp-content\/uploads\/2020\/06\/P1022141-1440x810.jpeg 1440w, https:\/\/www.suwena.net\/wp-content\/uploads\/2020\/06\/P1022141-768x432.jpeg 768w, https:\/\/www.suwena.net\/wp-content\/uploads\/2020\/06\/P1022141-300x169.jpeg 300w, https:\/\/www.suwena.net\/wp-content\/uploads\/2020\/06\/P1022141-1536x864.jpeg 1536w, https:\/\/www.suwena.net\/wp-content\/uploads\/2020\/06\/P1022141-2048x1153.jpeg 2048w\" sizes=\"(max-width: 1440px) 100vw, 1440px\" \/><\/a><figcaption id=\"caption-attachment-16018\" class=\"wp-caption-text\">Purjehdijoiden lauttakokoontuminen r\u00eda de Arousalla, Galicia<\/figcaption><\/figure><br \/>\nKuten aina kauden aluksi me bunkraamme Suwenan sen verran tuhdisti, ettei seuraavissa paikoissa tarvitse muuta k\u00e4siss\u00e4 kuljetella kuin tuoreruoka ja jotain pient\u00e4. Provianttien hankinta onnistui Carami\u00f1alissa t\u00e4ydellisesti. Rantapromenadia pitkin p\u00e4\u00e4see n\u00e4pp\u00e4r\u00e4sti k\u00e4velem\u00e4\u00e4n kilsan p\u00e4\u00e4ss\u00e4 sijaitseviin Gadis tai Eroski super marketteihin. Kun ostokset tekev\u00e4t v\u00e4hint\u00e4\u00e4n 50 \u20ac, niin kummastakin kaupasta saa ilmaisen kotiin kuljetuksen. Kun menet kauppaan, niin k\u00e4y ensin infossa kertomassa, ett\u00e4 haluat kotiin kuljetuksen eli servicio a domicilio -palvelun. T\u00e4ll\u00f6in kassalla ostoksesi pakataan suoraan laatikoihin ja he toimittavat ne perille vuorokauden sis\u00e4ll\u00e4. Ja n\u00e4in Suwena oli valmis kauteen eik\u00e4 veneen bunkraus olisi en\u00e4\u00e4 helpommin voinut tapahtua.<br \/>\n<figure id=\"attachment_16020\" aria-describedby=\"caption-attachment-16020\" style=\"width: 1440px\" class=\"wp-caption alignnone\"><a href=\"https:\/\/www.suwena.net\/wp-content\/uploads\/2020\/06\/P1022124.jpeg\"><img loading=\"lazy\" width=\"1440\" height=\"810\" src=\"https:\/\/www.suwena.net\/wp-content\/uploads\/2020\/06\/P1022124-1440x810.jpeg\" alt=\"Andrus vastaanottaa ruokatoimitusta Carami\u00f1alissa, Galicia\" class=\"size-featured-blog-large wp-image-16020\" srcset=\"https:\/\/www.suwena.net\/wp-content\/uploads\/2020\/06\/P1022124-1440x810.jpeg 1440w, https:\/\/www.suwena.net\/wp-content\/uploads\/2020\/06\/P1022124-768x432.jpeg 768w, https:\/\/www.suwena.net\/wp-content\/uploads\/2020\/06\/P1022124-300x169.jpeg 300w, https:\/\/www.suwena.net\/wp-content\/uploads\/2020\/06\/P1022124-2048x1154.jpeg 2048w\" sizes=\"(max-width: 1440px) 100vw, 1440px\" \/><\/a><figcaption id=\"caption-attachment-16020\" class=\"wp-caption-text\">Andrus vastaanottaa ruokatoimitusta Carami\u00f1alissa, Galicia<\/figcaption><\/figure><\/p>\n","protected":false},"excerpt":{"rendered":"<p>Kesken ahkeran venehuollon saimme yll\u00e4tyksellisen s\u00e4hk\u00f6postin sataman edustalla ankkurissa olevasta suomalaisveneest\u00e4. S\/Y Aina oli huomannut suomenlippumme mesaanista ja AIS:sta l\u00f6ydetty\u00e4\u00e4n meid\u00e4t he ottivat yhteytt\u00e4. Oli mukava tutustua Ingaan ja Jormaan ja tapasimmekin muutamaan kertaan pitkin viikkoa niin veneill\u00e4mme, hyv\u00e4n ruoan<\/p>\n","protected":false},"author":2,"featured_media":16006,"comment_status":"open","ping_status":"open","sticky":false,"template":"","format":"standard","meta":[],"seasons":[31],"_links":{"self":[{"href":"https:\/\/www.suwena.net\/fi\/wp-json\/wp\/v2\/posts\/15996"}],"collection":[{"href":"https:\/\/www.suwena.net\/fi\/wp-json\/wp\/v2\/posts"}],"about":[{"href":"https:\/\/www.suwena.net\/fi\/wp-json\/wp\/v2\/types\/post"}],"author":[{"embeddable":true,"href":"https:\/\/www.suwena.net\/fi\/wp-json\/wp\/v2\/users\/2"}],"replies":[{"embeddable":true,"href":"https:\/\/www.suwena.net\/fi\/wp-json\/wp\/v2\/comments?post=15996"}],"version-history":[{"count":5,"href":"https:\/\/www.suwena.net\/fi\/wp-json\/wp\/v2\/posts\/15996\/revisions"}],"predecessor-version":[{"id":16024,"href":"https:\/\/www.suwena.net\/fi\/wp-json\/wp\/v2\/posts\/15996\/revisions\/16024"}],"wp:featuredmedia":[{"embeddable":true,"href":"https:\/\/www.suwena.net\/fi\/wp-json\/wp\/v2\/media\/16006"}],"wp:attachment":[{"href":"https:\/\/www.suwena.net\/fi\/wp-json\/wp\/v2\/media?parent=15996"}],"wp:term":[{"taxonomy":"seasons","embeddable":true,"href":"https:\/\/www.suwena.net\/fi\/wp-json\/wp\/v2\/seasons?post=15996"}],"curies":[{"name":"wp","href":"https:\/\/api.w.org\/{rel}","templated":true}]}}