
{"id":16078,"date":"2022-05-28T18:17:57","date_gmt":"2022-05-28T18:17:57","guid":{"rendered":"https:\/\/www.suwena.net\/?p=16078"},"modified":"2022-05-28T18:19:55","modified_gmt":"2022-05-28T18:19:55","slug":"vesilla-jalleen-2022","status":"publish","type":"post","link":"https:\/\/www.suwena.net\/fi\/vesilla-jalleen-2022\/","title":{"rendered":"Vesill\u00e4 j\u00e4lleen 2022"},"content":{"rendered":"<p>Helmikuussa 2020 tulimme Lissaboniin valmistelemaan Suwenaa kes\u00e4matkalle. Andrus teki mm. moottorihuollot valmiiksi ja k\u00e4vimme my\u00f6s parilla eri telakalla selvitt\u00e4m\u00e4ss\u00e4 Suwenan maihin nostoa kev\u00e4thuoltoa ajatellen. Ja hyv\u00e4 paikka l\u00f6ytyikin Lissabonin vierest\u00e4 Alg\u00e9sista. Tuolloin ei olisi voinut mitenk\u00e4\u00e4n arvata, ett\u00e4 huhtikuun lentoliput j\u00e4\u00e4v\u00e4t k\u00e4ytt\u00e4m\u00e4tt\u00e4 ja Suwena tulee odottamaan meit\u00e4 yli kaksi vuotta Lissabonissa.<br \/>\n<figure id=\"attachment_16081\" aria-describedby=\"caption-attachment-16081\" style=\"width: 1440px\" class=\"wp-caption alignnone\"><a href=\"https:\/\/www.suwena.net\/wp-content\/uploads\/2022\/05\/P1044563.jpeg\"><img loading=\"lazy\" width=\"1440\" height=\"810\" src=\"https:\/\/www.suwena.net\/wp-content\/uploads\/2022\/05\/P1044563-1440x810.jpeg\" alt=\"Eve ja Andrus Alg\u00e9sin venetelakalla\" class=\"size-featured-blog-large wp-image-16081\" srcset=\"https:\/\/www.suwena.net\/wp-content\/uploads\/2022\/05\/P1044563-1440x810.jpeg 1440w, https:\/\/www.suwena.net\/wp-content\/uploads\/2022\/05\/P1044563-768x432.jpeg 768w, https:\/\/www.suwena.net\/wp-content\/uploads\/2022\/05\/P1044563-300x169.jpeg 300w, https:\/\/www.suwena.net\/wp-content\/uploads\/2022\/05\/P1044563-1536x864.jpeg 1536w, https:\/\/www.suwena.net\/wp-content\/uploads\/2022\/05\/P1044563-2048x1153.jpeg 2048w\" sizes=\"(max-width: 1440px) 100vw, 1440px\" \/><\/a><figcaption id=\"caption-attachment-16081\" class=\"wp-caption-text\">Eve ja Andrus Alg\u00e9sin venetelakalla<\/figcaption><\/figure><br \/>\nKorona aiheutti kaikenlaista muutosta el\u00e4m\u00e4\u00e4n, joten Suwenan blogiin ei riitt\u00e4nyt virtaa. Nyt vihdoinkin Suwena on nostettu maihin t\u00e4\u00e4ll\u00e4 Alg\u00e9sissa Portugalissa ja aina aamuisin odotamme innokkaina pitk\u00e4n ty\u00f6listan kera ty\u00f6miehi\u00e4 huoltohommiin, jotta Suwena saadaan valmiiksi t\u00e4m\u00e4n kes\u00e4n matkaamme.<br \/>\n<figure id=\"attachment_16083\" aria-describedby=\"caption-attachment-16083\" style=\"width: 1440px\" class=\"wp-caption alignnone\"><a href=\"https:\/\/www.suwena.net\/wp-content\/uploads\/2022\/05\/P1044557.jpeg\"><img loading=\"lazy\" width=\"1440\" height=\"810\" src=\"https:\/\/www.suwena.net\/wp-content\/uploads\/2022\/05\/P1044557-1440x810.jpeg\" alt=\"Suwena Alg\u00e9sin venetelakalla Portugalissa\" class=\"size-featured-blog-large wp-image-16083\" srcset=\"https:\/\/www.suwena.net\/wp-content\/uploads\/2022\/05\/P1044557-1440x810.jpeg 1440w, https:\/\/www.suwena.net\/wp-content\/uploads\/2022\/05\/P1044557-768x432.jpeg 768w, https:\/\/www.suwena.net\/wp-content\/uploads\/2022\/05\/P1044557-1438x810.jpeg 1438w, https:\/\/www.suwena.net\/wp-content\/uploads\/2022\/05\/P1044557-300x169.jpeg 300w, https:\/\/www.suwena.net\/wp-content\/uploads\/2022\/05\/P1044557-1536x865.jpeg 1536w, https:\/\/www.suwena.net\/wp-content\/uploads\/2022\/05\/P1044557-2048x1154.jpeg 2048w\" sizes=\"(max-width: 1440px) 100vw, 1440px\" \/><\/a><figcaption id=\"caption-attachment-16083\" class=\"wp-caption-text\">Suwena Alg\u00e9sin venetelakalla Portugalissa<\/figcaption><\/figure><br \/>\nT\u00e4\u00e4ll\u00e4 huoltojen v\u00e4liss\u00e4 tulemme p\u00e4ivitt\u00e4m\u00e4\u00e4n blogin j\u00e4lleen ajan tasalle. Ennen kuin p\u00e4\u00e4semme kiinni t\u00e4m\u00e4n kes\u00e4n tarinoihin, niin aikamatkustamme Galiciaan ja tulemme purjehtimaan Portugalin rannikkoa alas Lissaboniin saakka.<\/p>\n<p>On ihanaa taas jatkaa Suwenan seikkailuja ja nauti sin\u00e4kin niist\u00e4 kanssamme!<\/p>\n","protected":false},"excerpt":{"rendered":"<p>Helmikuussa 2020 tulimme Lissaboniin valmistelemaan Suwenaa kes\u00e4matkalle. Andrus teki mm. moottorihuollot valmiiksi ja k\u00e4vimme my\u00f6s parilla eri telakalla selvitt\u00e4m\u00e4ss\u00e4 Suwenan maihin nostoa kev\u00e4thuoltoa ajatellen. Ja hyv\u00e4 paikka l\u00f6ytyikin Lissabonin vierest\u00e4 Alg\u00e9sista. Tuolloin ei olisi voinut mitenk\u00e4\u00e4n arvata, ett\u00e4 huhtikuun lentoliput<\/p>\n","protected":false},"author":2,"featured_media":16081,"comment_status":"open","ping_status":"open","sticky":false,"template":"","format":"standard","meta":[],"seasons":[35],"_links":{"self":[{"href":"https:\/\/www.suwena.net\/fi\/wp-json\/wp\/v2\/posts\/16078"}],"collection":[{"href":"https:\/\/www.suwena.net\/fi\/wp-json\/wp\/v2\/posts"}],"about":[{"href":"https:\/\/www.suwena.net\/fi\/wp-json\/wp\/v2\/types\/post"}],"author":[{"embeddable":true,"href":"https:\/\/www.suwena.net\/fi\/wp-json\/wp\/v2\/users\/2"}],"replies":[{"embeddable":true,"href":"https:\/\/www.suwena.net\/fi\/wp-json\/wp\/v2\/comments?post=16078"}],"version-history":[{"count":3,"href":"https:\/\/www.suwena.net\/fi\/wp-json\/wp\/v2\/posts\/16078\/revisions"}],"predecessor-version":[{"id":16088,"href":"https:\/\/www.suwena.net\/fi\/wp-json\/wp\/v2\/posts\/16078\/revisions\/16088"}],"wp:featuredmedia":[{"embeddable":true,"href":"https:\/\/www.suwena.net\/fi\/wp-json\/wp\/v2\/media\/16081"}],"wp:attachment":[{"href":"https:\/\/www.suwena.net\/fi\/wp-json\/wp\/v2\/media?parent=16078"}],"wp:term":[{"taxonomy":"seasons","embeddable":true,"href":"https:\/\/www.suwena.net\/fi\/wp-json\/wp\/v2\/seasons?post=16078"}],"curies":[{"name":"wp","href":"https:\/\/api.w.org\/{rel}","templated":true}]}}