
{"id":16228,"date":"2022-06-08T09:13:51","date_gmt":"2022-06-08T09:13:51","guid":{"rendered":"https:\/\/www.suwena.net\/?p=16228"},"modified":"2022-06-08T09:24:04","modified_gmt":"2022-06-08T09:24:04","slug":"porto-26-6-3-7","status":"publish","type":"post","link":"https:\/\/www.suwena.net\/fi\/porto-26-6-3-7\/","title":{"rendered":"Porto 26.6. \u2013 3.7."},"content":{"rendered":"<p>Purjehdimme 39 mailia Viana do Castelosta portviinin kotikoloon eli Portoon, josta t\u00e4m\u00e4 kuuluisa portugalilainen makea viini laivataan ymp\u00e4ri maailmaa. Me kuitenkin olimme vasta menossa maistelemaan Porton ilmapiiri\u00e4 ja tunnelmaa, ja t\u00e4llaisia makupaloja meille j\u00e4i Portosta mukaan viemisiksi.<\/p>\n<p>Portossa on kaksi satamaa. Leix\u00f5es, joka sijaitsee nimens\u00e4 mukaisesti Leix\u00f5eksen kyl\u00e4ss\u00e4, noin 10 km Porton keskustasta. Kaupallisen sataman nurkasta l\u00f6ytyy huvivenesatama, ja kuulemma t\u00e4m\u00e4 satama on edullisempi, mutta kauempana mestoilta. My\u00f6s ankkuroinnin kannalta Leixoes on oivallisempi, sill\u00e4 satama-altaassa on tilaa heitt\u00e4\u00e4 koukku alas.<\/p>\n<p>Toinen satama oli meid\u00e4n satama, Marina Douro. Se sijaitsee Afuradan kyl\u00e4ss\u00e4, l\u00e4hemp\u00e4n\u00e4 keskustaa, Douro-joen etel\u00e4rannalla, kun kukkulainen Porton kaupunki kohoaa Douro-joen pohjoisrannalla.<br \/>\n<figure id=\"attachment_16249\" aria-describedby=\"caption-attachment-16249\" style=\"width: 1440px\" class=\"wp-caption alignnone\"><a href=\"https:\/\/www.suwena.net\/wp-content\/uploads\/2022\/06\/P1033241.jpeg\"><img loading=\"lazy\" width=\"1440\" height=\"810\" src=\"https:\/\/www.suwena.net\/wp-content\/uploads\/2022\/06\/P1033241-1440x810.jpeg\" alt=\"Afuradan kyl\u00e4 Douro-joella, Portugali\" class=\"size-featured-blog-large wp-image-16249\" srcset=\"https:\/\/www.suwena.net\/wp-content\/uploads\/2022\/06\/P1033241-1440x810.jpeg 1440w, https:\/\/www.suwena.net\/wp-content\/uploads\/2022\/06\/P1033241-768x432.jpeg 768w, https:\/\/www.suwena.net\/wp-content\/uploads\/2022\/06\/P1033241-1438x810.jpeg 1438w, https:\/\/www.suwena.net\/wp-content\/uploads\/2022\/06\/P1033241-300x169.jpeg 300w, https:\/\/www.suwena.net\/wp-content\/uploads\/2022\/06\/P1033241-1536x865.jpeg 1536w, https:\/\/www.suwena.net\/wp-content\/uploads\/2022\/06\/P1033241-2048x1154.jpeg 2048w\" sizes=\"(max-width: 1440px) 100vw, 1440px\" \/><\/a><figcaption id=\"caption-attachment-16249\" class=\"wp-caption-text\">Afuradan kyl\u00e4 Douro-joella, Portugali<\/figcaption><\/figure><br \/>\n<figure id=\"attachment_16237\" aria-describedby=\"caption-attachment-16237\" style=\"width: 1440px\" class=\"wp-caption alignnone\"><a href=\"https:\/\/www.suwena.net\/wp-content\/uploads\/2022\/06\/P1033314.jpeg\"><img loading=\"lazy\" width=\"1440\" height=\"810\" src=\"https:\/\/www.suwena.net\/wp-content\/uploads\/2022\/06\/P1033314-1440x810.jpeg\" alt=\"Porto, Portugal\" class=\"size-featured-blog-large wp-image-16237\" srcset=\"https:\/\/www.suwena.net\/wp-content\/uploads\/2022\/06\/P1033314-1440x810.jpeg 1440w, https:\/\/www.suwena.net\/wp-content\/uploads\/2022\/06\/P1033314-768x432.jpeg 768w, https:\/\/www.suwena.net\/wp-content\/uploads\/2022\/06\/P1033314-300x169.jpeg 300w, https:\/\/www.suwena.net\/wp-content\/uploads\/2022\/06\/P1033314-1536x864.jpeg 1536w, https:\/\/www.suwena.net\/wp-content\/uploads\/2022\/06\/P1033314-2048x1153.jpeg 2048w\" sizes=\"(max-width: 1440px) 100vw, 1440px\" \/><\/a><figcaption id=\"caption-attachment-16237\" class=\"wp-caption-text\">Porto, Portugal<\/figcaption><\/figure><br \/>\nSaavuimme Portoon h\u00e4m\u00e4rtyv\u00e4ss\u00e4 illassa. VHF-kutsuun ei kukaan vastannut, vaikka sataman suulla oli valtavan iso kyltti kutsupyynn\u00f6st\u00e4. Kiinnitimme Suwenan kylkikiinnitykseen pitk\u00e4\u00e4n uloimpaan laituriin ja ajattelimme, ett\u00e4 siirret\u00e4\u00e4n Suwena p\u00e4iv\u00e4nn\u00e4\u00f6ll\u00e4 parempaan paikkaan. Se j\u00e4i sitten siirt\u00e4m\u00e4tt\u00e4 koko ajaksi, sill\u00e4 satama oli tupaten t\u00e4ynn\u00e4.<br \/>\n<figure id=\"attachment_16261\" aria-describedby=\"caption-attachment-16261\" style=\"width: 1440px\" class=\"wp-caption alignnone\"><a href=\"https:\/\/www.suwena.net\/wp-content\/uploads\/2022\/06\/P1033160.jpeg\"><img loading=\"lazy\" width=\"1440\" height=\"810\" src=\"https:\/\/www.suwena.net\/wp-content\/uploads\/2022\/06\/P1033160-1440x810.jpeg\" alt=\"Suwena saapuu Portoon\" class=\"size-featured-blog-large wp-image-16261\" srcset=\"https:\/\/www.suwena.net\/wp-content\/uploads\/2022\/06\/P1033160-1440x810.jpeg 1440w, https:\/\/www.suwena.net\/wp-content\/uploads\/2022\/06\/P1033160-768x432.jpeg 768w, https:\/\/www.suwena.net\/wp-content\/uploads\/2022\/06\/P1033160-1438x810.jpeg 1438w, https:\/\/www.suwena.net\/wp-content\/uploads\/2022\/06\/P1033160-300x169.jpeg 300w, https:\/\/www.suwena.net\/wp-content\/uploads\/2022\/06\/P1033160-1536x865.jpeg 1536w, https:\/\/www.suwena.net\/wp-content\/uploads\/2022\/06\/P1033160-2048x1154.jpeg 2048w\" sizes=\"(max-width: 1440px) 100vw, 1440px\" \/><\/a><figcaption id=\"caption-attachment-16261\" class=\"wp-caption-text\">Suwena saapuu Portoon<\/figcaption><\/figure><br \/>\nPaikka oli muutoin ihan bueno, mutta ponttoonilaiturimme piti hirmuista kolinaa. Se kuulosti kuin valtava pop corn -kattila olisi poksahdellut koko ajan. Aiemmin ihmiset valittivat, ett\u00e4 satamaan tulee todella kova swelli ja t\u00e4t\u00e4 mainikia est\u00e4m\u00e4\u00e4n oli asennettu noin 100 metrin matkalle laiturin alle muoviputkia, jotka kolkahtelivat vastakkain pienest\u00e4kin aallosta. \u00c4\u00e4ni oli todella erikoinen, etten sanoisi, ett\u00e4 \u00e4rsytt\u00e4v\u00e4.<\/p>\n<p>Porton sataman erikoisuutena oli mukava aamupalapalvelu, kun viel\u00e4 s\u00e4ngyss\u00e4 p\u00f6tk\u00f6ttelimme, niin jolla putputti viereemme ja sitloodan t\u00f6mps\u00e4hti s\u00e4mpyl\u00e4pussi &#8211; yksi s\u00e4mpyl\u00e4 per miehist\u00f6n j\u00e4sen. Jo satamaan kirjautuessa meilt\u00e4 varmistettiin miehist\u00f6n lukum\u00e4\u00e4r\u00e4, jotta oikeam\u00e4\u00e4r\u00e4 s\u00e4mpyl\u00f6it\u00e4 marineerot tiet\u00e4v\u00e4t jakaa veneisiin. Ei muuta kuin kahveet tulelle ja nauttimaan aamupalaa kes\u00e4isiss\u00e4 tunnelmissa takakannella. Nauroimmekin, ett\u00e4 t\u00e4m\u00e4 on vaarallista, sill\u00e4 t\u00e4h\u00e4n voi vaikka tottua \ud83d\ude42<br \/>\n<figure id=\"attachment_16259\" aria-describedby=\"caption-attachment-16259\" style=\"width: 1440px\" class=\"wp-caption alignnone\"><a href=\"https:\/\/www.suwena.net\/wp-content\/uploads\/2022\/06\/P1033163.jpeg\"><img loading=\"lazy\" width=\"1440\" height=\"810\" src=\"https:\/\/www.suwena.net\/wp-content\/uploads\/2022\/06\/P1033163-1440x810.jpeg\" alt=\"Marinan aamupalapalvelu Portossa\" class=\"size-featured-blog-large wp-image-16259\" srcset=\"https:\/\/www.suwena.net\/wp-content\/uploads\/2022\/06\/P1033163-1440x810.jpeg 1440w, https:\/\/www.suwena.net\/wp-content\/uploads\/2022\/06\/P1033163-768x432.jpeg 768w, https:\/\/www.suwena.net\/wp-content\/uploads\/2022\/06\/P1033163-300x169.jpeg 300w, https:\/\/www.suwena.net\/wp-content\/uploads\/2022\/06\/P1033163-1536x864.jpeg 1536w, https:\/\/www.suwena.net\/wp-content\/uploads\/2022\/06\/P1033163-2048x1152.jpeg 2048w\" sizes=\"(max-width: 1440px) 100vw, 1440px\" \/><\/a><figcaption id=\"caption-attachment-16259\" class=\"wp-caption-text\">Marinan aamupalapalvelu Portossa<\/figcaption><\/figure><br \/>\nPortugali on kes\u00e4isin yht\u00e4 festaa eli juhlaa. L\u00e4hes joka viikko kyl\u00e4juhlia piisaa. Me satuimme Portoon merimiesten kotiin paluuta suojelevan pyh\u00e4n Pedron juhlan aikaan \u2013 Festa de S\u00e3o Pedro. Meren henkeen kuuluu tietysti kaikenlaisten merenel\u00e4vien ja kalojen nauttiminen riitt\u00e4v\u00e4n juoman, tanssin ja hauskanpidon merkeiss\u00e4. Jos Vienassa oli grillej\u00e4 kaduilla, niin Portossa niit\u00e4 oli moninkertainen m\u00e4\u00e4r\u00e4. Sait niin grillattua sardiinia tai mit\u00e4 vaan kalaa, jota vain osaat kuvitella. Toki lihansy\u00f6ji\u00e4k\u00e4\u00e4n ei grilliherkuissa oltu unohdettu.<br \/>\n<figure id=\"attachment_16257\" aria-describedby=\"caption-attachment-16257\" style=\"width: 1440px\" class=\"wp-caption alignnone\"><a href=\"https:\/\/www.suwena.net\/wp-content\/uploads\/2022\/06\/P1033183.jpeg\"><img loading=\"lazy\" width=\"1440\" height=\"810\" src=\"https:\/\/www.suwena.net\/wp-content\/uploads\/2022\/06\/P1033183-1440x810.jpeg\" alt=\"Portugalilainen illallinen Portossa\" class=\"size-featured-blog-large wp-image-16257\" srcset=\"https:\/\/www.suwena.net\/wp-content\/uploads\/2022\/06\/P1033183-1440x810.jpeg 1440w, https:\/\/www.suwena.net\/wp-content\/uploads\/2022\/06\/P1033183-768x432.jpeg 768w, https:\/\/www.suwena.net\/wp-content\/uploads\/2022\/06\/P1033183-1438x810.jpeg 1438w, https:\/\/www.suwena.net\/wp-content\/uploads\/2022\/06\/P1033183-300x169.jpeg 300w, https:\/\/www.suwena.net\/wp-content\/uploads\/2022\/06\/P1033183-1536x865.jpeg 1536w, https:\/\/www.suwena.net\/wp-content\/uploads\/2022\/06\/P1033183-2048x1154.jpeg 2048w\" sizes=\"(max-width: 1440px) 100vw, 1440px\" \/><\/a><figcaption id=\"caption-attachment-16257\" class=\"wp-caption-text\">Portugalilainen illallinen Portossa<\/figcaption><\/figure><br \/>\n<figure id=\"attachment_16255\" aria-describedby=\"caption-attachment-16255\" style=\"width: 1440px\" class=\"wp-caption alignnone\"><a href=\"https:\/\/www.suwena.net\/wp-content\/uploads\/2022\/06\/P1033188.jpeg\"><img loading=\"lazy\" width=\"1440\" height=\"810\" src=\"https:\/\/www.suwena.net\/wp-content\/uploads\/2022\/06\/P1033188-1440x810.jpeg\" alt=\"Festa de S\u00e3o Pedro Afuradan kyl\u00e4ss\u00e4, Portugali\" class=\"size-featured-blog-large wp-image-16255\" srcset=\"https:\/\/www.suwena.net\/wp-content\/uploads\/2022\/06\/P1033188-1440x810.jpeg 1440w, https:\/\/www.suwena.net\/wp-content\/uploads\/2022\/06\/P1033188-768x432.jpeg 768w, https:\/\/www.suwena.net\/wp-content\/uploads\/2022\/06\/P1033188-300x169.jpeg 300w, https:\/\/www.suwena.net\/wp-content\/uploads\/2022\/06\/P1033188-1536x865.jpeg 1536w, https:\/\/www.suwena.net\/wp-content\/uploads\/2022\/06\/P1033188-2048x1153.jpeg 2048w\" sizes=\"(max-width: 1440px) 100vw, 1440px\" \/><\/a><figcaption id=\"caption-attachment-16255\" class=\"wp-caption-text\">Festa de S\u00e3o Pedro Afuradan kyl\u00e4ss\u00e4, Portugali<\/figcaption><\/figure><br \/>\n<figure id=\"attachment_16253\" aria-describedby=\"caption-attachment-16253\" style=\"width: 1440px\" class=\"wp-caption alignnone\"><a href=\"https:\/\/www.suwena.net\/wp-content\/uploads\/2022\/06\/P1033196.jpeg\"><img loading=\"lazy\" width=\"1440\" height=\"810\" src=\"https:\/\/www.suwena.net\/wp-content\/uploads\/2022\/06\/P1033196-1440x810.jpeg\" alt=\"Festa de S\u00e3o Pedro Afuradan kyl\u00e4ss\u00e4, Portugali\" class=\"size-featured-blog-large wp-image-16253\" srcset=\"https:\/\/www.suwena.net\/wp-content\/uploads\/2022\/06\/P1033196-1440x810.jpeg 1440w, https:\/\/www.suwena.net\/wp-content\/uploads\/2022\/06\/P1033196-768x432.jpeg 768w, https:\/\/www.suwena.net\/wp-content\/uploads\/2022\/06\/P1033196-1438x810.jpeg 1438w, https:\/\/www.suwena.net\/wp-content\/uploads\/2022\/06\/P1033196-300x169.jpeg 300w, https:\/\/www.suwena.net\/wp-content\/uploads\/2022\/06\/P1033196-1536x865.jpeg 1536w, https:\/\/www.suwena.net\/wp-content\/uploads\/2022\/06\/P1033196-2048x1154.jpeg 2048w\" sizes=\"(max-width: 1440px) 100vw, 1440px\" \/><\/a><figcaption id=\"caption-attachment-16253\" class=\"wp-caption-text\">Festa de S\u00e3o Pedro Afuradan kyl\u00e4ss\u00e4, Portugali<\/figcaption><\/figure><br \/>\nSatamamme omassa kyl\u00e4ss\u00e4, Afuradassa, juhlittiin 12 p\u00e4iv\u00e4\u00e4 S\u00e3o Pedroa. Tivoli kaikkine herkkkukojuineen ja esiintymislava pullisteli aina vaan tunnetumpia laulajia. Mit\u00e4 my\u00f6h\u00e4isempi aika puoleny\u00f6n j\u00e4lkeen oli, sit\u00e4 suurempi t\u00e4hti nousi lavalle ja miksaajat k\u00e4\u00e4nsiv\u00e4t \u00e4myri pidemm\u00e4lle kaakkoon.<\/p>\n<p>Toisiksi viimeisen\u00e4 iltana bileet olivat niin riehakkaat, ett\u00e4 luulimme jo juhlien huipentuvan p\u00e4\u00e4t\u00f6kseen. Toisin k\u00e4vi, seuraavana iltana ihmettelimme, kun ensimm\u00e4ist\u00e4 kertaa paikalliset l\u00e4htiv\u00e4t veneill\u00e4 joelle lillumaan. Ilta eteni ja kun olimme jo menneet nukkumaan, niin her\u00e4tys oli karu, kun ihan vierest\u00e4mme joella lautan p\u00e4\u00e4lt\u00e4 alkoi massiivinen ilotulitus. no, pitih\u00e4n sit\u00e4 nousta ihastelemaan meid\u00e4nkin.<\/p>\n<p>Me retkeilimme ristiin rastiin Portoa ja joen toisella puolella sijaitsevaa Vila Nova de Gaian kaupunkia. Tietysti k\u00e4vimme kiipeilem\u00e4ss\u00e4 maailman kauneimman kirjakaupan Livraria Lellon kierreportaissa, joista J K Rowling oli Harry Potteriinsa vaikutteita ottanut asuessaan 1990-luvulla Portossa. Kirjakauppa vet\u00e4\u00e4 niin paljon Potter faneja, ett\u00e4 nyky\u00e4\u00e4n sinne saa ensin jonottaa p\u00e4\u00e4sylipun ostamista. Sen j\u00e4lkeen jonotetaan kauppaan. Toki p\u00e4\u00e4sylipun verran saat alennusta kirjaostoksesta. Olisimme jotain halunneet ostaakin, mutta ulkomaalaisia parveileva kirjakauppa pullisteli enimm\u00e4kseen portugalin kielisi\u00e4 kirjoja. No, n\u00e4in he saavat pit\u00e4\u00e4 p\u00e4\u00e4sylipputulonsa, kun monikaan ei voi shoppailla uutta lukukokemusta mukaansa \u2013 ainakaan niin, ett\u00e4 ymm\u00e4rt\u00e4isi sen punaisen langan.<br \/>\n<figure id=\"attachment_16233\" aria-describedby=\"caption-attachment-16233\" style=\"width: 1440px\" class=\"wp-caption alignnone\"><a href=\"https:\/\/www.suwena.net\/wp-content\/uploads\/2022\/06\/P1033325.jpeg\"><img loading=\"lazy\" width=\"1440\" height=\"810\" src=\"https:\/\/www.suwena.net\/wp-content\/uploads\/2022\/06\/P1033325-1440x810.jpeg\" alt=\"Livraria Lello, Porto\" class=\"size-featured-blog-large wp-image-16233\" srcset=\"https:\/\/www.suwena.net\/wp-content\/uploads\/2022\/06\/P1033325-1440x810.jpeg 1440w, https:\/\/www.suwena.net\/wp-content\/uploads\/2022\/06\/P1033325-768x432.jpeg 768w, https:\/\/www.suwena.net\/wp-content\/uploads\/2022\/06\/P1033325-1438x810.jpeg 1438w, https:\/\/www.suwena.net\/wp-content\/uploads\/2022\/06\/P1033325-300x169.jpeg 300w, https:\/\/www.suwena.net\/wp-content\/uploads\/2022\/06\/P1033325-1536x865.jpeg 1536w, https:\/\/www.suwena.net\/wp-content\/uploads\/2022\/06\/P1033325-2048x1154.jpeg 2048w\" sizes=\"(max-width: 1440px) 100vw, 1440px\" \/><\/a><figcaption id=\"caption-attachment-16233\" class=\"wp-caption-text\">Livraria Lello, Porto<\/figcaption><\/figure><br \/>\n<figure id=\"attachment_16231\" aria-describedby=\"caption-attachment-16231\" style=\"width: 1440px\" class=\"wp-caption alignnone\"><a href=\"https:\/\/www.suwena.net\/wp-content\/uploads\/2022\/06\/P1033335.jpeg\"><img loading=\"lazy\" width=\"1440\" height=\"810\" src=\"https:\/\/www.suwena.net\/wp-content\/uploads\/2022\/06\/P1033335-1440x810.jpeg\" alt=\"Eve Livraria Lellossa, Porto\" class=\"size-featured-blog-large wp-image-16231\" srcset=\"https:\/\/www.suwena.net\/wp-content\/uploads\/2022\/06\/P1033335-1440x810.jpeg 1440w, https:\/\/www.suwena.net\/wp-content\/uploads\/2022\/06\/P1033335-768x432.jpeg 768w, https:\/\/www.suwena.net\/wp-content\/uploads\/2022\/06\/P1033335-1438x810.jpeg 1438w, https:\/\/www.suwena.net\/wp-content\/uploads\/2022\/06\/P1033335-300x169.jpeg 300w, https:\/\/www.suwena.net\/wp-content\/uploads\/2022\/06\/P1033335-1536x865.jpeg 1536w, https:\/\/www.suwena.net\/wp-content\/uploads\/2022\/06\/P1033335-2048x1154.jpeg 2048w\" sizes=\"(max-width: 1440px) 100vw, 1440px\" \/><\/a><figcaption id=\"caption-attachment-16231\" class=\"wp-caption-text\">Eve Livraria Lellossa, Porto<\/figcaption><\/figure><br \/>\nPorton ylle kohoaa barokkikirkko Cl\u00e9rigos, jonka 75,6 metri\u00e4 korkea torni kutsuu katselemaan Porton maisemia. Kiipesimme 240 askelta tornin kuudenteen kerrokseen, josta avautuvat n\u00e4kym\u00e4t olivat Andrusille pettymys. Viana do Castelon maisemat voittavat kyll\u00e4 Porton n\u00e4k\u00f6alan. Innostustamme hillitsi varmastikin kovasti likaiset, virtsalta haisevat ja graffittien peitt\u00e4m\u00e4t portaikon sein\u00e4t. Luulisi, ett\u00e4 jos t\u00e4m\u00e4 on kaupungin yksi t\u00e4rkeimpi\u00e4 n\u00e4ht\u00e4vyyksi\u00e4, siit\u00e4 pidett\u00e4isiin parempaa huolta. Ehk\u00e4 se sampoaa sen verran kiihke\u00e4sti rahaa, ettei yll\u00e4pit\u00e4m\u00e4\u00e4n ehdit\u00e4. Onneksi muutoin Porto tarjoili hyvi\u00e4 kokemuksia, jos t\u00e4m\u00e4 Torre dos Cl\u00e9rigos -torni unohdetaan.<br \/>\n<figure id=\"attachment_16247\" aria-describedby=\"caption-attachment-16247\" style=\"width: 1440px\" class=\"wp-caption alignnone\"><a href=\"https:\/\/www.suwena.net\/wp-content\/uploads\/2022\/06\/P1033254.jpeg\"><img loading=\"lazy\" width=\"1440\" height=\"810\" src=\"https:\/\/www.suwena.net\/wp-content\/uploads\/2022\/06\/P1033254-1440x810.jpeg\" alt=\"S\u00e3o Benton rautatieasema Portossa\" class=\"size-featured-blog-large wp-image-16247\" srcset=\"https:\/\/www.suwena.net\/wp-content\/uploads\/2022\/06\/P1033254-1440x810.jpeg 1440w, https:\/\/www.suwena.net\/wp-content\/uploads\/2022\/06\/P1033254-768x432.jpeg 768w, https:\/\/www.suwena.net\/wp-content\/uploads\/2022\/06\/P1033254-300x169.jpeg 300w, https:\/\/www.suwena.net\/wp-content\/uploads\/2022\/06\/P1033254-1536x864.jpeg 1536w, https:\/\/www.suwena.net\/wp-content\/uploads\/2022\/06\/P1033254-2048x1153.jpeg 2048w\" sizes=\"(max-width: 1440px) 100vw, 1440px\" \/><\/a><figcaption id=\"caption-attachment-16247\" class=\"wp-caption-text\">S\u00e3o Benton rautatieasema Portossa<\/figcaption><\/figure><br \/>\n<figure id=\"attachment_16245\" aria-describedby=\"caption-attachment-16245\" style=\"width: 1440px\" class=\"wp-caption alignnone\"><a href=\"https:\/\/www.suwena.net\/wp-content\/uploads\/2022\/06\/P1033268.jpeg\"><img loading=\"lazy\" width=\"1440\" height=\"810\" src=\"https:\/\/www.suwena.net\/wp-content\/uploads\/2022\/06\/P1033268-1440x810.jpeg\" alt=\"Santa Catarina ostoskatu, Porto\" class=\"size-featured-blog-large wp-image-16245\" srcset=\"https:\/\/www.suwena.net\/wp-content\/uploads\/2022\/06\/P1033268-1440x810.jpeg 1440w, https:\/\/www.suwena.net\/wp-content\/uploads\/2022\/06\/P1033268-768x432.jpeg 768w, https:\/\/www.suwena.net\/wp-content\/uploads\/2022\/06\/P1033268-300x169.jpeg 300w, https:\/\/www.suwena.net\/wp-content\/uploads\/2022\/06\/P1033268-1536x865.jpeg 1536w, https:\/\/www.suwena.net\/wp-content\/uploads\/2022\/06\/P1033268-2048x1153.jpeg 2048w\" sizes=\"(max-width: 1440px) 100vw, 1440px\" \/><\/a><figcaption id=\"caption-attachment-16245\" class=\"wp-caption-text\">Santa Catarina ostoskatu, Porto<\/figcaption><\/figure><br \/>\nPorton tarina t\u00e4ytyy tietty huipentua portviiniin. Me ihastuimme portviiniin itseasiassa vasta pari vuotta ennen Porton reissuamme, kun yst\u00e4v\u00e4mme toi illanistujaisiin Cockburn\u2019s Special Reserve portviinin. Ihastuimme siihen niin, ett\u00e4 etsimme juuri tuon viinin uudestaan kotiin maisteltavaksi. Ei varmaan tarvitse arvata, mink\u00e4 portviinikellarin maistiaisiin me halusimme menn\u00e4 tutustumaan, kun Portoon asti p\u00e4\u00e4simme. Vaikka satamamaksuun sis\u00e4ltyi yhden portviinikellarin maistelu, niin me otimme Boltin ja hurautimme Cockburn\u2019sille omalle retkelle.<\/p>\n<p>Vila Nova de Gaia -kaupungissa Douro-joen toisella puolella sijaitsee lukuisia viinikellareita, joihin j\u00e4rjestet\u00e4\u00e4n tutustumiskierroksia ja my\u00f6s viininmaisteluja. Hintaan sis\u00e4ltyi kolmen erilaisen ja eri-ik\u00e4isen portin maistelu, ja kun uteliaita olimme, valitsimme kaksi erilaista lajitelmaa ja n\u00e4in p\u00e4\u00e4simme maistelemaan yhdess\u00e4 viel\u00e4 useampaa lajia.<br \/>\n<figure id=\"attachment_16235\" aria-describedby=\"caption-attachment-16235\" style=\"width: 1440px\" class=\"wp-caption alignnone\"><a href=\"https:\/\/www.suwena.net\/wp-content\/uploads\/2022\/06\/P1033315.jpeg\"><img loading=\"lazy\" width=\"1440\" height=\"810\" src=\"https:\/\/www.suwena.net\/wp-content\/uploads\/2022\/06\/P1033315-1440x810.jpeg\" alt=\"Vila Nova de Gaian rantakatu, Portugali\" class=\"size-featured-blog-large wp-image-16235\" srcset=\"https:\/\/www.suwena.net\/wp-content\/uploads\/2022\/06\/P1033315-1440x810.jpeg 1440w, https:\/\/www.suwena.net\/wp-content\/uploads\/2022\/06\/P1033315-768x432.jpeg 768w, https:\/\/www.suwena.net\/wp-content\/uploads\/2022\/06\/P1033315-1438x810.jpeg 1438w, https:\/\/www.suwena.net\/wp-content\/uploads\/2022\/06\/P1033315-300x169.jpeg 300w, https:\/\/www.suwena.net\/wp-content\/uploads\/2022\/06\/P1033315-1536x865.jpeg 1536w, https:\/\/www.suwena.net\/wp-content\/uploads\/2022\/06\/P1033315-2048x1154.jpeg 2048w\" sizes=\"(max-width: 1440px) 100vw, 1440px\" \/><\/a><figcaption id=\"caption-attachment-16235\" class=\"wp-caption-text\">Vila Nova de Gaian rantakatu, Portugali<\/figcaption><\/figure><br \/>\nOpas kertoi meille portviinin valmistuksen eri vaiheista samalla kun kiersimme viinikellareissa valtavia sammioita. Portviinin ryp\u00e4leet kasvatetaan kaikki Douron laakson rinteill\u00e4, jonne voi muuten my\u00f6s menn\u00e4 jokiristeilyll\u00e4 tutustumaan viininviljelyyn tarkemmin. Douro-jokihan jatkuu yli 900 kilometri\u00e4 halki Portugalin ja pitk\u00e4lti Espanjan puolelle.<br \/>\n<figure id=\"attachment_16243\" aria-describedby=\"caption-attachment-16243\" style=\"width: 1440px\" class=\"wp-caption alignnone\"><a href=\"https:\/\/www.suwena.net\/wp-content\/uploads\/2022\/06\/P1033289.jpeg\"><img loading=\"lazy\" width=\"1440\" height=\"810\" src=\"https:\/\/www.suwena.net\/wp-content\/uploads\/2022\/06\/P1033289-1440x810.jpeg\" alt=\"Cockburn&#039;s portviinikellari, Vila Nova de Gaia, Portugali\" class=\"size-featured-blog-large wp-image-16243\" srcset=\"https:\/\/www.suwena.net\/wp-content\/uploads\/2022\/06\/P1033289-1440x810.jpeg 1440w, https:\/\/www.suwena.net\/wp-content\/uploads\/2022\/06\/P1033289-768x432.jpeg 768w, https:\/\/www.suwena.net\/wp-content\/uploads\/2022\/06\/P1033289-1438x810.jpeg 1438w, https:\/\/www.suwena.net\/wp-content\/uploads\/2022\/06\/P1033289-300x169.jpeg 300w, https:\/\/www.suwena.net\/wp-content\/uploads\/2022\/06\/P1033289-1536x865.jpeg 1536w, https:\/\/www.suwena.net\/wp-content\/uploads\/2022\/06\/P1033289-2048x1154.jpeg 2048w\" sizes=\"(max-width: 1440px) 100vw, 1440px\" \/><\/a><figcaption id=\"caption-attachment-16243\" class=\"wp-caption-text\">Cockburn&#8217;s portviinikellari, Vila Nova de Gaia, Portugali<\/figcaption><\/figure><br \/>\n<figure id=\"attachment_16239\" aria-describedby=\"caption-attachment-16239\" style=\"width: 1440px\" class=\"wp-caption alignnone\"><a href=\"https:\/\/www.suwena.net\/wp-content\/uploads\/2022\/06\/P1033275.jpeg\"><img loading=\"lazy\" width=\"1440\" height=\"810\" src=\"https:\/\/www.suwena.net\/wp-content\/uploads\/2022\/06\/P1033275-1440x810.jpeg\" alt=\"Cockburn&#039;s portviinikellari, Vila Nova de Gaia, Portugali\" class=\"size-featured-blog-large wp-image-16239\" srcset=\"https:\/\/www.suwena.net\/wp-content\/uploads\/2022\/06\/P1033275-1440x810.jpeg 1440w, https:\/\/www.suwena.net\/wp-content\/uploads\/2022\/06\/P1033275-768x432.jpeg 768w, https:\/\/www.suwena.net\/wp-content\/uploads\/2022\/06\/P1033275-1438x810.jpeg 1438w, https:\/\/www.suwena.net\/wp-content\/uploads\/2022\/06\/P1033275-300x169.jpeg 300w, https:\/\/www.suwena.net\/wp-content\/uploads\/2022\/06\/P1033275-1536x865.jpeg 1536w, https:\/\/www.suwena.net\/wp-content\/uploads\/2022\/06\/P1033275-2048x1154.jpeg 2048w\" sizes=\"(max-width: 1440px) 100vw, 1440px\" \/><\/a><figcaption id=\"caption-attachment-16239\" class=\"wp-caption-text\">Cockburn&#8217;s portviinikellari, Vila Nova de Gaia, Portugali<\/figcaption><\/figure><br \/>\nKellarikierroksella p\u00e4\u00e4simme my\u00f6s katsomaan omistajien yksityiskokoelmaa 1800-luvulta. Mahtavatko he koskaan raskia avata niit\u00e4?<br \/>\n<figure id=\"attachment_16241\" aria-describedby=\"caption-attachment-16241\" style=\"width: 1440px\" class=\"wp-caption alignnone\"><a href=\"https:\/\/www.suwena.net\/wp-content\/uploads\/2022\/06\/P1033297.jpeg\"><img loading=\"lazy\" width=\"1440\" height=\"810\" src=\"https:\/\/www.suwena.net\/wp-content\/uploads\/2022\/06\/P1033297-1440x810.jpeg\" alt=\"Cockburn&#039;s vintage viinikellari, Vila Nova de Gaia, Portugali\" class=\"size-featured-blog-large wp-image-16241\" srcset=\"https:\/\/www.suwena.net\/wp-content\/uploads\/2022\/06\/P1033297-1440x810.jpeg 1440w, https:\/\/www.suwena.net\/wp-content\/uploads\/2022\/06\/P1033297-768x432.jpeg 768w, https:\/\/www.suwena.net\/wp-content\/uploads\/2022\/06\/P1033297-1438x810.jpeg 1438w, https:\/\/www.suwena.net\/wp-content\/uploads\/2022\/06\/P1033297-300x169.jpeg 300w, https:\/\/www.suwena.net\/wp-content\/uploads\/2022\/06\/P1033297-1536x865.jpeg 1536w, https:\/\/www.suwena.net\/wp-content\/uploads\/2022\/06\/P1033297-2048x1154.jpeg 2048w\" sizes=\"(max-width: 1440px) 100vw, 1440px\" \/><\/a><figcaption id=\"caption-attachment-16241\" class=\"wp-caption-text\">Cockburn&#8217;s vintage viinikellari, Vila Nova de Gaia, Portugali<\/figcaption><\/figure><\/p>\n","protected":false},"excerpt":{"rendered":"<p>Purjehdimme 39 mailia Viana do Castelosta portviinin kotikoloon eli Portoon, josta t\u00e4m\u00e4 kuuluisa portugalilainen makea viini laivataan ymp\u00e4ri maailmaa. Me kuitenkin olimme vasta menossa maistelemaan Porton ilmapiiri\u00e4 ja tunnelmaa, ja t\u00e4llaisia makupaloja meille j\u00e4i Portosta mukaan viemisiksi. Portossa on kaksi<\/p>\n","protected":false},"author":2,"featured_media":16261,"comment_status":"open","ping_status":"open","sticky":false,"template":"","format":"standard","meta":[],"seasons":[31],"_links":{"self":[{"href":"https:\/\/www.suwena.net\/fi\/wp-json\/wp\/v2\/posts\/16228"}],"collection":[{"href":"https:\/\/www.suwena.net\/fi\/wp-json\/wp\/v2\/posts"}],"about":[{"href":"https:\/\/www.suwena.net\/fi\/wp-json\/wp\/v2\/types\/post"}],"author":[{"embeddable":true,"href":"https:\/\/www.suwena.net\/fi\/wp-json\/wp\/v2\/users\/2"}],"replies":[{"embeddable":true,"href":"https:\/\/www.suwena.net\/fi\/wp-json\/wp\/v2\/comments?post=16228"}],"version-history":[{"count":4,"href":"https:\/\/www.suwena.net\/fi\/wp-json\/wp\/v2\/posts\/16228\/revisions"}],"predecessor-version":[{"id":16268,"href":"https:\/\/www.suwena.net\/fi\/wp-json\/wp\/v2\/posts\/16228\/revisions\/16268"}],"wp:featuredmedia":[{"embeddable":true,"href":"https:\/\/www.suwena.net\/fi\/wp-json\/wp\/v2\/media\/16261"}],"wp:attachment":[{"href":"https:\/\/www.suwena.net\/fi\/wp-json\/wp\/v2\/media?parent=16228"}],"wp:term":[{"taxonomy":"seasons","embeddable":true,"href":"https:\/\/www.suwena.net\/fi\/wp-json\/wp\/v2\/seasons?post=16228"}],"curies":[{"name":"wp","href":"https:\/\/api.w.org\/{rel}","templated":true}]}}