
{"id":16609,"date":"2022-07-15T19:13:50","date_gmt":"2022-07-15T19:13:50","guid":{"rendered":"https:\/\/www.suwena.net\/?p=16609"},"modified":"2022-07-15T19:15:56","modified_gmt":"2022-07-15T19:15:56","slug":"sagres-14-6-16-6","status":"publish","type":"post","link":"https:\/\/www.suwena.net\/fi\/sagres-14-6-16-6\/","title":{"rendered":"Sagres 14.6. \u2013 16.6."},"content":{"rendered":"<p>Aiotteko k\u00e4\u00e4nty\u00e4 oikealle vaiko vasemmalle? T\u00e4t\u00e4 aina jokainen purjehtija kysyy toiselta, kun satamassa jutustelemme ja suuntana on Cabo de S\u00e3o Vicenten niemi. Meille suunta oli selv\u00e4, sill\u00e4 tarkoituksemme on pysy\u00e4 muutama vuosi koluamassa V\u00e4limeren ihmeit\u00e4 \u2013 siisp\u00e4 k\u00e4\u00e4nn\u00f6s vasempaan p\u00e4in!<br \/>\n<figure id=\"attachment_16605\" aria-describedby=\"caption-attachment-16605\" style=\"width: 1440px\" class=\"wp-caption alignnone\"><a href=\"https:\/\/www.suwena.net\/wp-content\/uploads\/2022\/07\/P1055383.jpeg\"><img loading=\"lazy\" width=\"1440\" height=\"810\" src=\"https:\/\/www.suwena.net\/wp-content\/uploads\/2022\/07\/P1055383-1440x810.jpeg\" alt=\"Jylh\u00e4 Etel\u00e4-Portugalin rannikko\" class=\"size-featured-blog-large wp-image-16605\" srcset=\"https:\/\/www.suwena.net\/wp-content\/uploads\/2022\/07\/P1055383-1440x810.jpeg 1440w, https:\/\/www.suwena.net\/wp-content\/uploads\/2022\/07\/P1055383-768x432.jpeg 768w, https:\/\/www.suwena.net\/wp-content\/uploads\/2022\/07\/P1055383-1438x810.jpeg 1438w, https:\/\/www.suwena.net\/wp-content\/uploads\/2022\/07\/P1055383-300x169.jpeg 300w, https:\/\/www.suwena.net\/wp-content\/uploads\/2022\/07\/P1055383-1536x865.jpeg 1536w, https:\/\/www.suwena.net\/wp-content\/uploads\/2022\/07\/P1055383-2048x1154.jpeg 2048w\" sizes=\"(max-width: 1440px) 100vw, 1440px\" \/><\/a><figcaption id=\"caption-attachment-16605\" class=\"wp-caption-text\">Jylh\u00e4 Etel\u00e4-Portugalin rannikko<\/figcaption><\/figure><br \/>\nCabo de S\u00e3o Vicente on Portugalin ja samalla koko Manner-Euroopan lounaisin piste. Kun olen kotoisin melkein koillisimmasta kolkasta Eurooppaa, niin t\u00e4t\u00e4 kauemmas ei Manner-Euroopassa olisi oululainen en\u00e4\u00e4 p\u00e4\u00e4ssytk\u00e4\u00e4n, jalat kiinni viel\u00e4 koti-EU:n alueella.<br \/>\n<figure id=\"attachment_16603\" aria-describedby=\"caption-attachment-16603\" style=\"width: 1440px\" class=\"wp-caption alignnone\"><a href=\"https:\/\/www.suwena.net\/wp-content\/uploads\/2022\/07\/P1055384.jpeg\"><img loading=\"lazy\" width=\"1440\" height=\"810\" src=\"https:\/\/www.suwena.net\/wp-content\/uploads\/2022\/07\/P1055384-1440x810.jpeg\" alt=\"Suwena l\u00e4hestym\u00e4ss\u00e4 S\u00e3o Vicenten nieme\u00e4, Portugali\" class=\"size-featured-blog-large wp-image-16603\" srcset=\"https:\/\/www.suwena.net\/wp-content\/uploads\/2022\/07\/P1055384-1440x810.jpeg 1440w, https:\/\/www.suwena.net\/wp-content\/uploads\/2022\/07\/P1055384-768x432.jpeg 768w, https:\/\/www.suwena.net\/wp-content\/uploads\/2022\/07\/P1055384-300x169.jpeg 300w, https:\/\/www.suwena.net\/wp-content\/uploads\/2022\/07\/P1055384-1536x864.jpeg 1536w, https:\/\/www.suwena.net\/wp-content\/uploads\/2022\/07\/P1055384-2048x1153.jpeg 2048w\" sizes=\"(max-width: 1440px) 100vw, 1440px\" \/><\/a><figcaption id=\"caption-attachment-16603\" class=\"wp-caption-text\">Suwena l\u00e4hestym\u00e4ss\u00e4 S\u00e3o Vicenten nieme\u00e4, Portugali<\/figcaption><\/figure><br \/>\n<figure id=\"attachment_16601\" aria-describedby=\"caption-attachment-16601\" style=\"width: 1440px\" class=\"wp-caption alignnone\"><a href=\"https:\/\/www.suwena.net\/wp-content\/uploads\/2022\/07\/P1055409.jpeg\"><img loading=\"lazy\" width=\"1440\" height=\"810\" src=\"https:\/\/www.suwena.net\/wp-content\/uploads\/2022\/07\/P1055409-1440x810.jpeg\" alt=\"Andrus purjehtimassa S\u00e3o Vicenten niemen ymp\u00e4ri, Portugali\" class=\"size-featured-blog-large wp-image-16601\" srcset=\"https:\/\/www.suwena.net\/wp-content\/uploads\/2022\/07\/P1055409-1440x810.jpeg 1440w, https:\/\/www.suwena.net\/wp-content\/uploads\/2022\/07\/P1055409-768x432.jpeg 768w, https:\/\/www.suwena.net\/wp-content\/uploads\/2022\/07\/P1055409-1438x810.jpeg 1438w, https:\/\/www.suwena.net\/wp-content\/uploads\/2022\/07\/P1055409-300x169.jpeg 300w, https:\/\/www.suwena.net\/wp-content\/uploads\/2022\/07\/P1055409-1536x865.jpeg 1536w, https:\/\/www.suwena.net\/wp-content\/uploads\/2022\/07\/P1055409-2048x1154.jpeg 2048w\" sizes=\"(max-width: 1440px) 100vw, 1440px\" \/><\/a><figcaption id=\"caption-attachment-16601\" class=\"wp-caption-text\">Andrus purjehtimassa S\u00e3o Vicenten niemen ymp\u00e4ri, Portugali<\/figcaption><\/figure><br \/>\nMaisemat olivat jylh\u00e4n kauniit, kun 75 metri\u00e4 korkeat pystysuorat kalliot putosivat suoraan mereen. Eip\u00e4 ihme, ett\u00e4 aikoinaan ihmiset ovat ajatelleet, ett\u00e4 he ovat saapuneet maailmanreunalle seisoessaan Cabo de S\u00e3o Vicenten kallioilla. Nyky\u00e4\u00e4n maailman\u00e4\u00e4rt\u00e4 ja yht\u00e4 maailman vilkkaimmin liikenn\u00f6ity\u00e4 laivav\u00e4yl\u00e4\u00e4 vartioi majakka, jonka huikean kirkas valo antaa merenk\u00e4vij\u00e4lle turvaa valaisten 86 metrin korkeudesta merenpinnasta n\u00e4kyen jopa 32 merimailin eli maakravuille 59 kilometrin p\u00e4\u00e4h\u00e4n. Majakka on todella t\u00e4rke\u00e4, kun niemen ymp\u00e4ri kulkee vilkas laivaliikenne. Reittijakoalue pit\u00e4\u00e4 sis\u00e4ll\u00e4\u00e4n viisi laivav\u00e4yl\u00e4\u00e4 (TSS): kolme etel\u00e4\u00e4n ja kaksi pohjoiseen, ja TSS:\u00e4n l\u00e4pi kulkee valtava m\u00e4\u00e4r\u00e4\u00e4 tavaraa sinne ja t\u00e4nne.<\/p>\n<p>Heti S\u00e3o Vicenten j\u00e4lkeen alkavat Algarven kuuluisat hiekkarannat. Periaatteessa voi ankkuroida mink\u00e4 tahansa rannan edustalla ja menn\u00e4 jollalla maihin. K\u00e4yt\u00e4nn\u00f6ss\u00e4 kuitenkin kaikki rannat ovat avoimia etel\u00e4tuulille ja mainingille luoden olosuhteet, jotka pienimmill\u00e4\u00e4n aiheuttavat pient\u00e4 \u00e4rsytt\u00e4v\u00e4\u00e4 keinutusta, mutta pahimmillaan ovat vaaraksi koko veneelle. No, meille kuitenkin kevyt tuuli oli luoteesta ja me halusimme l\u00f6yt\u00e4\u00e4 kivan ankkurilahden ennen kuin jatkamme Lagosiin. Eli, \u201dmihin me lasketaan koukkumme?\u201d<br \/>\n<figure id=\"attachment_16599\" aria-describedby=\"caption-attachment-16599\" style=\"width: 1440px\" class=\"wp-caption alignnone\"><a href=\"https:\/\/www.suwena.net\/wp-content\/uploads\/2022\/07\/P1055428.jpeg\"><img loading=\"lazy\" width=\"1440\" height=\"810\" src=\"https:\/\/www.suwena.net\/wp-content\/uploads\/2022\/07\/P1055428-1440x810.jpeg\" alt=\"Kalastusta L\u00e4nsi-Algarvessa, Portugali\" class=\"size-featured-blog-large wp-image-16599\" srcset=\"https:\/\/www.suwena.net\/wp-content\/uploads\/2022\/07\/P1055428-1440x810.jpeg 1440w, https:\/\/www.suwena.net\/wp-content\/uploads\/2022\/07\/P1055428-768x432.jpeg 768w, https:\/\/www.suwena.net\/wp-content\/uploads\/2022\/07\/P1055428-300x169.jpeg 300w, https:\/\/www.suwena.net\/wp-content\/uploads\/2022\/07\/P1055428-1536x864.jpeg 1536w, https:\/\/www.suwena.net\/wp-content\/uploads\/2022\/07\/P1055428-2048x1152.jpeg 2048w\" sizes=\"(max-width: 1440px) 100vw, 1440px\" \/><\/a><figcaption id=\"caption-attachment-16599\" class=\"wp-caption-text\">Kalastusta L\u00e4nsi-Algarvessa, Portugali<\/figcaption><\/figure><br \/>\nEnsimm\u00e4inen hiekkaranta Praia de Belixe n\u00e4ytti kuin olisimme j\u00e4lleen Skotlannissa. Kapea lahti avautui korkeiden kallioiden v\u00e4liin ja sielt\u00e4 pohjukasta l\u00f6ytyi viel\u00e4 hiekkarantakin. \u201dHmm, n\u00e4ytt\u00e4\u00e4 kivalta, mutta jatketaanko viel\u00e4 etsint\u00e4\u00e4?\u201d<br \/>\n<figure id=\"attachment_16597\" aria-describedby=\"caption-attachment-16597\" style=\"width: 1440px\" class=\"wp-caption alignnone\"><a href=\"https:\/\/www.suwena.net\/wp-content\/uploads\/2022\/07\/P1055436.jpeg\"><img loading=\"lazy\" width=\"1440\" height=\"810\" src=\"https:\/\/www.suwena.net\/wp-content\/uploads\/2022\/07\/P1055436-1440x810.jpeg\" alt=\"Praia do Beliche, Algarve, Portugali\" class=\"size-featured-blog-large wp-image-16597\" srcset=\"https:\/\/www.suwena.net\/wp-content\/uploads\/2022\/07\/P1055436-1440x810.jpeg 1440w, https:\/\/www.suwena.net\/wp-content\/uploads\/2022\/07\/P1055436-768x432.jpeg 768w, https:\/\/www.suwena.net\/wp-content\/uploads\/2022\/07\/P1055436-300x169.jpeg 300w, https:\/\/www.suwena.net\/wp-content\/uploads\/2022\/07\/P1055436-1536x864.jpeg 1536w, https:\/\/www.suwena.net\/wp-content\/uploads\/2022\/07\/P1055436-2048x1152.jpeg 2048w\" sizes=\"(max-width: 1440px) 100vw, 1440px\" \/><\/a><figcaption id=\"caption-attachment-16597\" class=\"wp-caption-text\">Praia do Beliche, Algarve, Portugali<\/figcaption><\/figure><br \/>\nToinen ankkurilahti Sagresin kyl\u00e4n edustalla vaikutti kivalta vaihtoehdolta. Andrus ajoi kierroksen lahden ymp\u00e4ri arvioiden tuulen ja aallokon suunnanmuutoksia. Vaikka juuri nyt ei tuullutkaan, niin varmasti jossain vaiheessa tuttu nortada-tuuli alkaa puhaltaa. Samoin lahdella oli ihan pieni maininki, joka saapui id\u00e4st\u00e4 Cadizin lahdelta p\u00e4in. Lopulta h\u00e4n valitsi paikan lahden it\u00e4reunalta, jossa rantakalliot antoivat hyv\u00e4n suojan it\u00e4\u00e4n p\u00e4in. Emme olleet huolissaan nortadasta, sill\u00e4 ranta oli heti meid\u00e4n pohjoispuolella.<br \/>\n<figure id=\"attachment_16591\" aria-describedby=\"caption-attachment-16591\" style=\"width: 1440px\" class=\"wp-caption alignnone\"><a href=\"https:\/\/www.suwena.net\/wp-content\/uploads\/2022\/07\/P1055438.jpeg\"><img loading=\"lazy\" width=\"1440\" height=\"810\" src=\"https:\/\/www.suwena.net\/wp-content\/uploads\/2022\/07\/P1055438-1440x810.jpeg\" alt=\"Suwena ohittamassa Sagresin nieme\u00e4, Portugali\" class=\"size-featured-blog-large wp-image-16591\" srcset=\"https:\/\/www.suwena.net\/wp-content\/uploads\/2022\/07\/P1055438-1440x810.jpeg 1440w, https:\/\/www.suwena.net\/wp-content\/uploads\/2022\/07\/P1055438-768x432.jpeg 768w, https:\/\/www.suwena.net\/wp-content\/uploads\/2022\/07\/P1055438-300x169.jpeg 300w, https:\/\/www.suwena.net\/wp-content\/uploads\/2022\/07\/P1055438-1536x865.jpeg 1536w, https:\/\/www.suwena.net\/wp-content\/uploads\/2022\/07\/P1055438-2048x1153.jpeg 2048w\" sizes=\"(max-width: 1440px) 100vw, 1440px\" \/><\/a><figcaption id=\"caption-attachment-16591\" class=\"wp-caption-text\">Suwena ohittamassa Sagresin nieme\u00e4, Portugali<\/figcaption><\/figure><br \/>\n<figure id=\"attachment_16595\" aria-describedby=\"caption-attachment-16595\" style=\"width: 1440px\" class=\"wp-caption alignnone\"><a href=\"https:\/\/www.suwena.net\/wp-content\/uploads\/2022\/07\/P1055443.jpeg\"><img loading=\"lazy\" width=\"1440\" height=\"810\" src=\"https:\/\/www.suwena.net\/wp-content\/uploads\/2022\/07\/P1055443-1440x810.jpeg\" alt=\"Suwena saapumassa Sagresin lahdelle, Portugali\" class=\"size-featured-blog-large wp-image-16595\" srcset=\"https:\/\/www.suwena.net\/wp-content\/uploads\/2022\/07\/P1055443-1440x810.jpeg 1440w, https:\/\/www.suwena.net\/wp-content\/uploads\/2022\/07\/P1055443-768x432.jpeg 768w, https:\/\/www.suwena.net\/wp-content\/uploads\/2022\/07\/P1055443-300x169.jpeg 300w, https:\/\/www.suwena.net\/wp-content\/uploads\/2022\/07\/P1055443-1536x864.jpeg 1536w, https:\/\/www.suwena.net\/wp-content\/uploads\/2022\/07\/P1055443-2048x1152.jpeg 2048w\" sizes=\"(max-width: 1440px) 100vw, 1440px\" \/><\/a><figcaption id=\"caption-attachment-16595\" class=\"wp-caption-text\">Suwena saapumassa Sagresin lahdelle, Portugali<\/figcaption><\/figure><br \/>\n<figure id=\"attachment_16593\" aria-describedby=\"caption-attachment-16593\" style=\"width: 1440px\" class=\"wp-caption alignnone\"><a href=\"https:\/\/www.suwena.net\/wp-content\/uploads\/2022\/07\/P1055446.jpeg\"><img loading=\"lazy\" width=\"1440\" height=\"810\" src=\"https:\/\/www.suwena.net\/wp-content\/uploads\/2022\/07\/P1055446-1440x810.jpeg\" alt=\"Suwena ankkurissa Sagres-lahdella, Portugali\" class=\"size-featured-blog-large wp-image-16593\" srcset=\"https:\/\/www.suwena.net\/wp-content\/uploads\/2022\/07\/P1055446-1440x810.jpeg 1440w, https:\/\/www.suwena.net\/wp-content\/uploads\/2022\/07\/P1055446-768x432.jpeg 768w, https:\/\/www.suwena.net\/wp-content\/uploads\/2022\/07\/P1055446-1438x810.jpeg 1438w, https:\/\/www.suwena.net\/wp-content\/uploads\/2022\/07\/P1055446-300x169.jpeg 300w, https:\/\/www.suwena.net\/wp-content\/uploads\/2022\/07\/P1055446-1536x865.jpeg 1536w, https:\/\/www.suwena.net\/wp-content\/uploads\/2022\/07\/P1055446-2048x1154.jpeg 2048w\" sizes=\"(max-width: 1440px) 100vw, 1440px\" \/><\/a><figcaption id=\"caption-attachment-16593\" class=\"wp-caption-text\">Suwena ankkurissa Sagres-lahdella, Portugali<\/figcaption><\/figure><br \/>\nEka y\u00f6 oli t\u00e4ydellinen, vene ei keikkunut lainkaan. Vasta toisen y\u00f6n keskivaiheilla tuuli k\u00e4\u00e4ntyi l\u00e4nteen ja aallot alkoivat pikkuhiljaa keinuttaa Suwenaa. Kaiken kaikkiaan vietimme pari eritt\u00e4in rentouttavaa p\u00e4iv\u00e4\u00e4 t\u00e4ll\u00e4 ankkurilahdella.<\/p>\n<p>Portugalissa on kaksi isoa olutbr\u00e4ndi\u00e4, jotka yhdess\u00e4 hallitsevat Portugalin olutmarkkinoita jopa 90 % voimin. Yksi n\u00e4ist\u00e4 on Sagres, joka on nimetty juuri Sagres-kyl\u00e4n mukaan. Toinen pohjoisemmassa, Porton l\u00e4hell\u00e4 valmistettava olut on Super Bock. \u201dHei, oletkos juonut Sagresia Sagresissa?\u201d \u201dE\u2019ei, Suwenan ankkurikalja on ehdottomasti Super Bock\u201d \ud83d\ude0a<\/p>\n","protected":false},"excerpt":{"rendered":"<p>Aiotteko k\u00e4\u00e4nty\u00e4 oikealle vaiko vasemmalle? T\u00e4t\u00e4 aina jokainen purjehtija kysyy toiselta, kun satamassa jutustelemme ja suuntana on Cabo de S\u00e3o Vicenten niemi. Meille suunta oli selv\u00e4, sill\u00e4 tarkoituksemme on pysy\u00e4 muutama vuosi koluamassa V\u00e4limeren ihmeit\u00e4 \u2013 siisp\u00e4 k\u00e4\u00e4nn\u00f6s vasempaan p\u00e4in!<\/p>\n","protected":false},"author":2,"featured_media":16593,"comment_status":"open","ping_status":"open","sticky":false,"template":"","format":"standard","meta":[],"seasons":[35],"_links":{"self":[{"href":"https:\/\/www.suwena.net\/fi\/wp-json\/wp\/v2\/posts\/16609"}],"collection":[{"href":"https:\/\/www.suwena.net\/fi\/wp-json\/wp\/v2\/posts"}],"about":[{"href":"https:\/\/www.suwena.net\/fi\/wp-json\/wp\/v2\/types\/post"}],"author":[{"embeddable":true,"href":"https:\/\/www.suwena.net\/fi\/wp-json\/wp\/v2\/users\/2"}],"replies":[{"embeddable":true,"href":"https:\/\/www.suwena.net\/fi\/wp-json\/wp\/v2\/comments?post=16609"}],"version-history":[{"count":3,"href":"https:\/\/www.suwena.net\/fi\/wp-json\/wp\/v2\/posts\/16609\/revisions"}],"predecessor-version":[{"id":16614,"href":"https:\/\/www.suwena.net\/fi\/wp-json\/wp\/v2\/posts\/16609\/revisions\/16614"}],"wp:featuredmedia":[{"embeddable":true,"href":"https:\/\/www.suwena.net\/fi\/wp-json\/wp\/v2\/media\/16593"}],"wp:attachment":[{"href":"https:\/\/www.suwena.net\/fi\/wp-json\/wp\/v2\/media?parent=16609"}],"wp:term":[{"taxonomy":"seasons","embeddable":true,"href":"https:\/\/www.suwena.net\/fi\/wp-json\/wp\/v2\/seasons?post=16609"}],"curies":[{"name":"wp","href":"https:\/\/api.w.org\/{rel}","templated":true}]}}