
{"id":17098,"date":"2024-03-03T17:53:13","date_gmt":"2024-03-03T17:53:13","guid":{"rendered":"https:\/\/www.suwena.net\/?p=17098"},"modified":"2024-03-03T17:49:23","modified_gmt":"2024-03-03T17:49:23","slug":"takaisin-alcaidesaan-5-9","status":"publish","type":"post","link":"https:\/\/www.suwena.net\/fi\/takaisin-alcaidesaan-5-9\/","title":{"rendered":"Takaisin Alcaidesaan 5.9."},"content":{"rendered":"<p>Syyspurjehduksen p\u00e4\u00e4tteeksi oli aika palata Suwenan tulevaan talvikotiin, Alcaidesa Marinaan. <\/p>\n<p>Duquesasta 21 merimailin matka alkoi kauniissa auringonpaisteessa, eik\u00e4 tuulta ollut lainkaan, joten alkumatka taittui Perkinsin kehr\u00e4tess\u00e4 ja me nautimme t\u00e4ysill\u00e4 ihanasta kes\u00e4p\u00e4iv\u00e4st\u00e4. Onneksi tuuli kuitenkin nousi, niin p\u00e4\u00e4stiin viel\u00e4 purjehtimaankin.<br \/>\n<figure id=\"attachment_17095\" aria-describedby=\"caption-attachment-17095\" style=\"width: 1440px\" class=\"wp-caption alignnone\"><a href=\"https:\/\/www.suwena.net\/wp-content\/uploads\/2024\/03\/IMG_3349.jpeg\"><img loading=\"lazy\" width=\"1440\" height=\"810\" src=\"https:\/\/www.suwena.net\/wp-content\/uploads\/2024\/03\/IMG_3349-1440x810.jpeg\" alt=\"Suwena purjehtii kohti Herkuleksen pylv\u00e4it\u00e4 V\u00e4limerell\u00e4\" class=\"size-featured-blog-large wp-image-17095\" srcset=\"https:\/\/www.suwena.net\/wp-content\/uploads\/2024\/03\/IMG_3349-1440x810.jpeg 1440w, https:\/\/www.suwena.net\/wp-content\/uploads\/2024\/03\/IMG_3349-768x432.jpeg 768w, https:\/\/www.suwena.net\/wp-content\/uploads\/2024\/03\/IMG_3349-300x169.jpeg 300w, https:\/\/www.suwena.net\/wp-content\/uploads\/2024\/03\/IMG_3349-1536x864.jpeg 1536w, https:\/\/www.suwena.net\/wp-content\/uploads\/2024\/03\/IMG_3349-2048x1153.jpeg 2048w\" sizes=\"(max-width: 1440px) 100vw, 1440px\" \/><\/a><figcaption id=\"caption-attachment-17095\" class=\"wp-caption-text\">Suwena purjehtii kohti Herkuleksen pylv\u00e4it\u00e4 V\u00e4limerell\u00e4<\/figcaption><\/figure><br \/>\nKun tulimme Gibraltarinkiven suojaa-antavasta varjosta pois, tuuli sen kuin koveni. Samalla meit\u00e4 vastaan vy\u00f6ryiv\u00e4t Atlantilta V\u00e4limerelle virtaavat vedet usean solmun vauhdilla, joten tuuli ja virta nostattivat yht\u00e4kkisen aallokon. Hetki sitten lempe\u00e4t vedet muuttuivat hetkess\u00e4 kunnon sotkuksi. Heti kun k\u00e4\u00e4nnyimme Europa Point niemen ymp\u00e4ri, kohti La L\u00edneaa, loppui aallokko kuin sein\u00e4\u00e4n. Olemme kohdanneet n\u00e4it\u00e4 juuri niemenk\u00e4rjen kohdalla nousevia tuulia useita eri niemi\u00e4 ymp\u00e4ri purjehtiessamme ja aina ne n\u00e4ytt\u00e4v\u00e4t p\u00e4\u00e4sev\u00e4n yll\u00e4tt\u00e4m\u00e4\u00e4n.<br \/>\n<figure id=\"attachment_17091\" aria-describedby=\"caption-attachment-17091\" style=\"width: 1440px\" class=\"wp-caption alignnone\"><a href=\"https:\/\/www.suwena.net\/wp-content\/uploads\/2024\/03\/IMG_3360.jpeg\"><img loading=\"lazy\" width=\"1440\" height=\"810\" src=\"https:\/\/www.suwena.net\/wp-content\/uploads\/2024\/03\/IMG_3360-1440x810.jpeg\" alt=\"Kova merenk\u00e4ynti Gibraltarinsalmessa\" class=\"size-featured-blog-large wp-image-17091\" srcset=\"https:\/\/www.suwena.net\/wp-content\/uploads\/2024\/03\/IMG_3360-1440x810.jpeg 1440w, https:\/\/www.suwena.net\/wp-content\/uploads\/2024\/03\/IMG_3360-768x432.jpeg 768w, https:\/\/www.suwena.net\/wp-content\/uploads\/2024\/03\/IMG_3360-300x169.jpeg 300w, https:\/\/www.suwena.net\/wp-content\/uploads\/2024\/03\/IMG_3360-1536x864.jpeg 1536w, https:\/\/www.suwena.net\/wp-content\/uploads\/2024\/03\/IMG_3360-2048x1152.jpeg 2048w\" sizes=\"(max-width: 1440px) 100vw, 1440px\" \/><\/a><figcaption id=\"caption-attachment-17091\" class=\"wp-caption-text\">Kova merenk\u00e4ynti Gibraltarinsalmessa<\/figcaption><\/figure><br \/>\n<figure id=\"attachment_17093\" aria-describedby=\"caption-attachment-17093\" style=\"width: 1440px\" class=\"wp-caption alignnone\"><a href=\"https:\/\/www.suwena.net\/wp-content\/uploads\/2024\/03\/IMG_3358.jpeg\"><img loading=\"lazy\" width=\"1440\" height=\"810\" src=\"https:\/\/www.suwena.net\/wp-content\/uploads\/2024\/03\/IMG_3358-1440x810.jpeg\" alt=\"Kova merenk\u00e4ynti Gibraltarinsalmessa\" class=\"size-featured-blog-large wp-image-17093\" srcset=\"https:\/\/www.suwena.net\/wp-content\/uploads\/2024\/03\/IMG_3358-1440x810.jpeg 1440w, https:\/\/www.suwena.net\/wp-content\/uploads\/2024\/03\/IMG_3358-768x432.jpeg 768w, https:\/\/www.suwena.net\/wp-content\/uploads\/2024\/03\/IMG_3358-300x169.jpeg 300w, https:\/\/www.suwena.net\/wp-content\/uploads\/2024\/03\/IMG_3358-1536x864.jpeg 1536w, https:\/\/www.suwena.net\/wp-content\/uploads\/2024\/03\/IMG_3358-2048x1151.jpeg 2048w\" sizes=\"(max-width: 1440px) 100vw, 1440px\" \/><\/a><figcaption id=\"caption-attachment-17093\" class=\"wp-caption-text\">Kova merenk\u00e4ynti Gibraltarinsalmessa<\/figcaption><\/figure><br \/>\nT\u00e4h\u00e4n kauteen on mahtunut nelj\u00e4 maata kahdella mantereella; Portugali, Espanja, Marokko ja Gibraltar. Samoin lukuisia mieleenpainuvia muistoja niin ankkurilahdista kuin erilaisista satamista, ennen kaikkea tapasimme paljon upeita ihmisi\u00e4.<\/p>\n<p>Kev\u00e4\u00e4ll\u00e4 oli uskomaton tunne irrottaa Suwenan k\u00f6ydet Lissabonissa kahden vuoden koronatauon j\u00e4lkeen ja p\u00e4\u00e4st\u00e4 taas vesille. Matkaa Suwenan lokiin t\u00e4ll\u00e4 kaudella kertyi 541 merimailia. Nyt valmistelemme Suwenaa tulevaan talveen Etel\u00e4-Espanjassa, ihan Gibraltarin vieress\u00e4 sijaitsevassa Alcaidesan marinassa. Suwena j\u00e4\u00e4 odottamaan meit\u00e4 t\u00e4nne La L\u00ednea de la Concepci\u00f3n pikku kaupunkiin ja suunnittelemme jo innolla tulevan kes\u00e4n purjehdusmatkoja.<\/p>\n","protected":false},"excerpt":{"rendered":"<p>Syyspurjehduksen p\u00e4\u00e4tteeksi oli aika palata Suwenan tulevaan talvikotiin, Alcaidesa Marinaan. Duquesasta 21 merimailin matka alkoi kauniissa auringonpaisteessa, eik\u00e4 tuulta ollut lainkaan, joten alkumatka taittui Perkinsin kehr\u00e4tess\u00e4 ja me nautimme t\u00e4ysill\u00e4 ihanasta kes\u00e4p\u00e4iv\u00e4st\u00e4. Onneksi tuuli kuitenkin nousi, niin p\u00e4\u00e4stiin viel\u00e4 purjehtimaankin.<\/p>\n","protected":false},"author":2,"featured_media":17091,"comment_status":"open","ping_status":"open","sticky":false,"template":"","format":"standard","meta":[],"seasons":[35],"_links":{"self":[{"href":"https:\/\/www.suwena.net\/fi\/wp-json\/wp\/v2\/posts\/17098"}],"collection":[{"href":"https:\/\/www.suwena.net\/fi\/wp-json\/wp\/v2\/posts"}],"about":[{"href":"https:\/\/www.suwena.net\/fi\/wp-json\/wp\/v2\/types\/post"}],"author":[{"embeddable":true,"href":"https:\/\/www.suwena.net\/fi\/wp-json\/wp\/v2\/users\/2"}],"replies":[{"embeddable":true,"href":"https:\/\/www.suwena.net\/fi\/wp-json\/wp\/v2\/comments?post=17098"}],"version-history":[{"count":4,"href":"https:\/\/www.suwena.net\/fi\/wp-json\/wp\/v2\/posts\/17098\/revisions"}],"predecessor-version":[{"id":17103,"href":"https:\/\/www.suwena.net\/fi\/wp-json\/wp\/v2\/posts\/17098\/revisions\/17103"}],"wp:featuredmedia":[{"embeddable":true,"href":"https:\/\/www.suwena.net\/fi\/wp-json\/wp\/v2\/media\/17091"}],"wp:attachment":[{"href":"https:\/\/www.suwena.net\/fi\/wp-json\/wp\/v2\/media?parent=17098"}],"wp:term":[{"taxonomy":"seasons","embeddable":true,"href":"https:\/\/www.suwena.net\/fi\/wp-json\/wp\/v2\/seasons?post=17098"}],"curies":[{"name":"wp","href":"https:\/\/api.w.org\/{rel}","templated":true}]}}