
{"id":17214,"date":"2024-03-29T09:13:52","date_gmt":"2024-03-29T09:13:52","guid":{"rendered":"https:\/\/www.suwena.net\/?p=17214"},"modified":"2024-03-29T09:18:55","modified_gmt":"2024-03-29T09:18:55","slug":"granada","status":"publish","type":"post","link":"https:\/\/www.suwena.net\/fi\/granada\/","title":{"rendered":"Granada"},"content":{"rendered":"<p>C\u00f3rdobasta meid\u00e4n road trip jatkui kohti Granadaa. Valitsimme kolmesta p\u00e4\u00e4reitist\u00e4 keskimm\u00e4isen n\u00e4hd\u00e4ksemme enemm\u00e4n maisemia kuin ajaessamme suurimman moottoritien \u00e4\u00e4nivallien v\u00e4liss\u00e4. Koko 175 kilometrin matkalla oliivilehdot jatkuivat katkeamattomasti. Nyt tied\u00e4mme, mist\u00e4 espanjalainen superhyv\u00e4 oliivi\u00f6ljy on l\u00e4ht\u00f6isin.<\/p>\n<p>Saavuttuamme Granadaan, Andalusian syd\u00e4meen, olimme jo 738 metrin korkeudella merenpinnasta. Granada sijaitseekin Sierra Nevadan vuoriston juurella ja kuitenkin vain tunnin ajomatkan p\u00e4\u00e4ss\u00e4 Aurinkorannikon hiekkarannoista.<br \/>\n<figure id=\"attachment_17185\" aria-describedby=\"caption-attachment-17185\" style=\"width: 1440px\" class=\"wp-caption alignnone\"><a href=\"https:\/\/www.suwena.net\/wp-content\/uploads\/2024\/03\/IMG_4337.jpeg\"><img loading=\"lazy\" width=\"1440\" height=\"810\" src=\"https:\/\/www.suwena.net\/wp-content\/uploads\/2024\/03\/IMG_4337-1440x810.jpeg\" alt=\"Eve Granadassa, Andalusia, Espanja\" class=\"size-featured-blog-large wp-image-17185\" srcset=\"https:\/\/www.suwena.net\/wp-content\/uploads\/2024\/03\/IMG_4337-1440x810.jpeg 1440w, https:\/\/www.suwena.net\/wp-content\/uploads\/2024\/03\/IMG_4337-768x432.jpeg 768w, https:\/\/www.suwena.net\/wp-content\/uploads\/2024\/03\/IMG_4337-300x169.jpeg 300w, https:\/\/www.suwena.net\/wp-content\/uploads\/2024\/03\/IMG_4337-1536x864.jpeg 1536w, https:\/\/www.suwena.net\/wp-content\/uploads\/2024\/03\/IMG_4337-2048x1152.jpeg 2048w\" sizes=\"(max-width: 1440px) 100vw, 1440px\" \/><\/a><figcaption id=\"caption-attachment-17185\" class=\"wp-caption-text\">Eve Granadassa, Andalusia, Espanja<\/figcaption><\/figure><br \/>\nHuomasimme saapuneemme vehre\u00e4\u00e4n granaattiomena- ja appelsiinipuiden kehtoon. Ymm\u00e4rt\u00e4\u00e4 hyvin, mist\u00e4 kaupunki on saanut nimekseen Granada, joka tarkoittaa granaattiomena espanjaksi. J\u00e4lleen tuli my\u00f6s opittua jotain uutta, sill\u00e4 appelsiinipuita on lehdilt\u00e4\u00e4n kahdenlaisia: yksilehtisi\u00e4 tai kaksilehte\u00e4 per\u00e4kk\u00e4in. Yksilehtiset puut kasvattavat makeita appelsiineja ja kaksilehtisist\u00e4 tulee kirpeit\u00e4 hedelmi\u00e4, joista tehd\u00e4\u00e4n marmeladit ja hajuvedet. Siin\u00e4p\u00e4 seuraava bongauskohde matkoillesi!<\/p>\n<p>Tsekattuamme hotelliin kahdeksi Granadan y\u00f6ksi, l\u00e4hdimme innokkaina heti tutkimaan kaupunkia. Kadut olivat t\u00e4ynn\u00e4 kaikenik\u00e4isi\u00e4 ihmisi\u00e4. Olimme sattuneet saapumaan Granadaan yhden suurimman ferian aikana, Cruz de Mayo, toukokuun ristinjuhla, jota on juhlittu vuodesta 1625 alkaen. Kaduilla ihmiset tanssivat perinteiset andalusialaiset asut yll\u00e4 ja moniin juhlatapahtumiin oli pitk\u00e4t jonot. Me kiertelimme pitkin ja poikin katuja ja puistikoita ihastellen kukkakoristeita ja nauttien energisest\u00e4 juhlahumusta. Granadassa on reilu 200 000 asukasta, joista yliopisto-opiskelijoita on nelj\u00e4nnes ja se my\u00f6s antaa kaupungille hyvin nuorekkaan tunnelman.<br \/>\n<figure id=\"attachment_17183\" aria-describedby=\"caption-attachment-17183\" style=\"width: 1440px\" class=\"wp-caption alignnone\"><a href=\"https:\/\/www.suwena.net\/wp-content\/uploads\/2024\/03\/IMG_4352.jpeg\"><img loading=\"lazy\" width=\"1440\" height=\"810\" src=\"https:\/\/www.suwena.net\/wp-content\/uploads\/2024\/03\/IMG_4352-1440x810.jpeg\" alt=\"Granada, Andalusia, Espanja\" class=\"size-featured-blog-large wp-image-17183\" srcset=\"https:\/\/www.suwena.net\/wp-content\/uploads\/2024\/03\/IMG_4352-1440x810.jpeg 1440w, https:\/\/www.suwena.net\/wp-content\/uploads\/2024\/03\/IMG_4352-768x432.jpeg 768w, https:\/\/www.suwena.net\/wp-content\/uploads\/2024\/03\/IMG_4352-300x169.jpeg 300w, https:\/\/www.suwena.net\/wp-content\/uploads\/2024\/03\/IMG_4352-1536x864.jpeg 1536w, https:\/\/www.suwena.net\/wp-content\/uploads\/2024\/03\/IMG_4352-2048x1152.jpeg 2048w\" sizes=\"(max-width: 1440px) 100vw, 1440px\" \/><\/a><figcaption id=\"caption-attachment-17183\" class=\"wp-caption-text\">Granada, Andalusia, Espanja<\/figcaption><\/figure><br \/>\n<figure id=\"attachment_17211\" aria-describedby=\"caption-attachment-17211\" style=\"width: 1440px\" class=\"wp-caption alignnone\"><a href=\"https:\/\/www.suwena.net\/wp-content\/uploads\/2024\/03\/IMG_4211.jpeg\"><img loading=\"lazy\" width=\"1440\" height=\"810\" src=\"https:\/\/www.suwena.net\/wp-content\/uploads\/2024\/03\/IMG_4211-1440x810.jpeg\" alt=\"Granadan iltan\u00e4kymi\u00e4, Andalusia, Espanja\" class=\"size-featured-blog-large wp-image-17211\" srcset=\"https:\/\/www.suwena.net\/wp-content\/uploads\/2024\/03\/IMG_4211-1440x810.jpeg 1440w, https:\/\/www.suwena.net\/wp-content\/uploads\/2024\/03\/IMG_4211-768x432.jpeg 768w, https:\/\/www.suwena.net\/wp-content\/uploads\/2024\/03\/IMG_4211-300x169.jpeg 300w, https:\/\/www.suwena.net\/wp-content\/uploads\/2024\/03\/IMG_4211-1536x864.jpeg 1536w, https:\/\/www.suwena.net\/wp-content\/uploads\/2024\/03\/IMG_4211-2048x1152.jpeg 2048w\" sizes=\"(max-width: 1440px) 100vw, 1440px\" \/><\/a><figcaption id=\"caption-attachment-17211\" class=\"wp-caption-text\">Granadan iltan\u00e4kymi\u00e4, Andalusia, Espanja<\/figcaption><\/figure><br \/>\nP\u00e4\u00e4simme my\u00f6s turistina nauttimaan Granadan jo 1800-luvulla alkaneesta tapas-perinteest\u00e4 istahdettuamme terassille viilent\u00e4m\u00e4\u00e4n kurkkujamme, sill\u00e4 Granadassa juoman palanpainikkeeksi tarjotaan tapas-annos. Kuppilakierros voikin jatkua opiskelijakaupungissa helposti my\u00f6h\u00e4\u00e4n y\u00f6h\u00f6n, kun joka drinksua ryhdist\u00e4\u00e4 juomanhintaan sis\u00e4ltyv\u00e4 suolapala \ud83d\ude42<\/p>\n<p>Granadan retkell\u00e4mme l\u00f6ysimme my\u00f6s uuden, todella hyv\u00e4n oluen, Alhambran. Sen pit\u00e4\u00e4 olla juuri se oikea, Alhambra Reserva 1925, vihre\u00e4pulloinen olut!<\/p>\n<p>Seuraavana p\u00e4iv\u00e4n\u00e4 p\u00e4\u00e4kohteemme oli Alhambran linna palatseineen ja upeine puutarhoineen. Onneksi olimme etuk\u00e4teen varanneet nelj\u00e4n tunnin opastetun kiertok\u00e4velyn t\u00e4h\u00e4n legendaariseen linnoituskaupunkiin, sill\u00e4 liput ovat loppuunmyyty usein jo kuukautta ennen.<\/p>\n<p>T\u00e4m\u00e4 huikea n\u00e4ht\u00e4vyys koostuu 35 hehtaarin alan kattavasta Alhambrasta, Nasridien dynastian emiirien eli Granadan hallitsijoiden, vuosina 1238 \u2013 1492, rakennuttamasta palatsi- ja linnoituskompleksista huikeine puutarhoineen ja suihkul\u00e4hteineen. Opas on ehdottomasti v\u00e4ltt\u00e4m\u00e4t\u00f6n. Samalla kun h\u00e4n py\u00f6ritti meit\u00e4 Alhambran alueen eri kolkissa, kuulimme lukuisia herkullisia historiallisia tarinoita ja menneet ajat suorastaan her\u00e4siv\u00e4t henkiin.<br \/>\n<figure id=\"attachment_17209\" aria-describedby=\"caption-attachment-17209\" style=\"width: 1440px\" class=\"wp-caption alignnone\"><a href=\"https:\/\/www.suwena.net\/wp-content\/uploads\/2024\/03\/IMG_4224.jpeg\"><img loading=\"lazy\" width=\"1440\" height=\"810\" src=\"https:\/\/www.suwena.net\/wp-content\/uploads\/2024\/03\/IMG_4224-1440x810.jpeg\" alt=\"Renessanssipalatsin pylv\u00e4\u00e4t Alhambrassa, Granada, Espanja\" class=\"size-featured-blog-large wp-image-17209\" srcset=\"https:\/\/www.suwena.net\/wp-content\/uploads\/2024\/03\/IMG_4224-1440x810.jpeg 1440w, https:\/\/www.suwena.net\/wp-content\/uploads\/2024\/03\/IMG_4224-768x432.jpeg 768w, https:\/\/www.suwena.net\/wp-content\/uploads\/2024\/03\/IMG_4224-300x169.jpeg 300w, https:\/\/www.suwena.net\/wp-content\/uploads\/2024\/03\/IMG_4224-1536x864.jpeg 1536w, https:\/\/www.suwena.net\/wp-content\/uploads\/2024\/03\/IMG_4224-2048x1152.jpeg 2048w\" sizes=\"(max-width: 1440px) 100vw, 1440px\" \/><\/a><figcaption id=\"caption-attachment-17209\" class=\"wp-caption-text\">Renessanssipalatsin pylv\u00e4\u00e4t Alhambrassa, Granada, Espanja<\/figcaption><\/figure><br \/>\n<figure id=\"attachment_17207\" aria-describedby=\"caption-attachment-17207\" style=\"width: 1440px\" class=\"wp-caption alignnone\"><a href=\"https:\/\/www.suwena.net\/wp-content\/uploads\/2024\/03\/IMG_4231.jpeg\"><img loading=\"lazy\" width=\"1440\" height=\"810\" src=\"https:\/\/www.suwena.net\/wp-content\/uploads\/2024\/03\/IMG_4231-1440x810.jpeg\" alt=\"Eve Alhambran huipulla, Granada, Espanja\" class=\"size-featured-blog-large wp-image-17207\" srcset=\"https:\/\/www.suwena.net\/wp-content\/uploads\/2024\/03\/IMG_4231-1440x810.jpeg 1440w, https:\/\/www.suwena.net\/wp-content\/uploads\/2024\/03\/IMG_4231-768x432.jpeg 768w, https:\/\/www.suwena.net\/wp-content\/uploads\/2024\/03\/IMG_4231-300x169.jpeg 300w, https:\/\/www.suwena.net\/wp-content\/uploads\/2024\/03\/IMG_4231-1536x864.jpeg 1536w, https:\/\/www.suwena.net\/wp-content\/uploads\/2024\/03\/IMG_4231-2048x1152.jpeg 2048w\" sizes=\"(max-width: 1440px) 100vw, 1440px\" \/><\/a><figcaption id=\"caption-attachment-17207\" class=\"wp-caption-text\">Eve Alhambran huipulla, Granada, Espanja<\/figcaption><\/figure><br \/>\n<figure id=\"attachment_17203\" aria-describedby=\"caption-attachment-17203\" style=\"width: 1440px\" class=\"wp-caption alignnone\"><a href=\"https:\/\/www.suwena.net\/wp-content\/uploads\/2024\/03\/IMG_4259.jpeg\"><img loading=\"lazy\" width=\"1440\" height=\"810\" src=\"https:\/\/www.suwena.net\/wp-content\/uploads\/2024\/03\/IMG_4259-1440x810.jpeg\" alt=\"Nasridin palatsin sis\u00e4piha, Alhambra, Granada, Espanja\" class=\"size-featured-blog-large wp-image-17203\" srcset=\"https:\/\/www.suwena.net\/wp-content\/uploads\/2024\/03\/IMG_4259-1440x810.jpeg 1440w, https:\/\/www.suwena.net\/wp-content\/uploads\/2024\/03\/IMG_4259-768x432.jpeg 768w, https:\/\/www.suwena.net\/wp-content\/uploads\/2024\/03\/IMG_4259-300x169.jpeg 300w, https:\/\/www.suwena.net\/wp-content\/uploads\/2024\/03\/IMG_4259-1536x864.jpeg 1536w, https:\/\/www.suwena.net\/wp-content\/uploads\/2024\/03\/IMG_4259-2048x1152.jpeg 2048w\" sizes=\"(max-width: 1440px) 100vw, 1440px\" \/><\/a><figcaption id=\"caption-attachment-17203\" class=\"wp-caption-text\">Nasridin palatsin sis\u00e4piha, Alhambra, Granada, Espanja<\/figcaption><\/figure><br \/>\n<figure id=\"attachment_17201\" aria-describedby=\"caption-attachment-17201\" style=\"width: 1440px\" class=\"wp-caption alignnone\"><a href=\"https:\/\/www.suwena.net\/wp-content\/uploads\/2024\/03\/IMG_4269.jpeg\"><img loading=\"lazy\" width=\"1440\" height=\"810\" src=\"https:\/\/www.suwena.net\/wp-content\/uploads\/2024\/03\/IMG_4269-1440x810.jpeg\" alt=\"Eve ja Andrus leijonapihalla Nasridin palatsissa, Alhambra, Granada, Espanja\" class=\"size-featured-blog-large wp-image-17201\" srcset=\"https:\/\/www.suwena.net\/wp-content\/uploads\/2024\/03\/IMG_4269-1440x810.jpeg 1440w, https:\/\/www.suwena.net\/wp-content\/uploads\/2024\/03\/IMG_4269-768x432.jpeg 768w, https:\/\/www.suwena.net\/wp-content\/uploads\/2024\/03\/IMG_4269-300x169.jpeg 300w, https:\/\/www.suwena.net\/wp-content\/uploads\/2024\/03\/IMG_4269-1536x864.jpeg 1536w, https:\/\/www.suwena.net\/wp-content\/uploads\/2024\/03\/IMG_4269-2048x1152.jpeg 2048w\" sizes=\"(max-width: 1440px) 100vw, 1440px\" \/><\/a><figcaption id=\"caption-attachment-17201\" class=\"wp-caption-text\">Eve ja Andrus leijonapihalla Nasridin palatsissa, Alhambra, Granada, Espanja<\/figcaption><\/figure><br \/>\n<figure id=\"attachment_17199\" aria-describedby=\"caption-attachment-17199\" style=\"width: 1440px\" class=\"wp-caption alignnone\"><a href=\"https:\/\/www.suwena.net\/wp-content\/uploads\/2024\/03\/IMG_4280.jpeg\"><img loading=\"lazy\" width=\"1440\" height=\"810\" src=\"https:\/\/www.suwena.net\/wp-content\/uploads\/2024\/03\/IMG_4280-1440x810.jpeg\" alt=\"Nasridin palatsin leijonapiha, Alhambra, Granada, Espanja\" class=\"size-featured-blog-large wp-image-17199\" srcset=\"https:\/\/www.suwena.net\/wp-content\/uploads\/2024\/03\/IMG_4280-1440x810.jpeg 1440w, https:\/\/www.suwena.net\/wp-content\/uploads\/2024\/03\/IMG_4280-768x432.jpeg 768w, https:\/\/www.suwena.net\/wp-content\/uploads\/2024\/03\/IMG_4280-300x169.jpeg 300w, https:\/\/www.suwena.net\/wp-content\/uploads\/2024\/03\/IMG_4280-1536x864.jpeg 1536w, https:\/\/www.suwena.net\/wp-content\/uploads\/2024\/03\/IMG_4280-2048x1153.jpeg 2048w\" sizes=\"(max-width: 1440px) 100vw, 1440px\" \/><\/a><figcaption id=\"caption-attachment-17199\" class=\"wp-caption-text\">Nasridin palatsin leijonapiha, Alhambra, Granada, Espanja<\/figcaption><\/figure><br \/>\n<figure id=\"attachment_17197\" aria-describedby=\"caption-attachment-17197\" style=\"width: 1440px\" class=\"wp-caption alignnone\"><a href=\"https:\/\/www.suwena.net\/wp-content\/uploads\/2024\/03\/IMG_4286.jpeg\"><img loading=\"lazy\" width=\"1440\" height=\"810\" src=\"https:\/\/www.suwena.net\/wp-content\/uploads\/2024\/03\/IMG_4286-1440x810.jpeg\" alt=\"Maurilaiset holvi-ikkunat Alhambrassa, Granada, Espanja\" class=\"size-featured-blog-large wp-image-17197\" srcset=\"https:\/\/www.suwena.net\/wp-content\/uploads\/2024\/03\/IMG_4286-1440x810.jpeg 1440w, https:\/\/www.suwena.net\/wp-content\/uploads\/2024\/03\/IMG_4286-768x432.jpeg 768w, https:\/\/www.suwena.net\/wp-content\/uploads\/2024\/03\/IMG_4286-300x169.jpeg 300w, https:\/\/www.suwena.net\/wp-content\/uploads\/2024\/03\/IMG_4286-1536x864.jpeg 1536w, https:\/\/www.suwena.net\/wp-content\/uploads\/2024\/03\/IMG_4286-2048x1152.jpeg 2048w\" sizes=\"(max-width: 1440px) 100vw, 1440px\" \/><\/a><figcaption id=\"caption-attachment-17197\" class=\"wp-caption-text\">Maurilaiset holvi-ikkunat Alhambrassa, Granada, Espanja<\/figcaption><\/figure><br \/>\n<figure id=\"attachment_17195\" aria-describedby=\"caption-attachment-17195\" style=\"width: 1440px\" class=\"wp-caption alignnone\"><a href=\"https:\/\/www.suwena.net\/wp-content\/uploads\/2024\/03\/IMG_4290.jpeg\"><img loading=\"lazy\" width=\"1440\" height=\"810\" src=\"https:\/\/www.suwena.net\/wp-content\/uploads\/2024\/03\/IMG_4290-1440x810.jpeg\" alt=\"Lindarajan puutarha, Alhambra, Granda, Espanja\" class=\"size-featured-blog-large wp-image-17195\" srcset=\"https:\/\/www.suwena.net\/wp-content\/uploads\/2024\/03\/IMG_4290-1440x810.jpeg 1440w, https:\/\/www.suwena.net\/wp-content\/uploads\/2024\/03\/IMG_4290-768x432.jpeg 768w, https:\/\/www.suwena.net\/wp-content\/uploads\/2024\/03\/IMG_4290-300x169.jpeg 300w, https:\/\/www.suwena.net\/wp-content\/uploads\/2024\/03\/IMG_4290-1536x864.jpeg 1536w, https:\/\/www.suwena.net\/wp-content\/uploads\/2024\/03\/IMG_4290-2048x1152.jpeg 2048w\" sizes=\"(max-width: 1440px) 100vw, 1440px\" \/><\/a><figcaption id=\"caption-attachment-17195\" class=\"wp-caption-text\">Lindarajan puutarha, Alhambra, Granda, Espanja<\/figcaption><\/figure><br \/>\n<figure id=\"attachment_17193\" aria-describedby=\"caption-attachment-17193\" style=\"width: 1440px\" class=\"wp-caption alignnone\"><a href=\"https:\/\/www.suwena.net\/wp-content\/uploads\/2024\/03\/IMG_4298.jpeg\"><img loading=\"lazy\" width=\"1440\" height=\"810\" src=\"https:\/\/www.suwena.net\/wp-content\/uploads\/2024\/03\/IMG_4298-1440x810.jpeg\" alt=\"Vesipuutarhat Alhambrassa, Granada, Espanja\" class=\"size-featured-blog-large wp-image-17193\" srcset=\"https:\/\/www.suwena.net\/wp-content\/uploads\/2024\/03\/IMG_4298-1440x810.jpeg 1440w, https:\/\/www.suwena.net\/wp-content\/uploads\/2024\/03\/IMG_4298-768x432.jpeg 768w, https:\/\/www.suwena.net\/wp-content\/uploads\/2024\/03\/IMG_4298-300x169.jpeg 300w, https:\/\/www.suwena.net\/wp-content\/uploads\/2024\/03\/IMG_4298-1536x864.jpeg 1536w, https:\/\/www.suwena.net\/wp-content\/uploads\/2024\/03\/IMG_4298-2048x1152.jpeg 2048w\" sizes=\"(max-width: 1440px) 100vw, 1440px\" \/><\/a><figcaption id=\"caption-attachment-17193\" class=\"wp-caption-text\">Vesipuutarhat Alhambrassa, Granada, Espanja<\/figcaption><\/figure><br \/>\n<figure id=\"attachment_17191\" aria-describedby=\"caption-attachment-17191\" style=\"width: 1440px\" class=\"wp-caption alignnone\"><a href=\"https:\/\/www.suwena.net\/wp-content\/uploads\/2024\/03\/IMG_4299.jpeg\"><img loading=\"lazy\" width=\"1440\" height=\"810\" src=\"https:\/\/www.suwena.net\/wp-content\/uploads\/2024\/03\/IMG_4299-1440x810.jpeg\" alt=\"Eve ruusupuutarhassa Alhambrassa, Granada, Espanja\" class=\"size-featured-blog-large wp-image-17191\" srcset=\"https:\/\/www.suwena.net\/wp-content\/uploads\/2024\/03\/IMG_4299-1440x810.jpeg 1440w, https:\/\/www.suwena.net\/wp-content\/uploads\/2024\/03\/IMG_4299-768x432.jpeg 768w, https:\/\/www.suwena.net\/wp-content\/uploads\/2024\/03\/IMG_4299-300x169.jpeg 300w, https:\/\/www.suwena.net\/wp-content\/uploads\/2024\/03\/IMG_4299-1536x864.jpeg 1536w, https:\/\/www.suwena.net\/wp-content\/uploads\/2024\/03\/IMG_4299-2048x1152.jpeg 2048w\" sizes=\"(max-width: 1440px) 100vw, 1440px\" \/><\/a><figcaption id=\"caption-attachment-17191\" class=\"wp-caption-text\">Eve ruusupuutarhassa Alhambrassa, Granada, Espanja<\/figcaption><\/figure><br \/>\n<figure id=\"attachment_17189\" aria-describedby=\"caption-attachment-17189\" style=\"width: 1440px\" class=\"wp-caption alignnone\"><a href=\"https:\/\/www.suwena.net\/wp-content\/uploads\/2024\/03\/IMG_4304.jpeg\"><img loading=\"lazy\" width=\"1440\" height=\"810\" src=\"https:\/\/www.suwena.net\/wp-content\/uploads\/2024\/03\/IMG_4304-1440x810.jpeg\" alt=\"Alhambran tilukset, Granada, Espanja\" class=\"size-featured-blog-large wp-image-17189\" srcset=\"https:\/\/www.suwena.net\/wp-content\/uploads\/2024\/03\/IMG_4304-1440x810.jpeg 1440w, https:\/\/www.suwena.net\/wp-content\/uploads\/2024\/03\/IMG_4304-768x432.jpeg 768w, https:\/\/www.suwena.net\/wp-content\/uploads\/2024\/03\/IMG_4304-300x169.jpeg 300w, https:\/\/www.suwena.net\/wp-content\/uploads\/2024\/03\/IMG_4304-1536x864.jpeg 1536w, https:\/\/www.suwena.net\/wp-content\/uploads\/2024\/03\/IMG_4304-2048x1152.jpeg 2048w\" sizes=\"(max-width: 1440px) 100vw, 1440px\" \/><\/a><figcaption id=\"caption-attachment-17189\" class=\"wp-caption-text\">Alhambran tilukset, Granada, Espanja<\/figcaption><\/figure><br \/>\n<figure id=\"attachment_17187\" aria-describedby=\"caption-attachment-17187\" style=\"width: 1440px\" class=\"wp-caption alignnone\"><a href=\"https:\/\/www.suwena.net\/wp-content\/uploads\/2024\/03\/IMG_4306.jpeg\"><img loading=\"lazy\" width=\"1440\" height=\"810\" src=\"https:\/\/www.suwena.net\/wp-content\/uploads\/2024\/03\/IMG_4306-1440x810.jpeg\" alt=\"Alhmbra, Granada, Andalusia, Espanja\" class=\"size-featured-blog-large wp-image-17187\" srcset=\"https:\/\/www.suwena.net\/wp-content\/uploads\/2024\/03\/IMG_4306-1440x810.jpeg 1440w, https:\/\/www.suwena.net\/wp-content\/uploads\/2024\/03\/IMG_4306-768x432.jpeg 768w, https:\/\/www.suwena.net\/wp-content\/uploads\/2024\/03\/IMG_4306-300x169.jpeg 300w, https:\/\/www.suwena.net\/wp-content\/uploads\/2024\/03\/IMG_4306-1536x864.jpeg 1536w, https:\/\/www.suwena.net\/wp-content\/uploads\/2024\/03\/IMG_4306-2048x1152.jpeg 2048w\" sizes=\"(max-width: 1440px) 100vw, 1440px\" \/><\/a><figcaption id=\"caption-attachment-17187\" class=\"wp-caption-text\">Alhmbra, Granada, Andalusia, Espanja<\/figcaption><\/figure><br \/>\nAlhambrasta avautuvat huikeat n\u00e4k\u00f6alat yli koko Granadan ja taustalla siint\u00e4v\u00e4t lumihuippuiset Sierra Nevadan vuoret, jonne seuraavana p\u00e4iv\u00e4n\u00e4 suuntaamme.<br \/>\n<figure id=\"attachment_17205\" aria-describedby=\"caption-attachment-17205\" style=\"width: 1440px\" class=\"wp-caption alignnone\"><a href=\"https:\/\/www.suwena.net\/wp-content\/uploads\/2024\/03\/IMG_4241.jpeg\"><img loading=\"lazy\" width=\"1440\" height=\"810\" src=\"https:\/\/www.suwena.net\/wp-content\/uploads\/2024\/03\/IMG_4241-1440x810.jpeg\" alt=\"Sierra Nevada n\u00e4htyn\u00e4 Alhambrasta, Granada, Espanja\" class=\"size-featured-blog-large wp-image-17205\" srcset=\"https:\/\/www.suwena.net\/wp-content\/uploads\/2024\/03\/IMG_4241-1440x810.jpeg 1440w, https:\/\/www.suwena.net\/wp-content\/uploads\/2024\/03\/IMG_4241-768x432.jpeg 768w, https:\/\/www.suwena.net\/wp-content\/uploads\/2024\/03\/IMG_4241-300x169.jpeg 300w, https:\/\/www.suwena.net\/wp-content\/uploads\/2024\/03\/IMG_4241-1536x864.jpeg 1536w, https:\/\/www.suwena.net\/wp-content\/uploads\/2024\/03\/IMG_4241-2048x1152.jpeg 2048w\" sizes=\"(max-width: 1440px) 100vw, 1440px\" \/><\/a><figcaption id=\"caption-attachment-17205\" class=\"wp-caption-text\">Sierra Nevada n\u00e4htyn\u00e4 Alhambrasta, Granada, Espanja<\/figcaption><\/figure><\/p>\n","protected":false},"excerpt":{"rendered":"<p>C\u00f3rdobasta meid\u00e4n road trip jatkui kohti Granadaa. Valitsimme kolmesta p\u00e4\u00e4reitist\u00e4 keskimm\u00e4isen n\u00e4hd\u00e4ksemme enemm\u00e4n maisemia kuin ajaessamme suurimman moottoritien \u00e4\u00e4nivallien v\u00e4liss\u00e4. Koko 175 kilometrin matkalla oliivilehdot jatkuivat katkeamattomasti. Nyt tied\u00e4mme, mist\u00e4 espanjalainen superhyv\u00e4 oliivi\u00f6ljy on l\u00e4ht\u00f6isin. Saavuttuamme Granadaan, Andalusian syd\u00e4meen, olimme<\/p>\n","protected":false},"author":1,"featured_media":17201,"comment_status":"open","ping_status":"open","sticky":false,"template":"","format":"standard","meta":[],"seasons":[47],"_links":{"self":[{"href":"https:\/\/www.suwena.net\/fi\/wp-json\/wp\/v2\/posts\/17214"}],"collection":[{"href":"https:\/\/www.suwena.net\/fi\/wp-json\/wp\/v2\/posts"}],"about":[{"href":"https:\/\/www.suwena.net\/fi\/wp-json\/wp\/v2\/types\/post"}],"author":[{"embeddable":true,"href":"https:\/\/www.suwena.net\/fi\/wp-json\/wp\/v2\/users\/1"}],"replies":[{"embeddable":true,"href":"https:\/\/www.suwena.net\/fi\/wp-json\/wp\/v2\/comments?post=17214"}],"version-history":[{"count":3,"href":"https:\/\/www.suwena.net\/fi\/wp-json\/wp\/v2\/posts\/17214\/revisions"}],"predecessor-version":[{"id":17218,"href":"https:\/\/www.suwena.net\/fi\/wp-json\/wp\/v2\/posts\/17214\/revisions\/17218"}],"wp:featuredmedia":[{"embeddable":true,"href":"https:\/\/www.suwena.net\/fi\/wp-json\/wp\/v2\/media\/17201"}],"wp:attachment":[{"href":"https:\/\/www.suwena.net\/fi\/wp-json\/wp\/v2\/media?parent=17214"}],"wp:term":[{"taxonomy":"seasons","embeddable":true,"href":"https:\/\/www.suwena.net\/fi\/wp-json\/wp\/v2\/seasons?post=17214"}],"curies":[{"name":"wp","href":"https:\/\/api.w.org\/{rel}","templated":true}]}}