
{"id":17402,"date":"2024-09-30T15:36:52","date_gmt":"2024-09-30T15:36:52","guid":{"rendered":"https:\/\/www.suwena.net\/?p=17402"},"modified":"2024-09-30T15:39:20","modified_gmt":"2024-09-30T15:39:20","slug":"almerimar-27-6-4-7","status":"publish","type":"post","link":"https:\/\/www.suwena.net\/fi\/almerimar-27-6-4-7\/","title":{"rendered":"Almerimar 27.6. \u2013 4.7."},"content":{"rendered":"<p>Kolme p\u00e4iv\u00e4\u00e4 lekoteltuamme ankkurissa jatkui matkamme 48 mailia Almerimariin. <\/p>\n<p>Jokainen V\u00e4limerelle saapuva tai Atlantille suuntaava blogaaja n\u00e4ytt\u00e4\u00e4 pys\u00e4htyv\u00e4n Almerimarissa. Meill\u00e4 oli edess\u00e4 ty\u00f6viikko, joten p\u00e4\u00e4timme, ett\u00e4 et\u00e4ty\u00f6 on mukavampi tehd\u00e4 satamassa, kun iltaisin p\u00e4\u00e4see jaloittelemaan ty\u00f6p\u00e4iv\u00e4n p\u00e4\u00e4tteeksi.<br \/>\n<figure id=\"attachment_17416\" aria-describedby=\"caption-attachment-17416\" style=\"width: 1440px\" class=\"wp-caption alignnone\"><a href=\"https:\/\/www.suwena.net\/wp-content\/uploads\/2024\/09\/IMG_4943.jpeg\"><img loading=\"lazy\" width=\"1440\" height=\"810\" src=\"https:\/\/www.suwena.net\/wp-content\/uploads\/2024\/09\/IMG_4943-1440x810.jpeg\" alt=\"Almerimar, Andalusia, Espanja\" class=\"size-featured-blog-large wp-image-17416\" srcset=\"https:\/\/www.suwena.net\/wp-content\/uploads\/2024\/09\/IMG_4943-1440x810.jpeg 1440w, https:\/\/www.suwena.net\/wp-content\/uploads\/2024\/09\/IMG_4943-768x432.jpeg 768w, https:\/\/www.suwena.net\/wp-content\/uploads\/2024\/09\/IMG_4943-300x169.jpeg 300w, https:\/\/www.suwena.net\/wp-content\/uploads\/2024\/09\/IMG_4943-1536x864.jpeg 1536w, https:\/\/www.suwena.net\/wp-content\/uploads\/2024\/09\/IMG_4943-2048x1152.jpeg 2048w\" sizes=\"(max-width: 1440px) 100vw, 1440px\" \/><\/a><figcaption id=\"caption-attachment-17416\" class=\"wp-caption-text\">Almerimar, Andalusia, Espanja<\/figcaption><\/figure><br \/>\nMeill\u00e4 ei ollut kovin suuret odotukset Almerimarista, kun k\u00e4sityksemme oli, ett\u00e4 se on pikku kyl\u00e4 kurkkupeltojen keskell\u00e4. Se on sit\u00e4kin, mutta Almerimar osoittautui paljon viihtyis\u00e4mm\u00e4ksi ja vire\u00e4mm\u00e4ksi lomakyl\u00e4ksi. Koko marinan nelj\u00e4n satama-altaan ymp\u00e4rille on rakennettu hotelleja, loma-asuntoja ja lukuisia ravintoloita, jotka varmasti antavat mukavan suojan talvimyrskyill\u00e4 vedess\u00e4 talvehtiville veneille.<br \/>\n<figure id=\"attachment_17408\" aria-describedby=\"caption-attachment-17408\" style=\"width: 1440px\" class=\"wp-caption alignnone\"><a href=\"https:\/\/www.suwena.net\/wp-content\/uploads\/2024\/09\/IMG_4932.jpeg\"><img loading=\"lazy\" width=\"1440\" height=\"810\" src=\"https:\/\/www.suwena.net\/wp-content\/uploads\/2024\/09\/IMG_4932-1440x810.jpeg\" alt=\"Almerimarin satama, Andalusia, Espanja\" class=\"size-featured-blog-large wp-image-17408\" srcset=\"https:\/\/www.suwena.net\/wp-content\/uploads\/2024\/09\/IMG_4932-1440x810.jpeg 1440w, https:\/\/www.suwena.net\/wp-content\/uploads\/2024\/09\/IMG_4932-768x432.jpeg 768w, https:\/\/www.suwena.net\/wp-content\/uploads\/2024\/09\/IMG_4932-300x169.jpeg 300w, https:\/\/www.suwena.net\/wp-content\/uploads\/2024\/09\/IMG_4932-1536x864.jpeg 1536w, https:\/\/www.suwena.net\/wp-content\/uploads\/2024\/09\/IMG_4932-2048x1152.jpeg 2048w\" sizes=\"(max-width: 1440px) 100vw, 1440px\" \/><\/a><figcaption id=\"caption-attachment-17408\" class=\"wp-caption-text\">Almerimarin satama, Andalusia, Espanja<\/figcaption><\/figure><br \/>\nAlmerimar on ylivoimaisesti edullisin satama V\u00e4limeren puolella s\u00e4ilytt\u00e4\u00e4 sitten veneen talven vedess\u00e4 tai maissa. Me emme olleet viel\u00e4 kirjautuneet edes satamaan sis\u00e4\u00e4n, kun he jo oma-aloitteisesti laskivat meille talvis\u00e4ilytystarjouksen satamatoimistossa. Venepaikkoja heill\u00e4 on 1100, joissa oli paikkoja niin katamaraaneille kuin pisimmill\u00e4\u00e4n 60 metrisille veneille, ja maissa mahtuu talvehtimaan 150 venett\u00e4. Satamassa olikin veneit\u00e4 todella monista maista odottamassa omistajiaan palaavaksi veneelle. My\u00f6s tuttu suomalaisvenekin sielt\u00e4 l\u00f6ytyi yksin\u00e4isen\u00e4 riippulukolla suljettuna.<\/p>\n<p>Monet tekiv\u00e4t aktiivisesti huoltoja ja sataman viereinen telakkakin oli t\u00e4ynn\u00e4 kuhinaa. T\u00e4\u00e4ll\u00e4 n\u00e4ytti olevan tarjolla kaikki tarpeelliset huoltopalvelut. Jos hintakin on kohtuullisempi, niin ei ihme, ett\u00e4 satama-altaat ja maas\u00e4ilytyspaikat olivat t\u00e4ynn\u00e4 vire\u00e4\u00e4 kuhinaa. Esimerkiksi 165 merimailin p\u00e4\u00e4ss\u00e4 Alicantessa Suwenan talvis\u00e4ilytys olisi maksanut kolme kertaa enemm\u00e4n \u2013 huh!<\/p>\n<p>Kaikki venepaikat ovat kadun vieress\u00e4, jolloin asunnoille ja ravintoloihin kulkevat ihmiset k\u00e4velev\u00e4t veneiden vieritse. Jos t\u00e4nne j\u00e4tt\u00e4\u00e4 veneen, saa kyll\u00e4 kiinnitt\u00e4\u00e4 kaiken huolella ja ker\u00e4t\u00e4 irtotavarat kannelta, jotta ne viel\u00e4 on tallessa palattuaan. Yst\u00e4v\u00e4mme s\u00e4ilytt\u00e4ess\u00e4\u00e4n talvikauden venett\u00e4 Almerimarissa kertoi, ett\u00e4 naapuriveneelt\u00e4 oli kadonnut pelastuslautta talven aikana.<br \/>\n<figure id=\"attachment_17410\" aria-describedby=\"caption-attachment-17410\" style=\"width: 1440px\" class=\"wp-caption alignnone\"><a href=\"https:\/\/www.suwena.net\/wp-content\/uploads\/2024\/09\/IMG_4935.jpeg\"><img loading=\"lazy\" width=\"1440\" height=\"810\" src=\"https:\/\/www.suwena.net\/wp-content\/uploads\/2024\/09\/IMG_4935-1440x810.jpeg\" alt=\"Almerimar, Andalusia, Espanja\" class=\"size-featured-blog-large wp-image-17410\" srcset=\"https:\/\/www.suwena.net\/wp-content\/uploads\/2024\/09\/IMG_4935-1440x810.jpeg 1440w, https:\/\/www.suwena.net\/wp-content\/uploads\/2024\/09\/IMG_4935-768x432.jpeg 768w, https:\/\/www.suwena.net\/wp-content\/uploads\/2024\/09\/IMG_4935-300x169.jpeg 300w, https:\/\/www.suwena.net\/wp-content\/uploads\/2024\/09\/IMG_4935-1536x864.jpeg 1536w, https:\/\/www.suwena.net\/wp-content\/uploads\/2024\/09\/IMG_4935-2048x1152.jpeg 2048w\" sizes=\"(max-width: 1440px) 100vw, 1440px\" \/><\/a><figcaption id=\"caption-attachment-17410\" class=\"wp-caption-text\">Almerimar, Andalusia, Espanja<\/figcaption><\/figure><br \/>\n<figure id=\"attachment_17414\" aria-describedby=\"caption-attachment-17414\" style=\"width: 1440px\" class=\"wp-caption alignnone\"><a href=\"https:\/\/www.suwena.net\/wp-content\/uploads\/2024\/09\/IMG_4941.jpeg\"><img loading=\"lazy\" width=\"1440\" height=\"810\" src=\"https:\/\/www.suwena.net\/wp-content\/uploads\/2024\/09\/IMG_4941-1440x810.jpeg\" alt=\"Almerimar, Andalusia, Espanja\" class=\"size-featured-blog-large wp-image-17414\" srcset=\"https:\/\/www.suwena.net\/wp-content\/uploads\/2024\/09\/IMG_4941-1440x810.jpeg 1440w, https:\/\/www.suwena.net\/wp-content\/uploads\/2024\/09\/IMG_4941-768x432.jpeg 768w, https:\/\/www.suwena.net\/wp-content\/uploads\/2024\/09\/IMG_4941-300x169.jpeg 300w, https:\/\/www.suwena.net\/wp-content\/uploads\/2024\/09\/IMG_4941-1536x864.jpeg 1536w, https:\/\/www.suwena.net\/wp-content\/uploads\/2024\/09\/IMG_4941-2048x1152.jpeg 2048w\" sizes=\"(max-width: 1440px) 100vw, 1440px\" \/><\/a><figcaption id=\"caption-attachment-17414\" class=\"wp-caption-text\">Almerimar, Andalusia, Espanja<\/figcaption><\/figure><br \/>\nKun Andrus etsi meille tulevaa talvehtimissatamaa, h\u00e4n ei innostunut Almerimarista, vaikka tiesimme sen hinnan olevan kohtuullisempi. Meille on aina t\u00e4rke\u00e4\u00e4, ett\u00e4 satama sijaitsee hyv\u00e4n kulkuyhteyden p\u00e4\u00e4ss\u00e4. Almerian lentokent\u00e4lle on toki vain 60 kilometri\u00e4, mutta sielt\u00e4 menee v\u00e4hemm\u00e4n lentoja ja meille yhteydet eiv\u00e4t n\u00e4ytt\u00e4neet hyvilt\u00e4. Sen vuoksi olimme varanneet seuraavan talven paikan jo Valenciasta. Pyrimme py\u00f6r\u00e4ht\u00e4m\u00e4\u00e4n veneell\u00e4 muutaman kerran talven aikana, niin saadaan ladattua veneen akkuja ja omiakin. Onhan Valencia Espanjan kolmanneksi isoin kaupunki ja siell\u00e4 n\u00e4ht\u00e4v\u00e4\u00e4 ja tekemist\u00e4 varmasti piisaa.<\/p>\n<p>Almerimar todella osoittautui vire\u00e4mm\u00e4ksi paikaksi kuin odotimme. Voikin sanoa, ett\u00e4 se on turistikaupunki, joka on muodostunut sataman ymp\u00e4rille ja l\u00e4hes katkeamaton jono ravintoloita tarjoaa tietysti andalusialaisia keitti\u00f6nherkkuja. Viikon pys\u00e4hdyksell\u00e4 l\u00f6ysimme monia erinomaisia ravintoloita ja Suwenan pentri sai vapaaviikon uskollisesta palvelustaan.<br \/>\n<figure id=\"attachment_17404\" aria-describedby=\"caption-attachment-17404\" style=\"width: 1440px\" class=\"wp-caption alignnone\"><a href=\"https:\/\/www.suwena.net\/wp-content\/uploads\/2024\/09\/IMG_4907.jpeg\"><img loading=\"lazy\" width=\"1440\" height=\"810\" src=\"https:\/\/www.suwena.net\/wp-content\/uploads\/2024\/09\/IMG_4907-1440x810.jpeg\" alt=\"Auringonlasku Almerimarissa, Andalusia, Espanja\" class=\"size-featured-blog-large wp-image-17404\" srcset=\"https:\/\/www.suwena.net\/wp-content\/uploads\/2024\/09\/IMG_4907-1440x810.jpeg 1440w, https:\/\/www.suwena.net\/wp-content\/uploads\/2024\/09\/IMG_4907-768x432.jpeg 768w, https:\/\/www.suwena.net\/wp-content\/uploads\/2024\/09\/IMG_4907-300x169.jpeg 300w, https:\/\/www.suwena.net\/wp-content\/uploads\/2024\/09\/IMG_4907-1536x864.jpeg 1536w, https:\/\/www.suwena.net\/wp-content\/uploads\/2024\/09\/IMG_4907-2048x1152.jpeg 2048w\" sizes=\"(max-width: 1440px) 100vw, 1440px\" \/><\/a><figcaption id=\"caption-attachment-17404\" class=\"wp-caption-text\">Auringonlasku Almerimarissa, Andalusia, Espanja<\/figcaption><\/figure><br \/>\nAlmerimarissa on my\u00f6s ihanan pitk\u00e4t hiekkarannat, jotka houkuttelivat ihmiset ulos paistattelemaan p\u00e4iv\u00e4\u00e4. Meill\u00e4 kuitenkin p\u00e4iv\u00e4t vier\u00e4htiv\u00e4t ty\u00f6n merkeiss\u00e4, joten iltaisin l\u00e4hdimme innokkaasti tutkimaan Almerimaria ja oikomaan jalkoja. L\u00f6ysimme my\u00f6s eritt\u00e4in kattavan Mercadonan, josta saimme bunkrattua Suwenaa tulevia merip\u00e4ivi\u00e4 ajatellen. Samoin joka p\u00e4iv\u00e4 hiekkarannan edustalla oli ankkurissa veneit\u00e4, joista jollalla voi p\u00e4r\u00e4ytt\u00e4\u00e4 rantaan nauttimaan rantael\u00e4m\u00e4st\u00e4 tai herkullisesta p\u00e4iv\u00e4llisest\u00e4.<br \/>\n<figure id=\"attachment_17412\" aria-describedby=\"caption-attachment-17412\" style=\"width: 1440px\" class=\"wp-caption alignnone\"><a href=\"https:\/\/www.suwena.net\/wp-content\/uploads\/2024\/09\/IMG_4940.jpeg\"><img loading=\"lazy\" width=\"1440\" height=\"810\" src=\"https:\/\/www.suwena.net\/wp-content\/uploads\/2024\/09\/IMG_4940-1440x810.jpeg\" alt=\"Almerimarin hiekkaranta, Andalusia, Espanja\" class=\"size-featured-blog-large wp-image-17412\" srcset=\"https:\/\/www.suwena.net\/wp-content\/uploads\/2024\/09\/IMG_4940-1440x810.jpeg 1440w, https:\/\/www.suwena.net\/wp-content\/uploads\/2024\/09\/IMG_4940-768x432.jpeg 768w, https:\/\/www.suwena.net\/wp-content\/uploads\/2024\/09\/IMG_4940-300x169.jpeg 300w, https:\/\/www.suwena.net\/wp-content\/uploads\/2024\/09\/IMG_4940-1536x864.jpeg 1536w, https:\/\/www.suwena.net\/wp-content\/uploads\/2024\/09\/IMG_4940-2048x1152.jpeg 2048w\" sizes=\"(max-width: 1440px) 100vw, 1440px\" \/><\/a><figcaption id=\"caption-attachment-17412\" class=\"wp-caption-text\">Almerimarin hiekkaranta, Andalusia, Espanja<\/figcaption><\/figure><br \/>\nMeille j\u00e4i tosi hyv\u00e4 tunne Almerimarista ja jos joskus on tarpeen palata n\u00e4ille kulmille, niin talvipaikaksi tai isompien remppojen huoltopaikaksi t\u00e4m\u00e4 sopisi vallan mainiosti. Kaikki yst\u00e4v\u00e4mme, jotka ovat t\u00e4\u00e4ll\u00e4 s\u00e4ilytt\u00e4neet veneens\u00e4 talvikauden ovat my\u00f6s olleet tyytyv\u00e4isi\u00e4 valintaansa.<br \/>\n<figure id=\"attachment_17406\" aria-describedby=\"caption-attachment-17406\" style=\"width: 1440px\" class=\"wp-caption alignnone\"><a href=\"https:\/\/www.suwena.net\/wp-content\/uploads\/2024\/09\/IMG_4926.jpeg\"><img loading=\"lazy\" width=\"1440\" height=\"810\" src=\"https:\/\/www.suwena.net\/wp-content\/uploads\/2024\/09\/IMG_4926-1440x810.jpeg\" alt=\"Suwena Almerimarin satamassa, Andalusia, Espanja\" class=\"size-featured-blog-large wp-image-17406\" srcset=\"https:\/\/www.suwena.net\/wp-content\/uploads\/2024\/09\/IMG_4926-1440x810.jpeg 1440w, https:\/\/www.suwena.net\/wp-content\/uploads\/2024\/09\/IMG_4926-768x432.jpeg 768w, https:\/\/www.suwena.net\/wp-content\/uploads\/2024\/09\/IMG_4926-300x169.jpeg 300w, https:\/\/www.suwena.net\/wp-content\/uploads\/2024\/09\/IMG_4926-1536x864.jpeg 1536w, https:\/\/www.suwena.net\/wp-content\/uploads\/2024\/09\/IMG_4926-2048x1152.jpeg 2048w\" sizes=\"(max-width: 1440px) 100vw, 1440px\" \/><\/a><figcaption id=\"caption-attachment-17406\" class=\"wp-caption-text\">Suwena Almerimarin satamassa, Andalusia, Espanja<\/figcaption><\/figure><\/p>\n","protected":false},"excerpt":{"rendered":"<p>Kolme p\u00e4iv\u00e4\u00e4 lekoteltuamme ankkurissa jatkui matkamme 48 mailia Almerimariin. Jokainen V\u00e4limerelle saapuva tai Atlantille suuntaava blogaaja n\u00e4ytt\u00e4\u00e4 pys\u00e4htyv\u00e4n Almerimarissa. Meill\u00e4 oli edess\u00e4 ty\u00f6viikko, joten p\u00e4\u00e4timme, ett\u00e4 et\u00e4ty\u00f6 on mukavampi tehd\u00e4 satamassa, kun iltaisin p\u00e4\u00e4see jaloittelemaan ty\u00f6p\u00e4iv\u00e4n p\u00e4\u00e4tteeksi. Meill\u00e4 ei ollut<\/p>\n","protected":false},"author":2,"featured_media":17404,"comment_status":"open","ping_status":"open","sticky":false,"template":"","format":"standard","meta":[],"seasons":[47],"_links":{"self":[{"href":"https:\/\/www.suwena.net\/fi\/wp-json\/wp\/v2\/posts\/17402"}],"collection":[{"href":"https:\/\/www.suwena.net\/fi\/wp-json\/wp\/v2\/posts"}],"about":[{"href":"https:\/\/www.suwena.net\/fi\/wp-json\/wp\/v2\/types\/post"}],"author":[{"embeddable":true,"href":"https:\/\/www.suwena.net\/fi\/wp-json\/wp\/v2\/users\/2"}],"replies":[{"embeddable":true,"href":"https:\/\/www.suwena.net\/fi\/wp-json\/wp\/v2\/comments?post=17402"}],"version-history":[{"count":3,"href":"https:\/\/www.suwena.net\/fi\/wp-json\/wp\/v2\/posts\/17402\/revisions"}],"predecessor-version":[{"id":17421,"href":"https:\/\/www.suwena.net\/fi\/wp-json\/wp\/v2\/posts\/17402\/revisions\/17421"}],"wp:featuredmedia":[{"embeddable":true,"href":"https:\/\/www.suwena.net\/fi\/wp-json\/wp\/v2\/media\/17404"}],"wp:attachment":[{"href":"https:\/\/www.suwena.net\/fi\/wp-json\/wp\/v2\/media?parent=17402"}],"wp:term":[{"taxonomy":"seasons","embeddable":true,"href":"https:\/\/www.suwena.net\/fi\/wp-json\/wp\/v2\/seasons?post=17402"}],"curies":[{"name":"wp","href":"https:\/\/api.w.org\/{rel}","templated":true}]}}