
{"id":2395,"date":"2011-06-07T18:27:01","date_gmt":"2011-06-07T18:27:01","guid":{"rendered":"https:\/\/www.suwena.net\/foglon-degerby-31-5-1-6\/"},"modified":"2019-05-18T17:13:24","modified_gmt":"2019-05-18T17:13:24","slug":"foglon-degerby-31-5-1-6","status":"publish","type":"post","link":"https:\/\/www.suwena.net\/fi\/foglon-degerby-31-5-1-6\/","title":{"rendered":"F\u00f6gl\u00f6n Degerby 31.5. &#8211; 1.6."},"content":{"rendered":"<p>Sottungasta purjehdimme mukavasti koko matkan Degerby:hyn. Alkumatkasta p\u00e4\u00e4simme purjehtimaan Suwenaa ensimm\u00e4isell\u00e4 virsikirjalla. Skuuttasimme ison oikealle ja keulapurjeen vasemmalle. Loppu matka olikin jo tuttua sivuvastaista tuulta. <\/p>\n<p>Degerby:ss\u00e4 aluksi ajoimme vierasvenesatamaan ja j\u00e4imme ihmettelem\u00e4\u00e4n, onko syv\u00e4ys riitt\u00e4v\u00e4, sill\u00e4 Suwenan syv\u00e4ys on 1,9 metri\u00e4. Keskell\u00e4 kes\u00e4\u00e4, kun satamassa on muita purjeveneit\u00e4, voi niiden koosta v\u00e4h\u00e4n p\u00e4\u00e4tell\u00e4 satamansyvyytt\u00e4. T\u00e4ss\u00e4 satamassa ei ollut mit\u00e4\u00e4n syv\u00e4ysmerkint\u00f6j\u00e4 ja jotenkin se vaikutti liian matalalta. N\u00e4in kes\u00e4n aluksi vesi on niin kirkasta, ett\u00e4 pohja n\u00e4kyi hyvin, joten ep\u00e4ilys vain kasvoi. Ravintola Seagramin satamassa tiesimme syv\u00e4yksen riitt\u00e4v\u00e4n, joten p\u00e4\u00e4timme kiinnitty\u00e4 sinne eik\u00e4 vierasvenesatamaan.<br \/>\n<figure id=\"attachment_2402\" aria-describedby=\"caption-attachment-2402\" style=\"width: 1440px\" class=\"wp-caption alignnone\"><a href=\"https:\/\/www.suwena.net\/wp-content\/uploads\/2011\/06\/IMG_1777d.JPG\"><img loading=\"lazy\" width=\"1440\" height=\"810\" src=\"https:\/\/www.suwena.net\/wp-content\/uploads\/2011\/06\/IMG_1777d-1440x810.jpg\" alt=\"Suwena Degerby:ss\u00e4\" class=\"size-featured-blog-large wp-image-2402\" srcset=\"https:\/\/www.suwena.net\/wp-content\/uploads\/2011\/06\/IMG_1777d-1440x810.jpg 1440w, https:\/\/www.suwena.net\/wp-content\/uploads\/2011\/06\/IMG_1777d-300x169.jpg 300w, https:\/\/www.suwena.net\/wp-content\/uploads\/2011\/06\/IMG_1777d-768x432.jpg 768w\" sizes=\"(max-width: 1440px) 100vw, 1440px\" \/><\/a><figcaption id=\"caption-attachment-2402\" class=\"wp-caption-text\">Suwena Degerby:ss\u00e4<\/figcaption><\/figure><br \/>\nJ\u00e4lleen olimme tilanteessa, ett\u00e4 saavumme satamaan, joka ei ole viel\u00e4 auennut. My\u00f6s t\u00e4m\u00e4 satama avautuu 1. kes\u00e4kuuta.<\/p>\n<p>Varsinainen vierasvenesatama j\u00e4i niin kiinnostamaan, ett\u00e4 l\u00e4hdimme k\u00e4vellen tutkimaan satamaa. Toki siell\u00e4 oli my\u00f6s Degerby:n ainoa septiasema, joten senkin tarvetta Suwenalla alkoi jo olla. Vitsailimme septilaiturilla, ett\u00e4 kumpi vaan voi hyp\u00e4t\u00e4 testaamaan syv\u00e4yksen. jos vett\u00e4 tulee pituuteen n\u00e4hden riitt\u00e4v\u00e4sti p\u00e4\u00e4n yli, niin osaahan siin\u00e4 arvioida riitt\u00e4\u00e4k\u00f6 syv\u00e4ys Suwenalle. No j\u00e4timme testit viel\u00e4 vedenkylmyyden vuoksi tekem\u00e4tt\u00e4 ja k\u00e4velimme kysym\u00e4\u00e4n asiaa ravintola Mat &#038; Cafe:sta. Vastaus olikin arvellun kaltainen, ett\u00e4 septilaiturin syv\u00e4ys oli vain 1,5 metri\u00e4. Asiaa olisi kyll\u00e4 helpottanut, jos syv\u00e4yksest\u00e4 olisi ollut itse laiturilla edes jotain merkint\u00f6j\u00e4.<\/p>\n<p>Muutenkin vierasvenesatama n\u00e4ytti v\u00e4h\u00e4n oudolta, koska vierasvenelaituri oli sijoitettu septilaiturin viereen. Samoin l\u00f6ysimme erikoisen vesipisteen, josta vierasvene voi tankata eurolla nelj\u00e4 minuuttia vett\u00e4 kerrallaan. Hinta oli kyll\u00e4 naurettava. Onneksi Suwenan 620 litran vesitankki oli t\u00e4ynn\u00e4. Lis\u00e4ksi vedentankkauspiste oli samaisella septilaiturilla, niinp\u00e4 Suwenalla ei ollut pelkoa joutua ry\u00f6v\u00e4tyksi vedentankkauksessa.<br \/>\n<figure id=\"attachment_2404\" aria-describedby=\"caption-attachment-2404\" style=\"width: 1440px\" class=\"wp-caption alignnone\"><a href=\"https:\/\/www.suwena.net\/wp-content\/uploads\/2011\/06\/IMG_1766d.JPG\"><img loading=\"lazy\" width=\"1440\" height=\"810\" src=\"https:\/\/www.suwena.net\/wp-content\/uploads\/2011\/06\/IMG_1766d-1440x810.jpg\" alt=\"Vesiposti Degerbyss\u00e4\" class=\"size-featured-blog-large wp-image-2404\" srcset=\"https:\/\/www.suwena.net\/wp-content\/uploads\/2011\/06\/IMG_1766d-1440x810.jpg 1440w, https:\/\/www.suwena.net\/wp-content\/uploads\/2011\/06\/IMG_1766d-300x169.jpg 300w, https:\/\/www.suwena.net\/wp-content\/uploads\/2011\/06\/IMG_1766d-768x432.jpg 768w\" sizes=\"(max-width: 1440px) 100vw, 1440px\" \/><\/a><figcaption id=\"caption-attachment-2404\" class=\"wp-caption-text\">Vesiposti Degerbyss\u00e4<\/figcaption><\/figure><br \/>\nMielenkiintoista oli kummassakin Ahvenanmaan satamassa se, ett\u00e4 emme tavanneet yht\u00e4\u00e4n suomalaista venett\u00e4. Sottungassa oli yksi britti vene ja pari ruotsalaista, kun taas Degerby:ss\u00e4 tapasimme sveitsil\u00e4isen miehist\u00f6n It\u00e4meren tutkimusmatkalla. <\/p>\n<p>Degerby:ss\u00e4 aurinko paistoi ensimm\u00e4ist\u00e4 kertaa sen verran l\u00e4mp\u00f6isesti, ett\u00e4 p\u00e4\u00e4simme korkkaamaan kes\u00e4n ensimm\u00e4isen j\u00e4\u00e4tel\u00f6kioskin j\u00e4\u00e4tel\u00f6t\u00f6tter\u00f6n, joka maistui ah niin herkulliselta.<br \/>\n<figure id=\"attachment_2406\" aria-describedby=\"caption-attachment-2406\" style=\"width: 1440px\" class=\"wp-caption alignnone\"><a href=\"https:\/\/www.suwena.net\/wp-content\/uploads\/2011\/06\/IMG_1771d.JPG\"><img loading=\"lazy\" width=\"1440\" height=\"810\" src=\"https:\/\/www.suwena.net\/wp-content\/uploads\/2011\/06\/IMG_1771d-1440x810.jpg\" alt=\"Degerby:n keskusta\" class=\"size-featured-blog-large wp-image-2406\" srcset=\"https:\/\/www.suwena.net\/wp-content\/uploads\/2011\/06\/IMG_1771d-1440x810.jpg 1440w, https:\/\/www.suwena.net\/wp-content\/uploads\/2011\/06\/IMG_1771d-300x169.jpg 300w, https:\/\/www.suwena.net\/wp-content\/uploads\/2011\/06\/IMG_1771d-768x432.jpg 768w\" sizes=\"(max-width: 1440px) 100vw, 1440px\" \/><\/a><figcaption id=\"caption-attachment-2406\" class=\"wp-caption-text\">Degerby:n keskusta<\/figcaption><\/figure><br \/>\nKeskiviikko aamuna k\u00e4\u00e4nsimme Suwenan keulan kohti Ahvenanmaan p\u00e4\u00e4saarta ja Maarianhaminan l\u00e4nsisatamaa.<br \/>\n<figure id=\"attachment_2408\" aria-describedby=\"caption-attachment-2408\" style=\"width: 1440px\" class=\"wp-caption alignnone\"><a href=\"https:\/\/www.suwena.net\/wp-content\/uploads\/2011\/06\/IMG_1770d.JPG\"><img loading=\"lazy\" width=\"1440\" height=\"810\" src=\"https:\/\/www.suwena.net\/wp-content\/uploads\/2011\/06\/IMG_1770d-1440x810.jpg\" alt=\"Skarven liikenn\u00f6i Degerby:st\u00e4 Ahvenanmaalle\" class=\"size-featured-blog-large wp-image-2408\" srcset=\"https:\/\/www.suwena.net\/wp-content\/uploads\/2011\/06\/IMG_1770d-1440x810.jpg 1440w, https:\/\/www.suwena.net\/wp-content\/uploads\/2011\/06\/IMG_1770d-300x169.jpg 300w, https:\/\/www.suwena.net\/wp-content\/uploads\/2011\/06\/IMG_1770d-768x432.jpg 768w\" sizes=\"(max-width: 1440px) 100vw, 1440px\" \/><\/a><figcaption id=\"caption-attachment-2408\" class=\"wp-caption-text\">Skarven liikenn\u00f6i Degerby:st\u00e4 Ahvenanmaalle<\/figcaption><\/figure><\/p>\n","protected":false},"excerpt":{"rendered":"<p>Sottungasta purjehdimme mukavasti koko matkan Degerby:hyn. Alkumatkasta p\u00e4\u00e4simme purjehtimaan Suwenaa ensimm\u00e4isell\u00e4 virsikirjalla. Skuuttasimme ison oikealle ja keulapurjeen vasemmalle. Loppu matka olikin jo tuttua sivuvastaista tuulta. Degerby:ss\u00e4 aluksi ajoimme vierasvenesatamaan ja j\u00e4imme ihmettelem\u00e4\u00e4n, onko syv\u00e4ys riitt\u00e4v\u00e4, sill\u00e4 Suwenan syv\u00e4ys on 1,9<\/p>\n","protected":false},"author":2,"featured_media":2402,"comment_status":"open","ping_status":"open","sticky":false,"template":"","format":"standard","meta":[],"seasons":[9],"_links":{"self":[{"href":"https:\/\/www.suwena.net\/fi\/wp-json\/wp\/v2\/posts\/2395"}],"collection":[{"href":"https:\/\/www.suwena.net\/fi\/wp-json\/wp\/v2\/posts"}],"about":[{"href":"https:\/\/www.suwena.net\/fi\/wp-json\/wp\/v2\/types\/post"}],"author":[{"embeddable":true,"href":"https:\/\/www.suwena.net\/fi\/wp-json\/wp\/v2\/users\/2"}],"replies":[{"embeddable":true,"href":"https:\/\/www.suwena.net\/fi\/wp-json\/wp\/v2\/comments?post=2395"}],"version-history":[{"count":0,"href":"https:\/\/www.suwena.net\/fi\/wp-json\/wp\/v2\/posts\/2395\/revisions"}],"wp:featuredmedia":[{"embeddable":true,"href":"https:\/\/www.suwena.net\/fi\/wp-json\/wp\/v2\/media\/2402"}],"wp:attachment":[{"href":"https:\/\/www.suwena.net\/fi\/wp-json\/wp\/v2\/media?parent=2395"}],"wp:term":[{"taxonomy":"seasons","embeddable":true,"href":"https:\/\/www.suwena.net\/fi\/wp-json\/wp\/v2\/seasons?post=2395"}],"curies":[{"name":"wp","href":"https:\/\/api.w.org\/{rel}","templated":true}]}}