
{"id":2789,"date":"2011-06-23T14:13:36","date_gmt":"2011-06-23T14:13:36","guid":{"rendered":"https:\/\/www.suwena.net\/koysi-poikki-18-6-20-6\/"},"modified":"2019-05-18T17:20:11","modified_gmt":"2019-05-18T17:20:11","slug":"koysi-poikki-18-6-20-6","status":"publish","type":"post","link":"https:\/\/www.suwena.net\/fi\/koysi-poikki-18-6-20-6\/","title":{"rendered":"K\u00f6ysi poikki 18.6. &#8211; 20.6."},"content":{"rendered":"<p>Saltsj\u00f6badenista l\u00e4hdimme kohti etel\u00e4\u00e4 ja Tukholman saariston etel\u00e4-reunassa sijaitsevaa Nyn\u00e4shamnia. Keli oli suotuisa ja purjehdimme mukavasti Dalar\u00f6n ohi, kunnes tuuli k\u00e4\u00e4ntyi sivumy\u00f6t\u00e4isest\u00e4 enemm\u00e4n vastaiseksi. Muutamien vendojen j\u00e4lkeen Mysingen lahdella tuuli alkoi todella illansuussa moinata, joten loppup\u00e4tk\u00e4n legist\u00e4 ajoimme peltigenoalla.<br \/>\n<figure id=\"attachment_2796\" aria-describedby=\"caption-attachment-2796\" style=\"width: 1440px\" class=\"wp-caption alignnone\"><a href=\"https:\/\/www.suwena.net\/wp-content\/uploads\/2011\/06\/IMG_2097d.JPG\"><img loading=\"lazy\" width=\"1440\" height=\"810\" src=\"https:\/\/www.suwena.net\/wp-content\/uploads\/2011\/06\/IMG_2097d-1440x810.jpg\" alt=\"Suomen lippu liehumassa Suwenan mesaanissa\" class=\"size-featured-blog-large wp-image-2796\" srcset=\"https:\/\/www.suwena.net\/wp-content\/uploads\/2011\/06\/IMG_2097d-1440x810.jpg 1440w, https:\/\/www.suwena.net\/wp-content\/uploads\/2011\/06\/IMG_2097d-300x169.jpg 300w, https:\/\/www.suwena.net\/wp-content\/uploads\/2011\/06\/IMG_2097d-768x432.jpg 768w\" sizes=\"(max-width: 1440px) 100vw, 1440px\" \/><\/a><figcaption id=\"caption-attachment-2796\" class=\"wp-caption-text\">Suomen lippu liehumassa Suwenan mesaanissa<\/figcaption><\/figure><br \/>\nSaavuimme Nyn\u00e4shamnin satamaan kauniissa keliss\u00e4, joten kiinnittyminen k\u00e4vi n\u00e4ps\u00e4k\u00e4sti. Olipas mukavaa kiinnitty\u00e4 l\u00e4helle toista oululaisvenett\u00e4, Zanaa. J\u00e4imme ulkolaituriin, kun keli oli leppoisa ja s\u00e4\u00e4tiedotus lupasi samanlaista eteenp\u00e4in.<\/p>\n<p>Sunnuntai-aamuna olimme juuri nauttineet rauhalliset aamukahvit, kun hetkess\u00e4 tuuli alkoi nousta. Olimme keulapoijussa per\u00e4k\u00f6ysill\u00e4 laiturissa. Tietysti sataman ainoa tuulelle avoin suunta sattui meille ja aiheutti svelli\u00e4. Pohjoistuuli ker\u00e4si vauhtia ja alkoi puhaltaa yli 13 m\/s. Tuulenvoima nostatti melkoiset aallot, jotka l\u00f6iv\u00e4t veneen keulasta suoraan kohti laituria ja viel\u00e4 jopa laiturin yli.<\/p>\n<p>Andrus oli juuri mennyt auttamaan Zanan miehist\u00f6\u00e4, sill\u00e4 heill\u00e4 samainen tuuli katkaisi poijuhaan. Kun h\u00e4n palasi Suwenalle, keikkui veneemme oudossa kulmassa laituriin n\u00e4hden. Meilt\u00e4 oli katkennut oikea per\u00e4k\u00f6ysi. Vaikka siin\u00e4 oli joustin, meni k\u00f6ysi poikki metrin p\u00e4\u00e4st\u00e4 joustimesta. Onneksi vene heilui sen verran suurta liikett\u00e4, ett\u00e4 Andrus p\u00e4\u00e4si juuri ja juuri veneeseen.<br \/>\n<figure id=\"attachment_2798\" aria-describedby=\"caption-attachment-2798\" style=\"width: 1440px\" class=\"wp-caption alignnone\"><a href=\"https:\/\/www.suwena.net\/wp-content\/uploads\/2011\/06\/IMG_2108d.JPG\"><img loading=\"lazy\" width=\"1440\" height=\"810\" src=\"https:\/\/www.suwena.net\/wp-content\/uploads\/2011\/06\/IMG_2108d-1440x810.jpg\" alt=\"Katkennut k\u00f6ysi Nyn\u00e4shamnissa\" class=\"size-featured-blog-large wp-image-2798\" srcset=\"https:\/\/www.suwena.net\/wp-content\/uploads\/2011\/06\/IMG_2108d-1440x810.jpg 1440w, https:\/\/www.suwena.net\/wp-content\/uploads\/2011\/06\/IMG_2108d-300x169.jpg 300w, https:\/\/www.suwena.net\/wp-content\/uploads\/2011\/06\/IMG_2108d-768x432.jpg 768w\" sizes=\"(max-width: 1440px) 100vw, 1440px\" \/><\/a><figcaption id=\"caption-attachment-2798\" class=\"wp-caption-text\">Katkennut k\u00f6ysi Nyn\u00e4shamnissa<\/figcaption><\/figure><br \/>\nHirmuisella kiireell\u00e4 aloimme irrottaa venett\u00e4 ja siirt\u00e4m\u00e4\u00e4n Suwenaa suojaisempaan sis\u00e4laituripaikkaan.<br \/>\n<figure id=\"attachment_2800\" aria-describedby=\"caption-attachment-2800\" style=\"width: 1440px\" class=\"wp-caption alignnone\"><a href=\"https:\/\/www.suwena.net\/wp-content\/uploads\/2011\/06\/IMG_2106d.JPG\"><img loading=\"lazy\" width=\"1440\" height=\"810\" src=\"https:\/\/www.suwena.net\/wp-content\/uploads\/2011\/06\/IMG_2106d-1440x810.jpg\" alt=\"Suwena Nyn\u00e4shamnissa\" class=\"size-featured-blog-large wp-image-2800\" srcset=\"https:\/\/www.suwena.net\/wp-content\/uploads\/2011\/06\/IMG_2106d-1440x810.jpg 1440w, https:\/\/www.suwena.net\/wp-content\/uploads\/2011\/06\/IMG_2106d-300x169.jpg 300w, https:\/\/www.suwena.net\/wp-content\/uploads\/2011\/06\/IMG_2106d-768x432.jpg 768w\" sizes=\"(max-width: 1440px) 100vw, 1440px\" \/><\/a><figcaption id=\"caption-attachment-2800\" class=\"wp-caption-text\">Suwena Nyn\u00e4shamnissa<\/figcaption><\/figure><br \/>\nAndrus vain pl\u00e4j\u00e4ytti puukon mun k\u00e4teen ja tuumasi, ett\u00e4: \u201dJos poiju ei irtoa ekalla kerralla, ly\u00f6 k\u00f6ysi poikki.\u201d Niinp\u00e4 puukkouhanalaisena poiju irtosi n\u00e4tisti ja saimme Suwenalle uuden rauhaisamman paikan.<\/p>\n<p>Satamahenkil\u00f6kunta riensi auttamaan jokaista apua tarvitsevaa venett\u00e4 v\u00e4litt\u00f6m\u00e4sti tuulen noustessa. He auttoivat jokaista ulkolaiturissa olevaa venett\u00e4 siirtym\u00e4\u00e4n turvallisempaan paikkaan. Meid\u00e4n mielt\u00e4 l\u00e4mmitti n\u00e4hd\u00e4, kuinka taidokkaasti he hoitivat asian. <\/p>\n<p>Tuuli puhalsi voimansa pois kahdessa tunnissa, jonka j\u00e4lkeen svelli my\u00f6s rauhoittui. Sadetta kuitenkin piisasi koko Nyn\u00e4shamnin p\u00e4ivien ajan, joten kaupunkivisiitti j\u00e4i hyvin v\u00e4h\u00e4iseksi. Toisaalta oli todella mukavaa tutustua Zanan miehist\u00f6\u00f6n, Olliin ja Tainaan, joiden kanssa yhteisi\u00e4 tuttavia Oulussa piisasi roppakaupalla. Vaihdoimme veneilykokemuksia ja juttua piisasi.<br \/>\n<figure id=\"attachment_2802\" aria-describedby=\"caption-attachment-2802\" style=\"width: 1440px\" class=\"wp-caption alignnone\"><a href=\"https:\/\/www.suwena.net\/wp-content\/uploads\/2011\/06\/IMG_2118d.JPG\"><img loading=\"lazy\" width=\"1440\" height=\"810\" src=\"https:\/\/www.suwena.net\/wp-content\/uploads\/2011\/06\/IMG_2118d-1440x810.jpg\" alt=\"Olli ja Taina Zana veneell\u00e4 Nyn\u00e4shamnissa\" class=\"size-featured-blog-large wp-image-2802\" srcset=\"https:\/\/www.suwena.net\/wp-content\/uploads\/2011\/06\/IMG_2118d-1440x810.jpg 1440w, https:\/\/www.suwena.net\/wp-content\/uploads\/2011\/06\/IMG_2118d-300x169.jpg 300w, https:\/\/www.suwena.net\/wp-content\/uploads\/2011\/06\/IMG_2118d-768x432.jpg 768w\" sizes=\"(max-width: 1440px) 100vw, 1440px\" \/><\/a><figcaption id=\"caption-attachment-2802\" class=\"wp-caption-text\">Olli ja Taina Zana veneell\u00e4 Nyn\u00e4shamnissa<\/figcaption><\/figure><br \/>\nMaanantaip\u00e4iv\u00e4n valmistauduimme seuraavalle legille, joka tulee olemaan meid\u00e4n ensimm\u00e4inen y\u00f6n yli purjehdus.<\/p>\n","protected":false},"excerpt":{"rendered":"<p>Saltsj\u00f6badenista l\u00e4hdimme kohti etel\u00e4\u00e4 ja Tukholman saariston etel\u00e4-reunassa sijaitsevaa Nyn\u00e4shamnia. Keli oli suotuisa ja purjehdimme mukavasti Dalar\u00f6n ohi, kunnes tuuli k\u00e4\u00e4ntyi sivumy\u00f6t\u00e4isest\u00e4 enemm\u00e4n vastaiseksi. Muutamien vendojen j\u00e4lkeen Mysingen lahdella tuuli alkoi todella illansuussa moinata, joten loppup\u00e4tk\u00e4n legist\u00e4 ajoimme peltigenoalla. Saavuimme<\/p>\n","protected":false},"author":2,"featured_media":2798,"comment_status":"open","ping_status":"open","sticky":false,"template":"","format":"standard","meta":[],"seasons":[9],"_links":{"self":[{"href":"https:\/\/www.suwena.net\/fi\/wp-json\/wp\/v2\/posts\/2789"}],"collection":[{"href":"https:\/\/www.suwena.net\/fi\/wp-json\/wp\/v2\/posts"}],"about":[{"href":"https:\/\/www.suwena.net\/fi\/wp-json\/wp\/v2\/types\/post"}],"author":[{"embeddable":true,"href":"https:\/\/www.suwena.net\/fi\/wp-json\/wp\/v2\/users\/2"}],"replies":[{"embeddable":true,"href":"https:\/\/www.suwena.net\/fi\/wp-json\/wp\/v2\/comments?post=2789"}],"version-history":[{"count":0,"href":"https:\/\/www.suwena.net\/fi\/wp-json\/wp\/v2\/posts\/2789\/revisions"}],"wp:featuredmedia":[{"embeddable":true,"href":"https:\/\/www.suwena.net\/fi\/wp-json\/wp\/v2\/media\/2798"}],"wp:attachment":[{"href":"https:\/\/www.suwena.net\/fi\/wp-json\/wp\/v2\/media?parent=2789"}],"wp:term":[{"taxonomy":"seasons","embeddable":true,"href":"https:\/\/www.suwena.net\/fi\/wp-json\/wp\/v2\/seasons?post=2789"}],"curies":[{"name":"wp","href":"https:\/\/api.w.org\/{rel}","templated":true}]}}