
{"id":4181,"date":"2012-06-14T21:29:48","date_gmt":"2012-06-14T21:29:48","guid":{"rendered":"https:\/\/www.suwena.net\/vadstenan-linna-ja-birgittalaisluostari-10-6-11-6\/"},"modified":"2019-05-27T08:05:40","modified_gmt":"2019-05-27T08:05:40","slug":"vadstenan-linna-ja-birgittalaisluostari-10-6-11-6","status":"publish","type":"post","link":"https:\/\/www.suwena.net\/fi\/vadstenan-linna-ja-birgittalaisluostari-10-6-11-6\/","title":{"rendered":"Vadstenan linna ja birgittalaisluostari 10.6. &#8211; 11.6."},"content":{"rendered":"<p>Ruotsin yksi kuuluisimmista historiallisista kaupungeista on Vadstena, jonne halusimme seuraavaksi Suwenan keulan k\u00e4\u00e4nt\u00e4\u00e4. G\u00f6tan kanavan it\u00e4inen osa p\u00e4\u00e4ttyy Motalaan, jonka j\u00e4lkeen kanava j\u00e4lleen jatkuu V\u00e4tternin l\u00e4nsirannalla. Meid\u00e4n suunnitelma oli kuitenkin poiketa Vadstenassa, joten teimme pienen pyr\u00e4hdyksen pois varsinaiselta kanavalta. Vadstenaan on vain noin 9 merimailin matka ja se vilahti nopeasti sunnuntaisessa auringonpaisteessa.<br \/>\n<figure id=\"attachment_4155\" aria-describedby=\"caption-attachment-4155\" style=\"width: 1440px\" class=\"wp-caption alignnone\"><a href=\"https:\/\/www.suwena.net\/wp-content\/uploads\/2012\/06\/IMG_3894e.JPG\"><img loading=\"lazy\" width=\"1440\" height=\"810\" src=\"https:\/\/www.suwena.net\/wp-content\/uploads\/2012\/06\/IMG_3894e-1440x810.jpg\" alt=\"Vadstena\" class=\"size-featured-blog-large wp-image-4155\" srcset=\"https:\/\/www.suwena.net\/wp-content\/uploads\/2012\/06\/IMG_3894e-1440x810.jpg 1440w, https:\/\/www.suwena.net\/wp-content\/uploads\/2012\/06\/IMG_3894e-300x169.jpg 300w, https:\/\/www.suwena.net\/wp-content\/uploads\/2012\/06\/IMG_3894e-768x432.jpg 768w\" sizes=\"(max-width: 1440px) 100vw, 1440px\" \/><\/a><figcaption id=\"caption-attachment-4155\" class=\"wp-caption-text\">Vadstena<\/figcaption><\/figure><br \/>\nTuntui hienolta ajaa Vadstenan linnan vallihautaan sis\u00e4lle ja kiinnitt\u00e4\u00e4 Suwena linnan varjoon. Pian saapumisemme j\u00e4lkeen saimme viereemme jo S\u00f6derk\u00f6pingist\u00e4 tutun Diana laivan. Se oli vaan tainnut ehti\u00e4 tehd\u00e4 jo useita reissuja, sill\u00e4 v\u00e4lin, kun me olimme ehtineet itse Vadstenaan.<br \/>\n<figure id=\"attachment_4159\" aria-describedby=\"caption-attachment-4159\" style=\"width: 1440px\" class=\"wp-caption alignnone\"><a href=\"https:\/\/www.suwena.net\/wp-content\/uploads\/2012\/06\/IMG_3886e.JPG\"><img loading=\"lazy\" width=\"1440\" height=\"810\" src=\"https:\/\/www.suwena.net\/wp-content\/uploads\/2012\/06\/IMG_3886e-1440x810.jpg\" alt=\"Suwena matkalla Vadstenan linnan vallihautaan\" class=\"size-featured-blog-large wp-image-4159\" srcset=\"https:\/\/www.suwena.net\/wp-content\/uploads\/2012\/06\/IMG_3886e-1440x810.jpg 1440w, https:\/\/www.suwena.net\/wp-content\/uploads\/2012\/06\/IMG_3886e-300x169.jpg 300w, https:\/\/www.suwena.net\/wp-content\/uploads\/2012\/06\/IMG_3886e-768x432.jpg 768w\" sizes=\"(max-width: 1440px) 100vw, 1440px\" \/><\/a><figcaption id=\"caption-attachment-4159\" class=\"wp-caption-text\">Suwena matkalla Vadstenan linnan vallihautaan<\/figcaption><\/figure><br \/>\n<figure id=\"attachment_4163\" aria-describedby=\"caption-attachment-4163\" style=\"width: 1440px\" class=\"wp-caption alignnone\"><a href=\"https:\/\/www.suwena.net\/wp-content\/uploads\/2012\/06\/IMG_3904e.JPG\"><img loading=\"lazy\" width=\"1440\" height=\"810\" src=\"https:\/\/www.suwena.net\/wp-content\/uploads\/2012\/06\/IMG_3904e-1440x810.jpg\" alt=\"Suwena ja Diana laiva Vadstenan satamassa\" class=\"size-featured-blog-large wp-image-4163\" srcset=\"https:\/\/www.suwena.net\/wp-content\/uploads\/2012\/06\/IMG_3904e-1440x810.jpg 1440w, https:\/\/www.suwena.net\/wp-content\/uploads\/2012\/06\/IMG_3904e-300x169.jpg 300w, https:\/\/www.suwena.net\/wp-content\/uploads\/2012\/06\/IMG_3904e-768x432.jpg 768w\" sizes=\"(max-width: 1440px) 100vw, 1440px\" \/><\/a><figcaption id=\"caption-attachment-4163\" class=\"wp-caption-text\">Suwena ja Diana laiva Vadstenan satamassa<\/figcaption><\/figure><br \/>\nSaimme kuulla paikallisilta veneilij\u00f6ilt\u00e4, ett\u00e4 Vallihaudassa sijaitseva venesatama on juhannuksesta eteenp\u00e4in tupaten t\u00e4ynn\u00e4, eiv\u00e4tk\u00e4 silloin paikallisetkaan tahdo l\u00f6yt\u00e4\u00e4 paikkaa veneelleen. Voi sanoa v\u00e4h\u00e4n kuin Saimaalla, ett\u00e4 j\u00e4rvill\u00e4 kes\u00e4kausi alkaa vasta juhannuksesta, niin n\u00e4k\u00f6j\u00e4\u00e4n my\u00f6s V\u00e4ttern j\u00e4rvell\u00e4. Nyt satamassa oli vain muutamia vierasveneit\u00e4. Satamav\u00e4yl\u00e4 oli ahdas ja veneilij\u00e4t olivatkin keksineet kiinnitt\u00e4\u00e4 veneet vinottain paaluihin. N\u00e4in pidemm\u00e4tkin veneet mahtuvat pienemp\u00e4\u00e4n tilaan.<br \/>\n<figure id=\"attachment_4167\" aria-describedby=\"caption-attachment-4167\" style=\"width: 1440px\" class=\"wp-caption alignnone\"><a href=\"https:\/\/www.suwena.net\/wp-content\/uploads\/2012\/06\/IMG_3909e.JPG\"><img loading=\"lazy\" width=\"1440\" height=\"810\" src=\"https:\/\/www.suwena.net\/wp-content\/uploads\/2012\/06\/IMG_3909e-1440x810.jpg\" alt=\"Veneit\u00e4 pylv\u00e4iden v\u00e4liss\u00e4 vinoparkissa Vadstenassa\" class=\"size-featured-blog-large wp-image-4167\" srcset=\"https:\/\/www.suwena.net\/wp-content\/uploads\/2012\/06\/IMG_3909e-1440x810.jpg 1440w, https:\/\/www.suwena.net\/wp-content\/uploads\/2012\/06\/IMG_3909e-300x169.jpg 300w, https:\/\/www.suwena.net\/wp-content\/uploads\/2012\/06\/IMG_3909e-768x432.jpg 768w\" sizes=\"(max-width: 1440px) 100vw, 1440px\" \/><\/a><figcaption id=\"caption-attachment-4167\" class=\"wp-caption-text\">Veneit\u00e4 pylv\u00e4iden v\u00e4liss\u00e4 vinoparkissa Vadstenassa<\/figcaption><\/figure><br \/>\nVadstenan satamassa on kaksi eritt\u00e4in energist\u00e4 ja iloista satamakapteenia, joiden kanssa raatailimme satamasta ja tietty itse Vadstenasta. He my\u00f6s ilahduttivat meit\u00e4 sunnuntai-iltak\u00e4velylt\u00e4 saavuttuamme Suwenan portin eteen ilmestyneell\u00e4 punaisella matolla. Mik\u00e4s siin\u00e4 &#8220;astua laivaan&#8221; punaista mattoa pitkin. Sataman webbisivuilla satamakapteenit kertoivat, ett\u00e4 he haluavat olla Ruotsin paras vierassatama ja me ainakin voimme heille \u00e4\u00e4nemme antaa. Ruotsin satamissa on ollut yst\u00e4v\u00e4llisi\u00e4 ihmisi\u00e4 kaikkialla, mutta l\u00e4mminhenkisimm\u00e4t ovat kyll\u00e4 olleet ehdottomasti n\u00e4m\u00e4 mukavat miehet Vadstenan vallihaudan satamassa.<br \/>\n<figure id=\"attachment_4171\" aria-describedby=\"caption-attachment-4171\" style=\"width: 1440px\" class=\"wp-caption alignnone\"><a href=\"https:\/\/www.suwena.net\/wp-content\/uploads\/2012\/06\/IMG_3914e.JPG\"><img loading=\"lazy\" width=\"1440\" height=\"810\" src=\"https:\/\/www.suwena.net\/wp-content\/uploads\/2012\/06\/IMG_3914e-1440x810.jpg\" alt=\"Eve punaisella matolla Vadstenassa\" class=\"size-featured-blog-large wp-image-4171\" srcset=\"https:\/\/www.suwena.net\/wp-content\/uploads\/2012\/06\/IMG_3914e-1440x810.jpg 1440w, https:\/\/www.suwena.net\/wp-content\/uploads\/2012\/06\/IMG_3914e-300x169.jpg 300w, https:\/\/www.suwena.net\/wp-content\/uploads\/2012\/06\/IMG_3914e-768x432.jpg 768w\" sizes=\"(max-width: 1440px) 100vw, 1440px\" \/><\/a><figcaption id=\"caption-attachment-4171\" class=\"wp-caption-text\">Eve punaisella matolla Vadstenassa<\/figcaption><\/figure><br \/>\nVadstenan linna kohosi kuninkaallisena vieress\u00e4mme ja sinne l\u00e4hdimme innokkaina tutkimusretkelle. Linnan historia on todella vaikuttava. Kuningas Kustaa Vaasa rakennutti Vadstenan 1545 alkaen suojelemaan Ruotsia etel\u00e4st\u00e4 pyrkivilt\u00e4 tanskalaisilta. Se on rakennettu renessanssityylisesti, jolloin asuintilat rakennettiin erilleen puolustustiloista. Linna on ollut kuninkaallisten asumana viel\u00e4 1700-luvun alussa. Kuuluisin linnan asukeista on varmasti Kustaa Vaasan kolmas poika herttua Magnus, joka k\u00e4rsi mielenterveysongelmista. H\u00e4nen hautansa on my\u00f6s Vadstenan luostarikirkossa.<br \/>\n<figure id=\"attachment_4175\" aria-describedby=\"caption-attachment-4175\" style=\"width: 1440px\" class=\"wp-caption alignnone\"><a href=\"https:\/\/www.suwena.net\/wp-content\/uploads\/2012\/06\/IMG_3916e.JPG\"><img loading=\"lazy\" width=\"1440\" height=\"810\" src=\"https:\/\/www.suwena.net\/wp-content\/uploads\/2012\/06\/IMG_3916e-1440x810.jpg\" alt=\"Vadstenan linna\" class=\"size-featured-blog-large wp-image-4175\" srcset=\"https:\/\/www.suwena.net\/wp-content\/uploads\/2012\/06\/IMG_3916e-1440x810.jpg 1440w, https:\/\/www.suwena.net\/wp-content\/uploads\/2012\/06\/IMG_3916e-300x169.jpg 300w, https:\/\/www.suwena.net\/wp-content\/uploads\/2012\/06\/IMG_3916e-768x432.jpg 768w\" sizes=\"(max-width: 1440px) 100vw, 1440px\" \/><\/a><figcaption id=\"caption-attachment-4175\" class=\"wp-caption-text\">Vadstenan linna<\/figcaption><\/figure><br \/>\nKyll\u00e4 kuninkaan el\u00e4m\u00e4 on ollut tuohon aikaan aivan toista kuin nyky\u00e4\u00e4n. Silloin heid\u00e4n piti matkustaa ymp\u00e4ri maakuntia linnasta linnaan ker\u00e4\u00e4m\u00e4ss\u00e4 veroja. Tuntuu uskomattomalta, ett\u00e4 kuninkaan hovin mukana kuljetettiin my\u00f6s kaikki huonekalut ja esimerkiksi keitti\u00f6v\u00e4lineet. Niinp\u00e4 linnat olivat l\u00e4hes tyhjill\u00e4\u00e4n kuninkaan poissa ollessa.<\/p>\n<p>Vadstenasta l\u00f6ytyy paljon kaikenlaista historiaa, mutta valitettavasti tuo historia ei oikeastaan linnassa itsess\u00e4\u00e4n sis\u00e4ll\u00e4 en\u00e4\u00e4 n\u00e4kynyt. Linna on ollut niin huonossa kunnossa v\u00e4lill\u00e4 ja esimerkiksi 1900-luvulla my\u00f6s tehdask\u00e4yt\u00f6ss\u00e4, joten paljon historiallisesti merkitt\u00e4v\u00e4\u00e4 materiaalia on kadonnut ajansaatossa pois linnasta. Ulkoa p\u00e4in linna on todella hieno ja s\u00e4ilynyt hyv\u00e4ss\u00e4 kunnossa. Sis\u00e4osat on kuitenkin restauroitu enemm\u00e4n nykyajan tarpeita ja tapahtumia varten. Onhan linnaan sijoitettu esimerkiksi maakunta-arkisto ja Vadstenan akatemian tilat. Olimme kuitenkin pettyneit\u00e4, koska odotimme p\u00e4\u00e4sev\u00e4mme enemm\u00e4n autenttiseen keskiaikaiseen linnaan, sill\u00e4 linnaa on kehuttu kaikkialla parhaiten s\u00e4ilyneeksi Ruotsin keskiaikaiseksi linnaksi. <\/p>\n<p>Yll\u00e4tykseksemme birgittalaisten luostarimuseo ja luostarikirkko olivat mielenkiintoisempia kohteita, jotka melkein meinasimme j\u00e4tt\u00e4\u00e4 v\u00e4liin. Pyh\u00e4 Birgitta perusti 1300-luvulla birgittalaisluostarin, jonka p\u00e4\u00e4paikka on Vadstenassa. H\u00e4nen tytt\u00e4rens\u00e4 Katariina toi \u00e4itins\u00e4 maaliset j\u00e4\u00e4nn\u00f6kset Roomasta Vadstenaan ja pyh\u00e4inj\u00e4\u00e4nn\u00f6st\u00e4 eli reliikki\u00e4 s\u00e4ilytet\u00e4\u00e4n Vadstenan luostarikirkossa. <\/p>\n<p>Pyh\u00e4n Birgitan ansiosta Vadstenassa k\u00e4y edelleenkin joka vuosi pyhiinvaeltajia. Luostariin oli koottu esille monipuolisesti birgittalaisten el\u00e4m\u00e4\u00e4 esimerkiksi nunnankammio, ruokatila ja erilaisia ty\u00f6skentelytiloja. He my\u00f6s j\u00e4ljensiv\u00e4t paljon kirjoja ja mm. Suomen ensimm\u00e4inen l\u00e4\u00e4kint\u00e4opas on j\u00e4ljennetty juuri Vadstenassa ja toimitettu sielt\u00e4 Naantalin birgittalaisluostariin sen kukoistuskaudella 1400-luvulla. Nyky\u00e4\u00e4n alkuper\u00e4ist\u00e4 l\u00e4\u00e4ke- ja yrttikirjaa s\u00e4ilytet\u00e4\u00e4n Tukholman kuninkaallisessa kirjastossa.<br \/>\n<figure id=\"attachment_4179\" aria-describedby=\"caption-attachment-4179\" style=\"width: 1440px\" class=\"wp-caption alignnone\"><a href=\"https:\/\/www.suwena.net\/wp-content\/uploads\/2012\/06\/IMG_3934e.JPG\"><img loading=\"lazy\" width=\"1440\" height=\"810\" src=\"https:\/\/www.suwena.net\/wp-content\/uploads\/2012\/06\/IMG_3934e-1440x810.jpg\" alt=\"Andrus harjoittelemassa Vadstenan luostarissa birgittalaisfonttia\" class=\"size-featured-blog-large wp-image-4179\" srcset=\"https:\/\/www.suwena.net\/wp-content\/uploads\/2012\/06\/IMG_3934e-1440x810.jpg 1440w, https:\/\/www.suwena.net\/wp-content\/uploads\/2012\/06\/IMG_3934e-300x169.jpg 300w, https:\/\/www.suwena.net\/wp-content\/uploads\/2012\/06\/IMG_3934e-768x432.jpg 768w\" sizes=\"(max-width: 1440px) 100vw, 1440px\" \/><\/a><figcaption id=\"caption-attachment-4179\" class=\"wp-caption-text\">Andrus harjoittelemassa Vadstenan luostarissa birgittalaisfonttia<\/figcaption><\/figure><br \/>\nMelkoisen turismi annoksen j\u00e4lkeen oli aika j\u00e4tt\u00e4\u00e4 hyv\u00e4stit prinsessa Estellen herttuakunnalle. Olemme matkanneet pitkin G\u00f6tan kanavaa ja halki It\u00e4-G\u00f6tanmaan maakunnan, jonka herttuatar Ruotsin pikku prinsessa on. Oli aika irrottaa Suwenan k\u00f6ydet ja ylitt\u00e4\u00e4 V\u00e4ttern. Ruotsin toisiksi suurin j\u00e4rvi n\u00e4ytti meille lempe\u00e4t kasvonsa. Tuulta ei ollut lainkaan, niinp\u00e4 peltigenoa vei meid\u00e4t 14 mailin matkan Karlsborgiin. Samalla vaihdoimme L\u00e4nsi-G\u00f6tanmaan puolelle, joka on muuten kruununprinsessa Victorian ja prinssi Danielin herttuakunta. <\/p>\n","protected":false},"excerpt":{"rendered":"<p>Ruotsin yksi kuuluisimmista historiallisista kaupungeista on Vadstena, jonne halusimme seuraavaksi Suwenan keulan k\u00e4\u00e4nt\u00e4\u00e4. G\u00f6tan kanavan it\u00e4inen osa p\u00e4\u00e4ttyy Motalaan, jonka j\u00e4lkeen kanava j\u00e4lleen jatkuu V\u00e4tternin l\u00e4nsirannalla. Meid\u00e4n suunnitelma oli kuitenkin poiketa Vadstenassa, joten teimme pienen pyr\u00e4hdyksen pois varsinaiselta kanavalta. Vadstenaan<\/p>\n","protected":false},"author":2,"featured_media":4163,"comment_status":"open","ping_status":"open","sticky":false,"template":"","format":"standard","meta":[],"seasons":[11],"_links":{"self":[{"href":"https:\/\/www.suwena.net\/fi\/wp-json\/wp\/v2\/posts\/4181"}],"collection":[{"href":"https:\/\/www.suwena.net\/fi\/wp-json\/wp\/v2\/posts"}],"about":[{"href":"https:\/\/www.suwena.net\/fi\/wp-json\/wp\/v2\/types\/post"}],"author":[{"embeddable":true,"href":"https:\/\/www.suwena.net\/fi\/wp-json\/wp\/v2\/users\/2"}],"replies":[{"embeddable":true,"href":"https:\/\/www.suwena.net\/fi\/wp-json\/wp\/v2\/comments?post=4181"}],"version-history":[{"count":0,"href":"https:\/\/www.suwena.net\/fi\/wp-json\/wp\/v2\/posts\/4181\/revisions"}],"wp:featuredmedia":[{"embeddable":true,"href":"https:\/\/www.suwena.net\/fi\/wp-json\/wp\/v2\/media\/4163"}],"wp:attachment":[{"href":"https:\/\/www.suwena.net\/fi\/wp-json\/wp\/v2\/media?parent=4181"}],"wp:term":[{"taxonomy":"seasons","embeddable":true,"href":"https:\/\/www.suwena.net\/fi\/wp-json\/wp\/v2\/seasons?post=4181"}],"curies":[{"name":"wp","href":"https:\/\/api.w.org\/{rel}","templated":true}]}}