
{"id":488,"date":"2009-07-20T20:30:14","date_gmt":"2009-07-20T20:30:14","guid":{"rendered":"https:\/\/www.suwena.net\/nauvosta-naantaliin-13-7-17-7\/"},"modified":"2019-04-27T09:07:07","modified_gmt":"2019-04-27T09:07:07","slug":"nauvosta-naantaliin-13-7-17-7","status":"publish","type":"post","link":"https:\/\/www.suwena.net\/fi\/nauvosta-naantaliin-13-7-17-7\/","title":{"rendered":"Nauvosta Naantaliin 13.7. &#8211; 17.7."},"content":{"rendered":"<p>Maanantai-iltana viikko sitten saavuimme Nauvoon ja laiturilla oli iloisesti vastassa Even \u00e4iti ja is\u00e4 sek\u00e4 h\u00e4nt\u00e4\u00e4ns\u00e4 heiluttava Aatu. Nauvossa olimme t\u00e4ll\u00e4 reissulla jo toista kertaa ja nyt Nauvo n\u00e4ytti toiset kasvonsa. Auringossa rentoutuvat ja monenmoista puuhaavat aikuiset sek\u00e4 niin maalla kuin vedess\u00e4 leikkiv\u00e4t lapset nauttivat t\u00e4ysin palkein kes\u00e4st\u00e4. Satama oli tupaten t\u00e4ynn\u00e4 veneit\u00e4 ja Kerttu ja Heikki saivat asuntoautolleen my\u00f6s paikan ihan veneiden kupeesta. <\/p>\n<p>Oli my\u00f6s ilo k\u00e4yd\u00e4 ruokakaupassa, jossa tuoretta tavaraa oli tarjolla runsain mitoin. Nauvossa onkin jo ihan eri juttu pit\u00e4\u00e4 hyvin varustettua ruokakauppaa verrattuna moneen pieneen saareen, sill\u00e4 talvella Nauvossa asuu 1500 ihmist\u00e4, kun taas kes\u00e4ll\u00e4 asukkeja on jo 15000 kaikilla muilla turisteilla viel\u00e4 h\u00f6ystettyn\u00e4.<\/p>\n<p>Vietimme Nauvossa pari p\u00e4iv\u00e4\u00e4 kunnolla rentoutuen, hyv\u00e4st\u00e4 seurasta ja ruoasta nauttien. Viel\u00e4 keskiviikko aamuna ennen matkanjatkamista, k\u00e4vimme porukalla paistattamassa p\u00e4iv\u00e4\u00e4 ja kiert\u00e4m\u00e4ss\u00e4 Suwenalla l\u00e4hi saaristossa. P\u00e4\u00e4siv\u00e4t \u00e4ipp\u00e4 ja isk\u00e4 n\u00e4kem\u00e4\u00e4n palasen Saaristomerta merelt\u00e4 k\u00e4sin.<\/p>\n<p>Helteisen\u00e4 keskiviikkoiltap\u00e4iv\u00e4n\u00e4 Suwena jatkoi matkaansa Naantaliin. Ajoimme rauhallista uppoamavauhtia nauttiaksemme saaristosta. Ohitimme Kultarannan ja saavuimme Naantalin v\u00e4ke\u00e4 pursuavaan satamaan. Olikin j\u00e4lleen uusi kokemus kiinnitt\u00e4ytymisen j\u00e4lkeen astua maihin suoraan rantaboulevardille, joka todella oli t\u00e4ynn\u00e4 niin suomalaisia kuin muitakin EU-kotimaamme vieraita kuten my\u00f6s aasialaisia Muumimaailmaan pyrkij\u00f6it\u00e4. Naantali ei yll\u00e4tt\u00e4nyt meit\u00e4 ruokael\u00e4myksill\u00e4\u00e4n. Ehk\u00e4 siell\u00e4 turistit ovat liian itsest\u00e4\u00e4n selvyys.<br \/>\n<figure id=\"attachment_470\" aria-describedby=\"caption-attachment-470\" style=\"width: 1440px\" class=\"wp-caption alignnone\"><a href=\"https:\/\/www.suwena.net\/wp-content\/uploads\/2009\/07\/IMG_0012a.JPG\"><img loading=\"lazy\" width=\"1440\" height=\"810\" src=\"https:\/\/www.suwena.net\/wp-content\/uploads\/2009\/07\/IMG_0012a-1440x810.jpg\" alt=\"Suwena Naantalin satamassa\" class=\"size-featured-blog-large wp-image-470\" srcset=\"https:\/\/www.suwena.net\/wp-content\/uploads\/2009\/07\/IMG_0012a-1440x810.jpg 1440w, https:\/\/www.suwena.net\/wp-content\/uploads\/2009\/07\/IMG_0012a-300x169.jpg 300w, https:\/\/www.suwena.net\/wp-content\/uploads\/2009\/07\/IMG_0012a-768x432.jpg 768w\" sizes=\"(max-width: 1440px) 100vw, 1440px\" \/><\/a><figcaption id=\"caption-attachment-470\" class=\"wp-caption-text\">Suwena Naantalin satamassa<\/figcaption><\/figure><br \/>\nHauska yksityiskohta oli pienveneille rakennettu venelaituri, johon p\u00e4\u00e4si n\u00e4pp\u00e4r\u00e4n sillan ali omaan sis\u00e4altaaseen. Kuten kuvasta huomaa, Suwena j\u00e4i rannalle ruikuttamaan korkeuden vuoksi.<br \/>\n<figure id=\"attachment_474\" aria-describedby=\"caption-attachment-474\" style=\"width: 1440px\" class=\"wp-caption alignnone\"><a href=\"https:\/\/www.suwena.net\/wp-content\/uploads\/2009\/07\/IMG_0009a.JPG\"><img loading=\"lazy\" width=\"1440\" height=\"810\" src=\"https:\/\/www.suwena.net\/wp-content\/uploads\/2009\/07\/IMG_0009a-1440x810.jpg\" alt=\"Naantalin pienvenesatama\" class=\"size-featured-blog-large wp-image-474\" srcset=\"https:\/\/www.suwena.net\/wp-content\/uploads\/2009\/07\/IMG_0009a-1440x810.jpg 1440w, https:\/\/www.suwena.net\/wp-content\/uploads\/2009\/07\/IMG_0009a-300x169.jpg 300w, https:\/\/www.suwena.net\/wp-content\/uploads\/2009\/07\/IMG_0009a-768x432.jpg 768w\" sizes=\"(max-width: 1440px) 100vw, 1440px\" \/><\/a><figcaption id=\"caption-attachment-474\" class=\"wp-caption-text\">Naantalin pienvenelaituri<\/figcaption><\/figure><br \/>\nNo l\u00f6ysimme ainakin matkan likaisimman sataman, sill\u00e4 parin p\u00e4iv\u00e4n stopin j\u00e4lkeen Suwena oli mustahelmainen kaunotar.<br \/>\n<figure id=\"attachment_478\" aria-describedby=\"caption-attachment-478\" style=\"width: 1440px\" class=\"wp-caption alignnone\"><a href=\"https:\/\/www.suwena.net\/wp-content\/uploads\/2009\/07\/IMG_0021a.JPG\"><img loading=\"lazy\" width=\"1440\" height=\"810\" src=\"https:\/\/www.suwena.net\/wp-content\/uploads\/2009\/07\/IMG_0021a-1440x810.jpg\" alt=\"Mustahelmainen kaunotar\" class=\"size-featured-blog-large wp-image-478\" srcset=\"https:\/\/www.suwena.net\/wp-content\/uploads\/2009\/07\/IMG_0021a-1440x810.jpg 1440w, https:\/\/www.suwena.net\/wp-content\/uploads\/2009\/07\/IMG_0021a-300x169.jpg 300w, https:\/\/www.suwena.net\/wp-content\/uploads\/2009\/07\/IMG_0021a-768x432.jpg 768w\" sizes=\"(max-width: 1440px) 100vw, 1440px\" \/><\/a><figcaption id=\"caption-attachment-478\" class=\"wp-caption-text\">Mustahelmainen kaunotar<\/figcaption><\/figure><br \/>\nSuwena joutui nauttimaan ylh\u00e4isest\u00e4 yksin\u00e4isyydest\u00e4\u00e4n torstain, sill\u00e4 py\u00f6r\u00e4hdimme vuokra-autolla Helsingiss\u00e4 katsomassa, ett\u00e4 osasiko Britney tanssia. H\u00e4n nimitt\u00e4in oli laulamisen melkein unohtanut. Vain mutamassa biisiss\u00e4 p\u00e4\u00e4simme kuulemaan rouvan aitoa \u00e4\u00e4nt\u00e4. Konsertti ja sirkusesitykset olivat toki tosi hienoja. No eik\u00f6h\u00e4n rouva Madonna laita taas paremmaksi elokuussa!<\/p>\n<p>Vuokrasimme auton Turusta, joten meille tuli sopivasti mahdollisuus k\u00e4yd\u00e4 niin Turun kuin Hesankin veneliikkeiss\u00e4. Hesassa k\u00e4vimme Maritimilla Lauttasaaressa. Liike oli suhteellisen suuri ja tavarat oli laitettu esille aika l\u00f6ys\u00e4sti. Perjantaina k\u00e4vimme sitten Turussa niin Meredinill\u00e4 kuin Nautikulmassa. Uskomatonta on se, ett\u00e4 niin Maritim kuin Meredin periv\u00e4t asiakkaaltaan tuotekuvastosta maksun. M\u00f6isiv\u00e4t varmasti paljon enemm\u00e4n, jos asiakkaat saisivat kotonakin tehd\u00e4 sohvaostoksia. Veneisiin liittyy niin paljon pient\u00e4 teknist\u00e4 s\u00e4l\u00e4\u00e4, ett\u00e4 ne vaativat ihan toisella tavalla aikaa kuin jokin perinteinen katalogimyynti. Meredin oli tupaten t\u00e4ynn\u00e4 tavaraa suhteellisen pieness\u00e4 tilassa. Nautikulma oli ehdottomasti n\u00e4ist\u00e4 kolmesta siistein ja j\u00e4rjestelm\u00e4llisin sek\u00e4 hyvin esillepano hoidettu. Oli my\u00f6s mielenkiintoista huomata, ett\u00e4 jokaisessa liikkeess\u00e4 oli esill\u00e4 my\u00f6s eri tavaroita, joita toisista ei l\u00f6ytynyt. Jokaisesta liikkeest\u00e4 tarttui meille k\u00e4teen kuitenkin jotain t\u00e4rke\u00e4\u00e4 tai v\u00e4hemm\u00e4n t\u00e4rke\u00e4\u00e4. Hupaisana ostoksena voisi mainita meripyykkipojat. Pudoteltuani muutamia pyykkipoikia jo mereen, tulipahan hankittua ainakin meripyykkipojat. Niiss\u00e4 on lis\u00e4ksi lis\u00e4 lenkit reelinkien ymp\u00e4rille laitettaviksi tai ne ovat sen verran suuria, ett\u00e4 pyykkipojan voi laittaa vaatteeseen reelingin kohdalta.<\/p>\n<p>Perjantaina Naantalista l\u00e4htiess\u00e4mme py\u00f6r\u00e4hdimme ihailemassa Suwenan isosiskoa Turun telakalla. Nuo upeat Suomessa valmistetut yli 300-metriset risteilyalukset ovat valloittaneet maailmaa jo pitk\u00e4\u00e4n ja tuhannet ihmiset ovat p\u00e4\u00e4sseet nauttimaan luksusristeilyist\u00e4 eri puolella maapalloamme.<br \/>\n<figure id=\"attachment_482\" aria-describedby=\"caption-attachment-482\" style=\"width: 1440px\" class=\"wp-caption alignnone\"><a href=\"https:\/\/www.suwena.net\/wp-content\/uploads\/2009\/07\/IMG_0027a.JPG\"><img loading=\"lazy\" width=\"1440\" height=\"810\" src=\"https:\/\/www.suwena.net\/wp-content\/uploads\/2009\/07\/IMG_0027a-1440x810.jpg\" alt=\"H\u00f6yrylaiva Ukko-Pekan per\u00e4ss\u00e4 kohti Airistoa\" class=\"size-featured-blog-large wp-image-482\" srcset=\"https:\/\/www.suwena.net\/wp-content\/uploads\/2009\/07\/IMG_0027a-1440x810.jpg 1440w, https:\/\/www.suwena.net\/wp-content\/uploads\/2009\/07\/IMG_0027a-300x169.jpg 300w, https:\/\/www.suwena.net\/wp-content\/uploads\/2009\/07\/IMG_0027a-768x432.jpg 768w\" sizes=\"(max-width: 1440px) 100vw, 1440px\" \/><\/a><figcaption id=\"caption-attachment-482\" class=\"wp-caption-text\">H\u00f6yrylaiva Ukko-Pekan per\u00e4ss\u00e4 kohti Airistoa<\/figcaption><\/figure><br \/>\n<figure id=\"attachment_486\" aria-describedby=\"caption-attachment-486\" style=\"width: 1440px\" class=\"wp-caption alignnone\"><a href=\"https:\/\/www.suwena.net\/wp-content\/uploads\/2009\/07\/IMG_0034a.JPG\"><img loading=\"lazy\" width=\"1440\" height=\"810\" src=\"https:\/\/www.suwena.net\/wp-content\/uploads\/2009\/07\/IMG_0034a-1440x810.jpg\" alt=\"Suwenan isosisko\" class=\"size-featured-blog-large wp-image-486\" srcset=\"https:\/\/www.suwena.net\/wp-content\/uploads\/2009\/07\/IMG_0034a-1440x810.jpg 1440w, https:\/\/www.suwena.net\/wp-content\/uploads\/2009\/07\/IMG_0034a-300x169.jpg 300w, https:\/\/www.suwena.net\/wp-content\/uploads\/2009\/07\/IMG_0034a-768x432.jpg 768w\" sizes=\"(max-width: 1440px) 100vw, 1440px\" \/><\/a><figcaption id=\"caption-attachment-486\" class=\"wp-caption-text\">Suwenan isosisko<\/figcaption><\/figure><\/p>\n","protected":false},"excerpt":{"rendered":"<p>Maanantai-iltana viikko sitten saavuimme Nauvoon ja laiturilla oli iloisesti vastassa Even \u00e4iti ja is\u00e4 sek\u00e4 h\u00e4nt\u00e4\u00e4ns\u00e4 heiluttava Aatu. Nauvossa olimme t\u00e4ll\u00e4 reissulla jo toista kertaa ja nyt Nauvo n\u00e4ytti toiset kasvonsa. Auringossa rentoutuvat ja monenmoista puuhaavat aikuiset sek\u00e4 niin maalla<\/p>\n","protected":false},"author":2,"featured_media":470,"comment_status":"open","ping_status":"open","sticky":false,"template":"","format":"standard","meta":[],"seasons":[2],"_links":{"self":[{"href":"https:\/\/www.suwena.net\/fi\/wp-json\/wp\/v2\/posts\/488"}],"collection":[{"href":"https:\/\/www.suwena.net\/fi\/wp-json\/wp\/v2\/posts"}],"about":[{"href":"https:\/\/www.suwena.net\/fi\/wp-json\/wp\/v2\/types\/post"}],"author":[{"embeddable":true,"href":"https:\/\/www.suwena.net\/fi\/wp-json\/wp\/v2\/users\/2"}],"replies":[{"embeddable":true,"href":"https:\/\/www.suwena.net\/fi\/wp-json\/wp\/v2\/comments?post=488"}],"version-history":[{"count":0,"href":"https:\/\/www.suwena.net\/fi\/wp-json\/wp\/v2\/posts\/488\/revisions"}],"wp:featuredmedia":[{"embeddable":true,"href":"https:\/\/www.suwena.net\/fi\/wp-json\/wp\/v2\/media\/470"}],"wp:attachment":[{"href":"https:\/\/www.suwena.net\/fi\/wp-json\/wp\/v2\/media?parent=488"}],"wp:term":[{"taxonomy":"seasons","embeddable":true,"href":"https:\/\/www.suwena.net\/fi\/wp-json\/wp\/v2\/seasons?post=488"}],"curies":[{"name":"wp","href":"https:\/\/api.w.org\/{rel}","templated":true}]}}