
{"id":5005,"date":"2012-07-28T16:10:20","date_gmt":"2012-07-28T16:10:20","guid":{"rendered":"https:\/\/www.suwena.net\/bornholmin-saari-tanskalaisten-ylpeys-11-7-17-7\/"},"modified":"2019-06-05T17:35:22","modified_gmt":"2019-06-05T17:35:22","slug":"bornholmin-saari-tanskalaisten-ylpeys-11-7-17-7","status":"publish","type":"post","link":"https:\/\/www.suwena.net\/fi\/bornholmin-saari-tanskalaisten-ylpeys-11-7-17-7\/","title":{"rendered":"Bornholmin saari, tanskalaisten ylpeys 11.7. &#8211; 17.7."},"content":{"rendered":"<p>Keskiviikkoaamuna jo poltteli kovasti jatkaa matkaa. Olimme j\u00e4\u00e4neet matkasuunnitelmastamme nyt muutaman p\u00e4iv\u00e4n j\u00e4lkeen ja Bornholmin saari sek\u00e4 Puolan ja Saksan paikat viel\u00e4 odottavat edess\u00e4. <\/p>\n<p>Kovan tuulen j\u00e4lkeen tuuli loppui kokonaan ja vett\u00e4 tuli kuin aisaa koko p\u00e4iv\u00e4n, kun matkasimme kohti Bornholmin saarta. Saavuimme satamaan juuri ennen auringonlaskua ja R\u00f8nnen satama oli arvatenkin tosi t\u00e4ynn\u00e4 veneit\u00e4. Saimme kiinnitetty\u00e4 Suwenan laiturin p\u00e4\u00e4h\u00e4n paalujen ulkopuolelle. Vene j\u00e4i kuitenkin sen verran kauas laiturista, ett\u00e4 jouduimme kulkemaan naapuri moottoriveneen keulasta maihin. P\u00e4\u00e4timme, ett\u00e4 kyll\u00e4 t\u00e4ss\u00e4 yksi y\u00f6 ollaan ja katsotaan aamulla toista paikkaa, kun veneit\u00e4 l\u00e4htee merelle.<br \/>\n<figure id=\"attachment_4951\" aria-describedby=\"caption-attachment-4951\" style=\"width: 1440px\" class=\"wp-caption alignnone\"><a href=\"https:\/\/www.suwena.net\/wp-content\/uploads\/2012\/07\/IMG_4614e.JPG\"><img loading=\"lazy\" width=\"1440\" height=\"810\" src=\"https:\/\/www.suwena.net\/wp-content\/uploads\/2012\/07\/IMG_4614e-1440x810.jpg\" alt=\"R\u00f8nne Bornholmin saarella\" class=\"size-featured-blog-large wp-image-4951\" srcset=\"https:\/\/www.suwena.net\/wp-content\/uploads\/2012\/07\/IMG_4614e-1440x810.jpg 1440w, https:\/\/www.suwena.net\/wp-content\/uploads\/2012\/07\/IMG_4614e-300x169.jpg 300w, https:\/\/www.suwena.net\/wp-content\/uploads\/2012\/07\/IMG_4614e-768x432.jpg 768w\" sizes=\"(max-width: 1440px) 100vw, 1440px\" \/><\/a><figcaption id=\"caption-attachment-4951\" class=\"wp-caption-text\">R\u00f8nne Bornholmin saarella<\/figcaption><\/figure><br \/>\nK\u00e4vimme illalla jo k\u00e4velem\u00e4ss\u00e4 ja katsomassa, mihin paalupaikkoihin leveyden puolesta mahdumme, jos jokin niist\u00e4 veneist\u00e4 aamulla l\u00e4htisi matkaan. No, tuuli tietysti nousi j\u00e4lleen kovaksi torstaiaamuna, joten veneet pysyiv\u00e4t satamassa. Vain naapuriveneemme l\u00e4hti matkaan, niinp\u00e4 siirsimme Suwenan laiturin p\u00e4\u00e4h\u00e4n viereiseen paaluun, jotta p\u00e4\u00e4semme kulkemaan suoraan omalta veneelt\u00e4 laiturille.<\/p>\n<p>R\u00f8nnen vierailusta tulikin sitten aiottua pidempi, sill\u00e4 joka p\u00e4iv\u00e4 s\u00e4\u00e4tiedotus lupasi uusia ja uusia matalapaineita ja kovia tuulia. Satamaan saapui joka p\u00e4iv\u00e4 lis\u00e4\u00e4 rohkeita merimiehi\u00e4, mutta kukaan ei l\u00e4htenyt. Lopulta mekin olimme nelj\u00e4n veneen lautassa se keskimm\u00e4inen vene, jonka kautta muut kulkivat maihin. Onneksi kaikki lauttamme veneilij\u00e4t olivat yht\u00e4 huolellisia omista veneist\u00e4\u00e4n ja k\u00f6ysi\u00e4 s\u00e4\u00e4deltiin tuulen mukaan.<br \/>\n<figure id=\"attachment_4955\" aria-describedby=\"caption-attachment-4955\" style=\"width: 1440px\" class=\"wp-caption alignnone\"><a href=\"https:\/\/www.suwena.net\/wp-content\/uploads\/2012\/07\/IMG_4615e.JPG\"><img loading=\"lazy\" width=\"1440\" height=\"810\" src=\"https:\/\/www.suwena.net\/wp-content\/uploads\/2012\/07\/IMG_4615e-1440x810.jpg\" alt=\"Suwena keskell\u00e4 venelauttaa R\u00f8nnen satamassa\" class=\"size-featured-blog-large wp-image-4955\" srcset=\"https:\/\/www.suwena.net\/wp-content\/uploads\/2012\/07\/IMG_4615e-1440x810.jpg 1440w, https:\/\/www.suwena.net\/wp-content\/uploads\/2012\/07\/IMG_4615e-300x169.jpg 300w, https:\/\/www.suwena.net\/wp-content\/uploads\/2012\/07\/IMG_4615e-768x432.jpg 768w\" sizes=\"(max-width: 1440px) 100vw, 1440px\" \/><\/a><figcaption id=\"caption-attachment-4955\" class=\"wp-caption-text\">Suwena keskell\u00e4 venelauttaa R\u00f8nnen satamassa<\/figcaption><\/figure><br \/>\nR\u00f8nnen satama on eritt\u00e4in hyvin suojattu aallonmurtajilla. Siksip\u00e4 oli niin ihmeellist\u00e4, ett\u00e4 muutaman tunnin v\u00e4lein satama-altaaseen tuli iso maininki, joka heilutti veneit\u00e4 reilusti ja yll\u00e4tt\u00e4v\u00e4n pitk\u00e4\u00e4n. Aallon aiheuttajaksi ep\u00e4ilimme viereisen sataman lautta- ja laivaliikennett\u00e4, sill\u00e4 aalto teki satamasta todella rauhattoman. Koko ajan ihmiset joutuivat s\u00e4\u00e4t\u00e4m\u00e4\u00e4n k\u00f6ysi\u00e4 ja pisteen\u00e4 ii:n p\u00e4\u00e4lle R\u00f8nnen sataman vesi haisee ihan j\u00e4rkytt\u00e4v\u00e4lle. Tuuli kuitenkin vain jatkoi puhaltamistaan, joten kaikki k\u00f6k\u00f6ttiv\u00e4t satamassa ja odottivat, milloin p\u00e4\u00e4sev\u00e4t l\u00e4htem\u00e4\u00e4n eteenp\u00e4in.<\/p>\n<p>Bornholmissa on saaren ymp\u00e4ri useita venesatamia, joista R\u00f8nnen satama on suurin. Pienen k\u00e4velymatkan p\u00e4\u00e4ss\u00e4 satamasta sijaitsee ostoskeskus, jossa on suuri Kvickly ruokakauppa, niinp\u00e4 ruokia ei tarvitse roudata pitki\u00e4 matkoja veneelle. R\u00f8nnen keskustassa on my\u00f6s kaikenlaisia ostosmahdollisuuksia sek\u00e4 kahviloita ja ravintoloita, joissa voi t\u00e4ytt\u00e4\u00e4 vatsaansa. Kurja keli kuitenkin verotti ulkoilijoita ja ihmiset viettiv\u00e4t paljon aikaa veneill\u00e4\u00e4n.<\/p>\n<p>Me vuokrasimme viikonloppuna auton ja l\u00e4hdimme katsomaan saarta v\u00e4h\u00e4n kauempaakin. Bornholmin saarella oli my\u00f6s jazz festivaalit, niinp\u00e4 lauantai-iltana l\u00e4hdimme autolla Allingeen, jossa jazz tapahtumia j\u00e4rjestettiin. Laskeuduimme jyrkk\u00e4\u00e4 rinnett\u00e4 Allingen rantaan ja edess\u00e4mme avautui aivan toisenlainen maisema kuin R\u00f8nness\u00e4. Venesatama on toki paljon pienempi ja veneet olivat j\u00e4lleen usean veneen lauttoina kiinni toisissaan. Kun tuuli puhalsi saaren toiselta puolelta, niin sek\u00e4 Allingen kaupunki ett\u00e4 venesatama olivat suojan puolella ja ihmiset kuljeskelivat rennosti kes\u00e4fiiliksess\u00e4. Kun taas R\u00f8nness\u00e4 kaikki vain palelivat ja huolehtivat veneist\u00e4\u00e4n tuulen purkaessaan voimiaan veneisiin.<\/p>\n<p>Nautimme hyv\u00e4n p\u00e4iv\u00e4llisen Allingessa ja py\u00f6r\u00e4hdimme kuuntelemassa Jazz teltassa hetken musiikkia. Sitten l\u00e4hdimme k\u00e4velem\u00e4\u00e4n pieni\u00e4 katuja yl\u00f6s ja alas, kunnes korviimme kantautui melodista tanskalaista poppia ja ihmisten ilakointia. Kuljimme \u00e4\u00e4nt\u00e4 kohti ja tupsahdimme keskelle kes\u00e4konserttia, jossa paikallinen b\u00e4ndi soitti ja koko yleis\u00f6 lauloi laulusta toiseen mukana. Jokainen tuntui tuntevan laulujen sanat, joten mist\u00e4\u00e4n kovin tuntemattomasta b\u00e4ndist\u00e4 ei liene ollut kyse. B\u00e4ndi laulajanaan Rasmus N\u00f8hr olivat todella hyvi\u00e4, joten mekin liityimme yleis\u00f6n joukkoon, vaikka tanskalaiset sanat eiv\u00e4t suussa oikein taipuneetkaan.<br \/>\n<figure id=\"attachment_4959\" aria-describedby=\"caption-attachment-4959\" style=\"width: 1440px\" class=\"wp-caption alignnone\"><a href=\"https:\/\/www.suwena.net\/wp-content\/uploads\/2012\/07\/IMG_4554e.JPG\"><img loading=\"lazy\" width=\"1440\" height=\"810\" src=\"https:\/\/www.suwena.net\/wp-content\/uploads\/2012\/07\/IMG_4554e-1440x810.jpg\" alt=\"Rasmus N\u00f8hr lavalla Allingessa\" class=\"size-featured-blog-large wp-image-4959\" srcset=\"https:\/\/www.suwena.net\/wp-content\/uploads\/2012\/07\/IMG_4554e-1440x810.jpg 1440w, https:\/\/www.suwena.net\/wp-content\/uploads\/2012\/07\/IMG_4554e-300x169.jpg 300w, https:\/\/www.suwena.net\/wp-content\/uploads\/2012\/07\/IMG_4554e-768x432.jpg 768w\" sizes=\"(max-width: 1440px) 100vw, 1440px\" \/><\/a><figcaption id=\"caption-attachment-4959\" class=\"wp-caption-text\">Rasmus N\u00f8hr lavalla Allingessa<\/figcaption><\/figure><br \/>\nSunnuntaip\u00e4iv\u00e4n vietimme kiert\u00e4m\u00e4ll\u00e4 saarta autolla ja reissusta kehkeytyi kerrassaan kiva p\u00e4iv\u00e4. L\u00e4hdimme kiert\u00e4m\u00e4\u00e4n saarta rantoja seuraillen. Saarikierroksen pituudeksi tuli 140 kilometri\u00e4. Ensimm\u00e4inen pys\u00e4hdyspaikkamme oli Hammershusin linnoituksen rauniot. Paikka kuhisi ihmisi\u00e4 ja kaikki kynnelle kykenev\u00e4t olivat l\u00e4hteneet liikenteeseen, kun kerrankin aurinko paistoi, vaikka tuuli puhkui edelleen. Hammershusin rauniot sijaitsevat Bornholmin pohjoisreunalla aivan Allingen l\u00e4hell\u00e4.<br \/>\n<figure id=\"attachment_4963\" aria-describedby=\"caption-attachment-4963\" style=\"width: 1440px\" class=\"wp-caption alignnone\"><a href=\"https:\/\/www.suwena.net\/wp-content\/uploads\/2012\/07\/IMG_4555e.JPG\"><img loading=\"lazy\" width=\"1440\" height=\"810\" src=\"https:\/\/www.suwena.net\/wp-content\/uploads\/2012\/07\/IMG_4555e-1440x810.jpg\" alt=\"Bornholm\" class=\"size-featured-blog-large wp-image-4963\" srcset=\"https:\/\/www.suwena.net\/wp-content\/uploads\/2012\/07\/IMG_4555e-1440x810.jpg 1440w, https:\/\/www.suwena.net\/wp-content\/uploads\/2012\/07\/IMG_4555e-300x169.jpg 300w, https:\/\/www.suwena.net\/wp-content\/uploads\/2012\/07\/IMG_4555e-768x432.jpg 768w\" sizes=\"(max-width: 1440px) 100vw, 1440px\" \/><\/a><figcaption id=\"caption-attachment-4963\" class=\"wp-caption-text\">Bornholm<\/figcaption><\/figure><br \/>\n<figure id=\"attachment_4967\" aria-describedby=\"caption-attachment-4967\" style=\"width: 1440px\" class=\"wp-caption alignnone\"><a href=\"https:\/\/www.suwena.net\/wp-content\/uploads\/2012\/07\/IMG_4558e.JPG\"><img loading=\"lazy\" width=\"1440\" height=\"810\" src=\"https:\/\/www.suwena.net\/wp-content\/uploads\/2012\/07\/IMG_4558e-1440x810.jpg\" alt=\"Hammershusin rauniot Bornholmissa\" class=\"size-featured-blog-large wp-image-4967\" srcset=\"https:\/\/www.suwena.net\/wp-content\/uploads\/2012\/07\/IMG_4558e-1440x810.jpg 1440w, https:\/\/www.suwena.net\/wp-content\/uploads\/2012\/07\/IMG_4558e-300x169.jpg 300w, https:\/\/www.suwena.net\/wp-content\/uploads\/2012\/07\/IMG_4558e-768x432.jpg 768w\" sizes=\"(max-width: 1440px) 100vw, 1440px\" \/><\/a><figcaption id=\"caption-attachment-4967\" class=\"wp-caption-text\">Hammershusin rauniot Bornholmissa<\/figcaption><\/figure><br \/>\n<figure id=\"attachment_4971\" aria-describedby=\"caption-attachment-4971\" style=\"width: 1440px\" class=\"wp-caption alignnone\"><a href=\"https:\/\/www.suwena.net\/wp-content\/uploads\/2012\/07\/IMG_4569e.JPG\"><img loading=\"lazy\" width=\"1440\" height=\"810\" src=\"https:\/\/www.suwena.net\/wp-content\/uploads\/2012\/07\/IMG_4569e-1440x810.jpg\" alt=\"Andrus ihailemassa Bornholmin rantamaisemaa\" class=\"size-featured-blog-large wp-image-4971\" srcset=\"https:\/\/www.suwena.net\/wp-content\/uploads\/2012\/07\/IMG_4569e-1440x810.jpg 1440w, https:\/\/www.suwena.net\/wp-content\/uploads\/2012\/07\/IMG_4569e-300x169.jpg 300w, https:\/\/www.suwena.net\/wp-content\/uploads\/2012\/07\/IMG_4569e-768x432.jpg 768w\" sizes=\"(max-width: 1440px) 100vw, 1440px\" \/><\/a><figcaption id=\"caption-attachment-4971\" class=\"wp-caption-text\">Andrus ihailemassa Bornholmin rantamaisemaa<\/figcaption><\/figure><br \/>\nPy\u00f6r\u00e4hdimme my\u00f6s Allingessa n\u00e4in p\u00e4iv\u00e4n n\u00e4\u00f6ll\u00e4 ja totesimme sen olevan edelleen yht\u00e4 viihtyis\u00e4 paikka kuin se edellisen\u00e4 iltana vaikutti olevan.<br \/>\n<figure id=\"attachment_4975\" aria-describedby=\"caption-attachment-4975\" style=\"width: 1440px\" class=\"wp-caption alignnone\"><a href=\"https:\/\/www.suwena.net\/wp-content\/uploads\/2012\/07\/IMG_4585e.JPG\"><img loading=\"lazy\" width=\"1440\" height=\"810\" src=\"https:\/\/www.suwena.net\/wp-content\/uploads\/2012\/07\/IMG_4585e-1440x810.jpg\" alt=\"Allingen vierassatama Bornholmissa\" class=\"size-featured-blog-large wp-image-4975\" srcset=\"https:\/\/www.suwena.net\/wp-content\/uploads\/2012\/07\/IMG_4585e-1440x810.jpg 1440w, https:\/\/www.suwena.net\/wp-content\/uploads\/2012\/07\/IMG_4585e-300x169.jpg 300w, https:\/\/www.suwena.net\/wp-content\/uploads\/2012\/07\/IMG_4585e-768x432.jpg 768w\" sizes=\"(max-width: 1440px) 100vw, 1440px\" \/><\/a><figcaption id=\"caption-attachment-4975\" class=\"wp-caption-text\">Allingen vierassatama Bornholmissa<\/figcaption><\/figure><br \/>\nAllingesta jatkoimme matkaa pikku kaupunki Gudhjemiin, jossa kadut laskeutuivat jyrk\u00e4sti kohti rantaa kuten Allingessa. Useimmissa pohjois- ja it\u00e4rannikon kyliss\u00e4 on kalasavustamoita ja Gudhjemiss\u00e4 py\u00f6r\u00e4hdimme tutkailemassa, josko s\u00f6isimme lounaan savustamon lounasp\u00f6yd\u00e4st\u00e4. Halusimme kuitenkin vaeltaa Gudhjemin katuja pitkin ja lopulta l\u00f6ysimme lounasbuffet paikan, joka kuhisi sy\u00f6ji\u00e4. Se on aina hyv\u00e4 merkki, kun osuu sellaiseen ravintolaan, jossa on paljon sy\u00f6ji\u00e4 ennest\u00e4\u00e4n. Varsinkin jos joukossa on my\u00f6s paikallisia. Herkuttelimme vatsamme t\u00e4yteen sillist\u00e4, kalasta ja maukkaasta kalkkunasta. Lopuksi kaiken kruunasi herkullinen omenapaistos pehmiksell\u00e4. Lis\u00e4ksi hinta oli tanskalaiseksi ruoaksi eritt\u00e4in kohtuullinen.<br \/>\n<figure id=\"attachment_4979\" aria-describedby=\"caption-attachment-4979\" style=\"width: 1440px\" class=\"wp-caption alignnone\"><a href=\"https:\/\/www.suwena.net\/wp-content\/uploads\/2012\/07\/IMG_4597e.JPG\"><img loading=\"lazy\" width=\"1440\" height=\"810\" src=\"https:\/\/www.suwena.net\/wp-content\/uploads\/2012\/07\/IMG_4597e-1440x810.jpg\" alt=\"Gudhjem Bornholmissa\" class=\"size-featured-blog-large wp-image-4979\" srcset=\"https:\/\/www.suwena.net\/wp-content\/uploads\/2012\/07\/IMG_4597e-1440x810.jpg 1440w, https:\/\/www.suwena.net\/wp-content\/uploads\/2012\/07\/IMG_4597e-300x169.jpg 300w, https:\/\/www.suwena.net\/wp-content\/uploads\/2012\/07\/IMG_4597e-768x432.jpg 768w\" sizes=\"(max-width: 1440px) 100vw, 1440px\" \/><\/a><figcaption id=\"caption-attachment-4979\" class=\"wp-caption-text\">Gudhjem Bornholmissa<\/figcaption><\/figure><br \/>\n<figure id=\"attachment_4983\" aria-describedby=\"caption-attachment-4983\" style=\"width: 1440px\" class=\"wp-caption alignnone\"><a href=\"https:\/\/www.suwena.net\/wp-content\/uploads\/2012\/07\/IMG_4587e.JPG\"><img loading=\"lazy\" width=\"1440\" height=\"810\" src=\"https:\/\/www.suwena.net\/wp-content\/uploads\/2012\/07\/IMG_4587e-1440x810.jpg\" alt=\"Gudhjem Bornholmissa\" class=\"size-featured-blog-large wp-image-4983\" srcset=\"https:\/\/www.suwena.net\/wp-content\/uploads\/2012\/07\/IMG_4587e-1440x810.jpg 1440w, https:\/\/www.suwena.net\/wp-content\/uploads\/2012\/07\/IMG_4587e-300x169.jpg 300w, https:\/\/www.suwena.net\/wp-content\/uploads\/2012\/07\/IMG_4587e-768x432.jpg 768w\" sizes=\"(max-width: 1440px) 100vw, 1440px\" \/><\/a><figcaption id=\"caption-attachment-4983\" class=\"wp-caption-text\">Gudhjem Bornholmissa<\/figcaption><\/figure><br \/>\nSeuraava pys\u00e4hdyspaikkamme oli Svaneke. L\u00f6ysimme Svanekesta sek\u00e4 suklaata ett\u00e4 lakritsaa valmistavia pieni\u00e4 pajoja. Samoin Bornholmin oma olutpanimo sijaitsee Svanekessa. Svanekea kehutaan taiteellisuutensa ansiosta ja se kyll\u00e4 n\u00e4kyi erilaisina lasipuhallus ja muina k\u00e4sity\u00f6tuotteina.<br \/>\n<figure id=\"attachment_4987\" aria-describedby=\"caption-attachment-4987\" style=\"width: 1440px\" class=\"wp-caption alignnone\"><a href=\"https:\/\/www.suwena.net\/wp-content\/uploads\/2012\/07\/IMG_4599e.JPG\"><img loading=\"lazy\" width=\"1440\" height=\"810\" src=\"https:\/\/www.suwena.net\/wp-content\/uploads\/2012\/07\/IMG_4599e-1440x810.jpg\" alt=\"Svaneke Bornholmissa\" class=\"size-featured-blog-large wp-image-4987\" srcset=\"https:\/\/www.suwena.net\/wp-content\/uploads\/2012\/07\/IMG_4599e-1440x810.jpg 1440w, https:\/\/www.suwena.net\/wp-content\/uploads\/2012\/07\/IMG_4599e-300x169.jpg 300w, https:\/\/www.suwena.net\/wp-content\/uploads\/2012\/07\/IMG_4599e-768x432.jpg 768w\" sizes=\"(max-width: 1440px) 100vw, 1440px\" \/><\/a><figcaption id=\"caption-attachment-4987\" class=\"wp-caption-text\">Svaneke Bornholmissa<\/figcaption><\/figure><br \/>\n<figure id=\"attachment_4991\" aria-describedby=\"caption-attachment-4991\" style=\"width: 1440px\" class=\"wp-caption alignnone\"><a href=\"https:\/\/www.suwena.net\/wp-content\/uploads\/2012\/07\/IMG_4600e.JPG\"><img loading=\"lazy\" width=\"1440\" height=\"810\" src=\"https:\/\/www.suwena.net\/wp-content\/uploads\/2012\/07\/IMG_4600e-1440x810.jpg\" alt=\"Ostoksilla Svaneken olutpanimossa Bornholmissa\" class=\"size-featured-blog-large wp-image-4991\" srcset=\"https:\/\/www.suwena.net\/wp-content\/uploads\/2012\/07\/IMG_4600e-1440x810.jpg 1440w, https:\/\/www.suwena.net\/wp-content\/uploads\/2012\/07\/IMG_4600e-300x169.jpg 300w, https:\/\/www.suwena.net\/wp-content\/uploads\/2012\/07\/IMG_4600e-768x432.jpg 768w\" sizes=\"(max-width: 1440px) 100vw, 1440px\" \/><\/a><figcaption id=\"caption-attachment-4991\" class=\"wp-caption-text\">Ostoksilla Svaneken olutpanimossa Bornholmissa<\/figcaption><\/figure><br \/>\nMatka jatkui kohti Nex\u00f8t\u00e4 ja yht\u00e4kki\u00e4 eteemme tupsahti toiminnassa oleva Aarsdalen mylly. Myllyn viereisess\u00e4 kahvilassa myytiin kaikenlaisia Bornholmin k\u00e4sit\u00f6it\u00e4. Meit\u00e4 kiinnosti huomattavasti enemm\u00e4n vuonna 1877 rakennettu mylly, johon p\u00e4\u00e4si my\u00f6s tutustumaan. Se olikin ensi kerta meille molemmille vierailla toimivassa myllyss\u00e4 ja p\u00e4\u00e4st\u00e4 katsomaan, miten se oikeasti toimii. Oli mahtavaa kivuta myllyn tikkaita toiseen ja kolmanteen kerrokseen ja seurata samalla myllynkivien kolketta. Joka kerroksessa p\u00e4\u00e4si katsomaan ihan l\u00e4hiet\u00e4isyydelt\u00e4 koneiston toimintaa, kun puiset akselit ja hammasrattaat ty\u00f6skenteliv\u00e4t vinhaan tahtiin. Mylly k\u00e4ynnistyy jo kolmen metrin tuulessa. N\u00e4in tuulisena p\u00e4iv\u00e4n\u00e4, kun tuuli v\u00e4lill\u00e4 puhalsi kunnon puhurin, myllynrattaat viuhtoivat entist\u00e4 vinhakkaammin ja lattia t\u00e4risi koneiston tahdissa.<br \/>\n<figure id=\"attachment_4995\" aria-describedby=\"caption-attachment-4995\" style=\"width: 1440px\" class=\"wp-caption alignnone\"><a href=\"https:\/\/www.suwena.net\/wp-content\/uploads\/2012\/07\/IMG_4601e.JPG\"><img loading=\"lazy\" width=\"1440\" height=\"810\" src=\"https:\/\/www.suwena.net\/wp-content\/uploads\/2012\/07\/IMG_4601e-1440x810.jpg\" alt=\"Eve Aarsdalen tuulimyllyll\u00e4 Bornholmissa\" class=\"size-featured-blog-large wp-image-4995\" srcset=\"https:\/\/www.suwena.net\/wp-content\/uploads\/2012\/07\/IMG_4601e-1440x810.jpg 1440w, https:\/\/www.suwena.net\/wp-content\/uploads\/2012\/07\/IMG_4601e-300x169.jpg 300w, https:\/\/www.suwena.net\/wp-content\/uploads\/2012\/07\/IMG_4601e-768x432.jpg 768w\" sizes=\"(max-width: 1440px) 100vw, 1440px\" \/><\/a><figcaption id=\"caption-attachment-4995\" class=\"wp-caption-text\">Eve Aarsdalen tuulimyllyll\u00e4 Bornholmissa<\/figcaption><\/figure><br \/>\n<figure id=\"attachment_4999\" aria-describedby=\"caption-attachment-4999\" style=\"width: 1440px\" class=\"wp-caption alignnone\"><a href=\"https:\/\/www.suwena.net\/wp-content\/uploads\/2012\/07\/IMG_4606e.JPG\"><img loading=\"lazy\" width=\"1440\" height=\"810\" src=\"https:\/\/www.suwena.net\/wp-content\/uploads\/2012\/07\/IMG_4606e-1440x810.jpg\" alt=\"Aarsdalen tuulimyllyn vaihdelaatikko\" class=\"size-featured-blog-large wp-image-4999\" srcset=\"https:\/\/www.suwena.net\/wp-content\/uploads\/2012\/07\/IMG_4606e-1440x810.jpg 1440w, https:\/\/www.suwena.net\/wp-content\/uploads\/2012\/07\/IMG_4606e-300x169.jpg 300w, https:\/\/www.suwena.net\/wp-content\/uploads\/2012\/07\/IMG_4606e-768x432.jpg 768w\" sizes=\"(max-width: 1440px) 100vw, 1440px\" \/><\/a><figcaption id=\"caption-attachment-4999\" class=\"wp-caption-text\">Aarsdalen tuulimyllyn vaihdelaatikko<\/figcaption><\/figure><br \/>\nNex\u00f8 sijaitsee Bornholmin l\u00e4nsirannalla vastap\u00e4\u00e4t\u00e4 R\u00f8nne\u00e4. Siell\u00e4 n\u00e4ytti olevan enemm\u00e4n teollisuutta ja samoin siell\u00e4 oli kauppasatama. Iltap\u00e4iv\u00e4 oli jo pitk\u00e4ll\u00e4, joten ajoimme vain nopeasti Nex\u00f8n l\u00e4pi. Halusimme viel\u00e4 k\u00e4yd\u00e4 katsomassa Bornholmin etel\u00e4reunan suuret hiekkarannat. Dueodden hiekkarannat olivat huikaisevat. Eip\u00e4 ihme, ett\u00e4 aikoinaan Dueodden hienon hienoa hiekkaa on k\u00e4ytetty tiimalasien valmistukseen.<br \/>\n<figure id=\"attachment_5003\" aria-describedby=\"caption-attachment-5003\" style=\"width: 1440px\" class=\"wp-caption alignnone\"><a href=\"https:\/\/www.suwena.net\/wp-content\/uploads\/2012\/07\/IMG_4611e.JPG\"><img loading=\"lazy\" width=\"1440\" height=\"810\" src=\"https:\/\/www.suwena.net\/wp-content\/uploads\/2012\/07\/IMG_4611e-1440x810.jpg\" alt=\"Dueodden hiekkaranta Bornholmin etel\u00e4rannalla\" class=\"size-featured-blog-large wp-image-5003\" srcset=\"https:\/\/www.suwena.net\/wp-content\/uploads\/2012\/07\/IMG_4611e-1440x810.jpg 1440w, https:\/\/www.suwena.net\/wp-content\/uploads\/2012\/07\/IMG_4611e-300x169.jpg 300w, https:\/\/www.suwena.net\/wp-content\/uploads\/2012\/07\/IMG_4611e-768x432.jpg 768w\" sizes=\"(max-width: 1440px) 100vw, 1440px\" \/><\/a><figcaption id=\"caption-attachment-5003\" class=\"wp-caption-text\">Dueodden hiekkaranta Bornholmin etel\u00e4rannalla<\/figcaption><\/figure><br \/>\nEnsi kerralla emme miss\u00e4\u00e4n nimess\u00e4 mene R\u00f8nnen satamaan, vaan valitsemme jonkin idyllisist\u00e4 pohjois- tai it\u00e4puolen satamista kuten Allinge, Gudhjem tai Svaneke. Kaikki n\u00e4m\u00e4 satamat ovat viihtyisi\u00e4 pieni\u00e4 paikkoja. It\u00e4merell\u00e4 vallitseva tuuli on lounaistuuli, joista me saimme todellakin osamme. Siin\u00e4kin mieless\u00e4 ne ovat suojaisampia kuin R\u00f8nnen satama. Lis\u00e4ksi R\u00f8nnen vesi oli j\u00e4rkytt\u00e4v\u00e4n likaista ja haju leijui kaikkialla aamusta iltaan.<\/p>\n<p>Tiistaina satamasta l\u00e4hti suoranainen regatta ulos, kun jokainen pyrki merelle monen tuulisen ja sateisen p\u00e4iv\u00e4n j\u00e4lkeen. Mekin irrotimme innolla k\u00f6ydet ja l\u00e4hdimme kohti Puolaa.<\/p>\n","protected":false},"excerpt":{"rendered":"<p>Keskiviikkoaamuna jo poltteli kovasti jatkaa matkaa. Olimme j\u00e4\u00e4neet matkasuunnitelmastamme nyt muutaman p\u00e4iv\u00e4n j\u00e4lkeen ja Bornholmin saari sek\u00e4 Puolan ja Saksan paikat viel\u00e4 odottavat edess\u00e4. Kovan tuulen j\u00e4lkeen tuuli loppui kokonaan ja vett\u00e4 tuli kuin aisaa koko p\u00e4iv\u00e4n, kun matkasimme kohti<\/p>\n","protected":false},"author":2,"featured_media":4983,"comment_status":"open","ping_status":"open","sticky":false,"template":"","format":"standard","meta":[],"seasons":[11],"_links":{"self":[{"href":"https:\/\/www.suwena.net\/fi\/wp-json\/wp\/v2\/posts\/5005"}],"collection":[{"href":"https:\/\/www.suwena.net\/fi\/wp-json\/wp\/v2\/posts"}],"about":[{"href":"https:\/\/www.suwena.net\/fi\/wp-json\/wp\/v2\/types\/post"}],"author":[{"embeddable":true,"href":"https:\/\/www.suwena.net\/fi\/wp-json\/wp\/v2\/users\/2"}],"replies":[{"embeddable":true,"href":"https:\/\/www.suwena.net\/fi\/wp-json\/wp\/v2\/comments?post=5005"}],"version-history":[{"count":0,"href":"https:\/\/www.suwena.net\/fi\/wp-json\/wp\/v2\/posts\/5005\/revisions"}],"wp:featuredmedia":[{"embeddable":true,"href":"https:\/\/www.suwena.net\/fi\/wp-json\/wp\/v2\/media\/4983"}],"wp:attachment":[{"href":"https:\/\/www.suwena.net\/fi\/wp-json\/wp\/v2\/media?parent=5005"}],"wp:term":[{"taxonomy":"seasons","embeddable":true,"href":"https:\/\/www.suwena.net\/fi\/wp-json\/wp\/v2\/seasons?post=5005"}],"curies":[{"name":"wp","href":"https:\/\/api.w.org\/{rel}","templated":true}]}}