
{"id":560,"date":"2009-07-26T11:26:55","date_gmt":"2009-07-26T11:26:55","guid":{"rendered":"https:\/\/www.suwena.net\/rentoutumista-ja-reipasta-matkantekoa-22-7-26-7\/"},"modified":"2019-04-27T09:10:57","modified_gmt":"2019-04-27T09:10:57","slug":"rentoutumista-ja-reipasta-matkantekoa-22-7-26-7","status":"publish","type":"post","link":"https:\/\/www.suwena.net\/fi\/rentoutumista-ja-reipasta-matkantekoa-22-7-26-7\/","title":{"rendered":"Rentoutumista ja reipasta matkantekoa 22.7. &#8211; 26.7."},"content":{"rendered":"<p>Raumalle Syv\u00e4raumanlahden ett\u00e4 Poroholman satamiin p\u00e4\u00e4see kahta v\u00e4yl\u00e4\u00e4 pitkin. Meid\u00e4n mielest\u00e4 kannattaa kulkea pohjoista 2 metrin syvyist\u00e4 v\u00e4yl\u00e4\u00e4, sill\u00e4 se on hyvin merkitty kapeudestaan huolimatta. Etel\u00e4isenkin v\u00e4yl\u00e4n syvyydeksi on merkitty 2 metri\u00e4, mutta se on viel\u00e4 kapeampi kuin pohjoinen <figure id=\"attachment_542\" aria-describedby=\"caption-attachment-542\" style=\"width: 1440px\" class=\"wp-caption alignnone\"><a href=\"https:\/\/www.suwena.net\/wp-content\/uploads\/2009\/07\/IMG_0105a.JPG\"><img loading=\"lazy\" width=\"1440\" height=\"810\" src=\"https:\/\/www.suwena.net\/wp-content\/uploads\/2009\/07\/IMG_0105a-1440x810.jpg\" alt=\"Viitoitus Rauman pohjoispuolen v\u00e4yl\u00e4ll\u00e4\" class=\"size-featured-blog-large wp-image-542\" srcset=\"https:\/\/www.suwena.net\/wp-content\/uploads\/2009\/07\/IMG_0105a-1440x810.jpg 1440w, https:\/\/www.suwena.net\/wp-content\/uploads\/2009\/07\/IMG_0105a-300x169.jpg 300w, https:\/\/www.suwena.net\/wp-content\/uploads\/2009\/07\/IMG_0105a-768x432.jpg 768w\" sizes=\"(max-width: 1440px) 100vw, 1440px\" \/><\/a><figcaption id=\"caption-attachment-542\" class=\"wp-caption-text\">Viitoitus Rauman pohjoispuolen v\u00e4yl\u00e4ll\u00e4<\/figcaption><\/figure><br \/>\nSuwena suuntasi pohjoista v\u00e4yl\u00e4\u00e4 pitkin kohti Kylm\u00e4pihlajan majakkasaarta. Kylm\u00e4pihlajassa tapasimme ensimm\u00e4iset oululaiset koko matkamme ajalta. Kotilaiturimme naapuri Serafian miehist\u00f6 oli my\u00f6s kotimatkalla kohti pohjoista. Kylm\u00e4pihlaja oli meille lounaspys\u00e4kki, jonka j\u00e4lkeen matka jatkui kohti Merikarviaa.<br \/>\n<figure id=\"attachment_546\" aria-describedby=\"caption-attachment-546\" style=\"width: 1440px\" class=\"wp-caption alignnone\"><a href=\"https:\/\/www.suwena.net\/wp-content\/uploads\/2009\/07\/IMG_0108a.JPG\"><img loading=\"lazy\" width=\"1440\" height=\"810\" src=\"https:\/\/www.suwena.net\/wp-content\/uploads\/2009\/07\/IMG_0108a-1440x810.jpg\" alt=\"Suwena Kylm\u00e4pihlajan satamassa\" class=\"size-featured-blog-large wp-image-546\" srcset=\"https:\/\/www.suwena.net\/wp-content\/uploads\/2009\/07\/IMG_0108a-1440x810.jpg 1440w, https:\/\/www.suwena.net\/wp-content\/uploads\/2009\/07\/IMG_0108a-300x169.jpg 300w, https:\/\/www.suwena.net\/wp-content\/uploads\/2009\/07\/IMG_0108a-768x432.jpg 768w\" sizes=\"(max-width: 1440px) 100vw, 1440px\" \/><\/a><figcaption id=\"caption-attachment-546\" class=\"wp-caption-text\">Suwena Kylm\u00e4pihlajan satamassa<\/figcaption><\/figure><br \/>\n<figure id=\"attachment_550\" aria-describedby=\"caption-attachment-550\" style=\"width: 1440px\" class=\"wp-caption alignnone\"><a href=\"https:\/\/www.suwena.net\/wp-content\/uploads\/2009\/07\/IMG_0114a.JPG\"><img loading=\"lazy\" width=\"1440\" height=\"810\" src=\"https:\/\/www.suwena.net\/wp-content\/uploads\/2009\/07\/IMG_0114a-1440x810.jpg\" alt=\"Kotilaiturimme naapuri Serafia Kylm\u00e4pihlajassa\" class=\"size-featured-blog-large wp-image-550\" srcset=\"https:\/\/www.suwena.net\/wp-content\/uploads\/2009\/07\/IMG_0114a-1440x810.jpg 1440w, https:\/\/www.suwena.net\/wp-content\/uploads\/2009\/07\/IMG_0114a-300x169.jpg 300w, https:\/\/www.suwena.net\/wp-content\/uploads\/2009\/07\/IMG_0114a-768x432.jpg 768w\" sizes=\"(max-width: 1440px) 100vw, 1440px\" \/><\/a><figcaption id=\"caption-attachment-550\" class=\"wp-caption-text\">Kotilaiturimme naapuri Serafia Kylm\u00e4pihlajassa<\/figcaption><\/figure><br \/>\nMerikarvialle saavuimme leppoisana keskiviikkoiltana. Mericamping oli ensimm\u00e4inen venesatama heti niemen k\u00e4rjess\u00e4, mutta meit\u00e4 houkutti rauhaisa lahdenpoukama hieman sisemp\u00e4n\u00e4. Kiinnitt\u00e4ydyimme ravintola Villiruusun edustalle Kaljuska Lagoon katamaraanin viereen. Yst\u00e4v\u00e4llinen ravintoloitsija pariskunta toivotti meid\u00e4t l\u00e4mpim\u00e4sti tervetulleeksi. Ulla rouvan ja h\u00e4nen miehens\u00e4 kanssa oli todella mukavaa asioida nuo pari Merikarvian p\u00e4iv\u00e4\u00e4mme. Heid\u00e4n kanssa oli helppo sopia asioista. Saimme my\u00f6s k\u00e4ytt\u00e4\u00e4 heid\u00e4n ravintolan pesukonetta, joten torstaina Suwena oli j\u00e4lleen juhlaliputuksessa, kun sen parinkymmenenmetrin kaiteita hy\u00f6dynnettiin lakanoiden ja vaatteiden kuivatukseen. Useimmissa venesatamissa pyykkikoneille on ollut valtavat jonot nyt hein\u00e4kuussa, kun veneilij\u00f6it\u00e4 on ollut liikkeell\u00e4 runsain mitoin.<\/p>\n<p>Merikarvia on noin 4000 asukkaan paikkakunta, jolta l\u00f6ytyy kaunis vanha 1899 rakennettu puukirkko keskelt\u00e4 kyl\u00e4\u00e4.<br \/>\n<figure id=\"attachment_554\" aria-describedby=\"caption-attachment-554\" style=\"width: 1440px\" class=\"wp-caption alignnone\"><a href=\"https:\/\/www.suwena.net\/wp-content\/uploads\/2009\/07\/IMG_0127a.JPG\"><img loading=\"lazy\" width=\"1440\" height=\"810\" src=\"https:\/\/www.suwena.net\/wp-content\/uploads\/2009\/07\/IMG_0127a-1440x810.jpg\" alt=\"Merikarvian puukirkko\" class=\"size-featured-blog-large wp-image-554\" srcset=\"https:\/\/www.suwena.net\/wp-content\/uploads\/2009\/07\/IMG_0127a-1440x810.jpg 1440w, https:\/\/www.suwena.net\/wp-content\/uploads\/2009\/07\/IMG_0127a-300x169.jpg 300w, https:\/\/www.suwena.net\/wp-content\/uploads\/2009\/07\/IMG_0127a-768x432.jpg 768w\" sizes=\"(max-width: 1440px) 100vw, 1440px\" \/><\/a><figcaption id=\"caption-attachment-554\" class=\"wp-caption-text\">Merikarvian puukirkko<\/figcaption><\/figure><br \/>\nOtimme lunkisti ja viihdyimme Merikarvialla perjantaihin saakka. Oli ilo p\u00e4\u00e4st\u00e4 tutustumaan naapuri katamaraaniin h\u00f6ystettyn\u00e4 O-P:n ja Hannan vankalla merikokemuksella.<br \/>\nOlikin ensimm\u00e4inen kerta, kun tutustuimme tarkemmin katamaraanin sis\u00e4tiloihin. Onhan se hulppean suuri verrattuna vaikka Suwenaan, sill\u00e4 Kaljuska on 38-jalkainen eli 4 jalkaa pidempi kuin Suwena. Kahden ponttooninsa ansiosta se on l\u00e4hes kaksi kertaa leve\u00e4mpi kuin Suwena. Ponttooneissa sijaitsivat kolme kajuuttaa, ty\u00f6tila ja kaksi vessaa suihkutiloineen. Ponttoonien v\u00e4linen tila oli hy\u00f6dynnetty tilavan salongin, pentterin ja navigointiaseman kera. Salongin takana ulkosalla on Kaljuskassa viihtyis\u00e4 takakansi sohvineen ja ruokap\u00f6ytineen. Tila on katettu kovakattoisella biminill\u00e4, jonka sein\u00e4t sai kuomuikkunoilla kiinni tarvittaessa. Jolla oli tosi n\u00e4pp\u00e4r\u00e4sti kiinnitetty ponttonien v\u00e4liin k\u00f6ysilukkojen avulla. Ihailimme, kun O-P laski jollansa parissa minuutissa ja oli sill\u00e4 jo ajamassa, kun taas meid\u00e4n veneess\u00e4 olisimme vasta irrottamassa jollan k\u00f6ysi\u00e4 fentsusolmuista huolimatta.<br \/>\n<figure id=\"attachment_558\" aria-describedby=\"caption-attachment-558\" style=\"width: 1440px\" class=\"wp-caption alignnone\"><a href=\"https:\/\/www.suwena.net\/wp-content\/uploads\/2009\/07\/IMG_0125a.JPG\"><img loading=\"lazy\" width=\"1440\" height=\"810\" src=\"https:\/\/www.suwena.net\/wp-content\/uploads\/2009\/07\/IMG_0125a-1440x810.jpg\" alt=\"Suwena ja Kaljuska Merikarvialla\" class=\"size-featured-blog-large wp-image-558\" srcset=\"https:\/\/www.suwena.net\/wp-content\/uploads\/2009\/07\/IMG_0125a-1440x810.jpg 1440w, https:\/\/www.suwena.net\/wp-content\/uploads\/2009\/07\/IMG_0125a-300x169.jpg 300w, https:\/\/www.suwena.net\/wp-content\/uploads\/2009\/07\/IMG_0125a-768x432.jpg 768w\" sizes=\"(max-width: 1440px) 100vw, 1440px\" \/><\/a><figcaption id=\"caption-attachment-558\" class=\"wp-caption-text\">Suwena ja Kaljuska Merikarvialla<\/figcaption><\/figure><br \/>\nPerjantai muodostui kolmesta merimatkasta, sill\u00e4 ensin siirryimme Kilhamniin, jossa vietimme vain lyhyen hetken ja jatkoimme matkaa Kaskiselle tankataksemme. Loppujen lopuksi tankinhoitajaa ei l\u00f6ytynyt ja jatkoimme suoraan jo l\u00e4hes kotisatamalta tuntuvaan Vaasan Segelf\u00f6reningenin satamaan, jonne saavuimme vasta puoleny\u00f6naikoihin. Vaasan satamasta on mukava k\u00e4velymatka keskustaan ja t\u00e4ydennetty\u00e4mme muonaa ja v\u00e4h\u00e4n shoppailtuamme palasimme viett\u00e4m\u00e4\u00e4n rauhaisaa lauantai-iltaa kirjojen parissa. On todella rentouttavaa loikoilla ja lueskella, kun vesi hiljakseen liplattelee veneen ymp\u00e4rill\u00e4. Tarkoituksemme on jatkaa matkaa t\u00e4n\u00e4\u00e4n Kokkolaan, sill\u00e4 kohti pohjoista on pikku hiljaa kiiruhdettava. Onhan lomaamme en\u00e4\u00e4 j\u00e4ljell\u00e4 vain viikko. <\/p>\n","protected":false},"excerpt":{"rendered":"<p>Raumalle Syv\u00e4raumanlahden ett\u00e4 Poroholman satamiin p\u00e4\u00e4see kahta v\u00e4yl\u00e4\u00e4 pitkin. Meid\u00e4n mielest\u00e4 kannattaa kulkea pohjoista 2 metrin syvyist\u00e4 v\u00e4yl\u00e4\u00e4, sill\u00e4 se on hyvin merkitty kapeudestaan huolimatta. Etel\u00e4isenkin v\u00e4yl\u00e4n syvyydeksi on merkitty 2 metri\u00e4, mutta se on viel\u00e4 kapeampi kuin pohjoinen Suwena<\/p>\n","protected":false},"author":2,"featured_media":558,"comment_status":"open","ping_status":"open","sticky":false,"template":"","format":"standard","meta":[],"seasons":[2],"_links":{"self":[{"href":"https:\/\/www.suwena.net\/fi\/wp-json\/wp\/v2\/posts\/560"}],"collection":[{"href":"https:\/\/www.suwena.net\/fi\/wp-json\/wp\/v2\/posts"}],"about":[{"href":"https:\/\/www.suwena.net\/fi\/wp-json\/wp\/v2\/types\/post"}],"author":[{"embeddable":true,"href":"https:\/\/www.suwena.net\/fi\/wp-json\/wp\/v2\/users\/2"}],"replies":[{"embeddable":true,"href":"https:\/\/www.suwena.net\/fi\/wp-json\/wp\/v2\/comments?post=560"}],"version-history":[{"count":0,"href":"https:\/\/www.suwena.net\/fi\/wp-json\/wp\/v2\/posts\/560\/revisions"}],"wp:featuredmedia":[{"embeddable":true,"href":"https:\/\/www.suwena.net\/fi\/wp-json\/wp\/v2\/media\/558"}],"wp:attachment":[{"href":"https:\/\/www.suwena.net\/fi\/wp-json\/wp\/v2\/media?parent=560"}],"wp:term":[{"taxonomy":"seasons","embeddable":true,"href":"https:\/\/www.suwena.net\/fi\/wp-json\/wp\/v2\/seasons?post=560"}],"curies":[{"name":"wp","href":"https:\/\/api.w.org\/{rel}","templated":true}]}}