
{"id":6159,"date":"2013-06-13T18:44:52","date_gmt":"2013-06-13T18:44:52","guid":{"rendered":"https:\/\/www.suwena.net\/friisein-saari-vlieland-8-6-10-6\/"},"modified":"2019-06-18T11:43:28","modified_gmt":"2019-06-18T11:43:28","slug":"friisein-saari-vlieland-8-6-10-6","status":"publish","type":"post","link":"https:\/\/www.suwena.net\/fi\/friisein-saari-vlieland-8-6-10-6\/","title":{"rendered":"Friisein saari Vlieland 8.6. &#8211; 10.6."},"content":{"rendered":"<p>Lauantaina irrotimme k\u00f6ydet Borkumissa aamu kahdeksalta ja edess\u00e4 oli pitk\u00e4 matkap\u00e4iv\u00e4, 13,5 tuntia ja 78 mailia, kohti Vlielandia. Pohjoistuuli edelleen jatkui, joten p\u00e4\u00e4simme purjehtimaan l\u00e4hes koko p\u00e4iv\u00e4n. Matkalla my\u00f6s oli aika vaihtaa kes\u00e4n toinen vieraslippu Suwenan oikeaan saalinkiin. Olipas Saksan lippu suolainen, kun laskin sen alas vaihtaakseni hollannin lipun tilalle. It\u00e4merell\u00e4 kun lippu ei juuri tule suolaiseksi.<\/p>\n<p>Vlielandin Waddenhaven marinan sis\u00e4\u00e4najov\u00e4yl\u00e4 on vain 16 metri\u00e4 leve\u00e4 ja sen editse virtaa parhaimmillaan jopa nelj\u00e4n solmun virta. Sataman sis\u00e4\u00e4najossa tapahtuu s\u00e4\u00e4nn\u00f6llisesti havereita, kun veneet pyrkiv\u00e4t l\u00e4pi poikittaisen virran p\u00e4\u00e4st\u00e4kseen satamaan. Yksi sis\u00e4\u00e4najov\u00e4yl\u00e4n reunapylv\u00e4ist\u00e4 joudutaan kuulemma s\u00e4\u00e4nn\u00f6llisesti vaihtamaan uuteen, kun veneet jatkuvasti t\u00f6rm\u00e4\u00e4v\u00e4t siihen. Waddenhaven marinan webbisivulla on 4-sivuinen pdf-ohje, miten satamaan kannattaa saapua eri vuorovesivirroilla. Parasta on kuitenkin t\u00e4hd\u00e4t\u00e4 slack tide \u2013aikaan eli virranvaihtoon joko yl\u00e4- tai alaveden aikaan. Kun iltap\u00e4iv\u00e4st\u00e4 tuuli alkoi moinata ja me puskimme hartaasti Pohjanmerell\u00e4 vastavirtaan, p\u00e4\u00e4timme pit\u00e4\u00e4 huolen, ett\u00e4 saavumme satamaan illalla yl\u00e4veden aikaan. Oli siis aika Perkinsin hieman avittaa purjeita ja loppujen lopuksi moottoripurjehdimme legist\u00e4 32 mailin verran.<br \/>\n<figure id=\"attachment_6125\" aria-describedby=\"caption-attachment-6125\" style=\"width: 1440px\" class=\"wp-caption alignnone\"><a href=\"https:\/\/www.suwena.net\/wp-content\/uploads\/2013\/06\/P1020634f.JPG\"><img loading=\"lazy\" width=\"1440\" height=\"810\" src=\"https:\/\/www.suwena.net\/wp-content\/uploads\/2013\/06\/P1020634f-1440x810.jpg\" alt=\"Purjelaivoja saapumassa Vlielandiin\" class=\"size-featured-blog-large wp-image-6125\" srcset=\"https:\/\/www.suwena.net\/wp-content\/uploads\/2013\/06\/P1020634f-1440x810.jpg 1440w, https:\/\/www.suwena.net\/wp-content\/uploads\/2013\/06\/P1020634f-300x169.jpg 300w, https:\/\/www.suwena.net\/wp-content\/uploads\/2013\/06\/P1020634f-768x432.jpg 768w\" sizes=\"(max-width: 1440px) 100vw, 1440px\" \/><\/a><figcaption id=\"caption-attachment-6125\" class=\"wp-caption-text\">Purjelaivoja saapumassa Vlielandiin<\/figcaption><\/figure><br \/>\n<figure id=\"attachment_6129\" aria-describedby=\"caption-attachment-6129\" style=\"width: 1440px\" class=\"wp-caption alignnone\"><a href=\"https:\/\/www.suwena.net\/wp-content\/uploads\/2013\/06\/P1020644f.JPG\"><img loading=\"lazy\" width=\"1440\" height=\"810\" src=\"https:\/\/www.suwena.net\/wp-content\/uploads\/2013\/06\/P1020644f-1440x810.jpg\" alt=\"Purjelaivoja Waddenhaven satamassa\" class=\"size-featured-blog-large wp-image-6129\" srcset=\"https:\/\/www.suwena.net\/wp-content\/uploads\/2013\/06\/P1020644f-1440x810.jpg 1440w, https:\/\/www.suwena.net\/wp-content\/uploads\/2013\/06\/P1020644f-300x169.jpg 300w, https:\/\/www.suwena.net\/wp-content\/uploads\/2013\/06\/P1020644f-768x432.jpg 768w\" sizes=\"(max-width: 1440px) 100vw, 1440px\" \/><\/a><figcaption id=\"caption-attachment-6129\" class=\"wp-caption-text\">Purjelaivoja Waddenhaven satamassa<\/figcaption><\/figure><br \/>\nSuunnitelmamme toimi ja p\u00e4\u00e4simme ajamaan satamaan juuri yl\u00e4vedell\u00e4 ilman virtaa. Satama oli kuitenkin jo t\u00e4ynn\u00e4, kuten meit\u00e4 varoitettiin. Onneksi yksi kylkikiinnitysveneist\u00e4 oli Suwenan pituinen ter\u00e4svene, jonka kylkeen kiinnityimme. Hollantilaiskapteeni ilmoitti heti meille, ett\u00e4 h\u00e4n on l\u00e4hd\u00f6ss\u00e4 sunnuntaiaamulla. Eih\u00e4n siin\u00e4 mit\u00e4\u00e4n, kun he olivat l\u00e4hd\u00f6ss\u00e4 vasta aamu yhdeks\u00e4lt\u00e4. <\/p>\n<p>Vasta tarkistaessamme kiinnitysk\u00f6ysi\u00e4, kuului veneen paapuurin puolelta kumiveneest\u00e4 topakka tervehdys. \u201dHello Sir, Netherland\u2019s customs, may we come aboard?\u201d Kaksi eritt\u00e4in yst\u00e4v\u00e4llist\u00e4 tullimiest\u00e4 astuivat Suwenaan ja he pyysiv\u00e4t meid\u00e4n passit ja veneen paperit n\u00e4ht\u00e4v\u00e4ksi. Siin\u00e4 hetken he t\u00e4yttiv\u00e4t kaavakkeita ja kyseliv\u00e4t kysymyksi\u00e4 veneest\u00e4, miehist\u00f6st\u00e4 ja reitist\u00e4mme. Suurella mielenkiinnolla he kysyiv\u00e4t my\u00f6s meid\u00e4n Helgoland tax-free ostosten m\u00e4\u00e4rist\u00e4. Kaikki oli kunnossa ja yst\u00e4v\u00e4llisten toivotusten my\u00f6t\u00e4 he poistuivat Suwenasta. On se heill\u00e4kin pitk\u00e4t ty\u00f6p\u00e4iv\u00e4t, kun lauantai-iltana viel\u00e4 kymmenelt\u00e4 joutuvat veneit\u00e4 tarkistamaan.<\/p>\n<p>Sunnuntaina odotimme innokkaasti naapureiden l\u00e4ht\u00f6\u00e4, jotta p\u00e4\u00e4semme siirt\u00e4m\u00e4\u00e4n Suwenan kylkikiinnitykseen leve\u00e4hk\u00f6n laiturin kylkeen. Olimmehan saapuneet py\u00f6r\u00e4retkien paratiisiin, joten halusimme saada oman taitettavan tandemin ulos. Tandemin ulos roudaaminen on nimitt\u00e4in ihan toinen juttu kuin pienten taitettavien retkipy\u00f6rien kainalossa kantaminen.<br \/>\n<figure id=\"attachment_6133\" aria-describedby=\"caption-attachment-6133\" style=\"width: 1440px\" class=\"wp-caption alignnone\"><a href=\"https:\/\/www.suwena.net\/wp-content\/uploads\/2013\/06\/P1020568f.JPG\"><img loading=\"lazy\" width=\"1440\" height=\"810\" src=\"https:\/\/www.suwena.net\/wp-content\/uploads\/2013\/06\/P1020568f-1440x810.jpg\" alt=\"Eve tuunaamassa tandemlaukkua Vlielandissa\" class=\"size-featured-blog-large wp-image-6133\" srcset=\"https:\/\/www.suwena.net\/wp-content\/uploads\/2013\/06\/P1020568f-1440x810.jpg 1440w, https:\/\/www.suwena.net\/wp-content\/uploads\/2013\/06\/P1020568f-300x169.jpg 300w, https:\/\/www.suwena.net\/wp-content\/uploads\/2013\/06\/P1020568f-768x432.jpg 768w\" sizes=\"(max-width: 1440px) 100vw, 1440px\" \/><\/a><figcaption id=\"caption-attachment-6133\" class=\"wp-caption-text\">Eve tuunaamassa tandemlaukkua Vlielandissa<\/figcaption><\/figure><br \/>\n<figure id=\"attachment_6137\" aria-describedby=\"caption-attachment-6137\" style=\"width: 1440px\" class=\"wp-caption alignnone\"><a href=\"https:\/\/www.suwena.net\/wp-content\/uploads\/2013\/06\/P1020589f.JPG\"><img loading=\"lazy\" width=\"1440\" height=\"810\" src=\"https:\/\/www.suwena.net\/wp-content\/uploads\/2013\/06\/P1020589f-1440x810.jpg\" alt=\"Tavarapolkupy\u00f6ri\u00e4 vuokrattavana Vlielandissa\" class=\"size-featured-blog-large wp-image-6137\" srcset=\"https:\/\/www.suwena.net\/wp-content\/uploads\/2013\/06\/P1020589f-1440x810.jpg 1440w, https:\/\/www.suwena.net\/wp-content\/uploads\/2013\/06\/P1020589f-300x169.jpg 300w, https:\/\/www.suwena.net\/wp-content\/uploads\/2013\/06\/P1020589f-768x432.jpg 768w\" sizes=\"(max-width: 1440px) 100vw, 1440px\" \/><\/a><figcaption id=\"caption-attachment-6137\" class=\"wp-caption-text\">Tavarapolkupy\u00f6ri\u00e4 vuokrattavana Vlielandissa<\/figcaption><\/figure><br \/>\nVlieland on yksi viidest\u00e4 Hollannin L\u00e4nsi-Friisein saarista ja se on todella suosittu retkeilysaari. Saarella on runsaasti py\u00f6r\u00e4reittej\u00e4. Me k\u00e4vimme molempina p\u00e4ivin\u00e4 py\u00f6r\u00e4ilem\u00e4ss\u00e4 ja retket olivat todella antoisia. Tiet ja polut mutkittelivat saaren ymp\u00e4ri dyynien, mets\u00e4n, hevoslaitumien ja jopa pienten niittyjen lomassa. Saaren l\u00e4nsip\u00e4\u00e4 on pelk\u00e4st\u00e4\u00e4n hiekkaa ja dyynej\u00e4. Pohjoisrantaan vy\u00f6ryv\u00e4t pohjanmeren aallot, kun taas etel\u00e4puolella on Waddenzee. Vuoroveden paljastamalla merenpohjalla k\u00e4vi kuhina, kun lukuisat erilaiset linnut etsiv\u00e4t kilvan sy\u00f6t\u00e4v\u00e4\u00e4. Vlieland on kerrassaan vieh\u00e4tt\u00e4v\u00e4 saari.<br \/>\n<figure id=\"attachment_6141\" aria-describedby=\"caption-attachment-6141\" style=\"width: 1440px\" class=\"wp-caption alignnone\"><a href=\"https:\/\/www.suwena.net\/wp-content\/uploads\/2013\/06\/P1020658f.JPG\"><img loading=\"lazy\" width=\"1440\" height=\"810\" src=\"https:\/\/www.suwena.net\/wp-content\/uploads\/2013\/06\/P1020658f-1440x810.jpg\" alt=\"Polkupy\u00f6r\u00e4reitti Vlielandin hiekkadyyneill\u00e4\" class=\"size-featured-blog-large wp-image-6141\" srcset=\"https:\/\/www.suwena.net\/wp-content\/uploads\/2013\/06\/P1020658f-1440x810.jpg 1440w, https:\/\/www.suwena.net\/wp-content\/uploads\/2013\/06\/P1020658f-300x169.jpg 300w, https:\/\/www.suwena.net\/wp-content\/uploads\/2013\/06\/P1020658f-768x432.jpg 768w\" sizes=\"(max-width: 1440px) 100vw, 1440px\" \/><\/a><figcaption id=\"caption-attachment-6141\" class=\"wp-caption-text\">Polkupy\u00f6r\u00e4reitti Vlielandin hiekkadyyneill\u00e4<\/figcaption><\/figure><br \/>\n<figure id=\"attachment_6145\" aria-describedby=\"caption-attachment-6145\" style=\"width: 1440px\" class=\"wp-caption alignnone\"><a href=\"https:\/\/www.suwena.net\/wp-content\/uploads\/2013\/06\/P1020662f.JPG\"><img loading=\"lazy\" width=\"1440\" height=\"810\" src=\"https:\/\/www.suwena.net\/wp-content\/uploads\/2013\/06\/P1020662f-1440x810.jpg\" alt=\"Eve Vlielandin hiekkadyyneill\u00e4\" class=\"size-featured-blog-large wp-image-6145\" srcset=\"https:\/\/www.suwena.net\/wp-content\/uploads\/2013\/06\/P1020662f-1440x810.jpg 1440w, https:\/\/www.suwena.net\/wp-content\/uploads\/2013\/06\/P1020662f-300x169.jpg 300w, https:\/\/www.suwena.net\/wp-content\/uploads\/2013\/06\/P1020662f-768x432.jpg 768w\" sizes=\"(max-width: 1440px) 100vw, 1440px\" \/><\/a><figcaption id=\"caption-attachment-6145\" class=\"wp-caption-text\">Eve Vlielandin hiekkadyyneill\u00e4<\/figcaption><\/figure><br \/>\nN\u00e4in veneilij\u00e4n n\u00e4k\u00f6kulmasta oli my\u00f6s mukavaa, kun Oost-Vlielandin kyl\u00e4st\u00e4 l\u00f6ytyi jopa kaksi hyvin varusteltua ruokakauppaa, Koop ja Spar. Varsinkin kun meill\u00e4 oli py\u00f6r\u00e4 k\u00e4yt\u00f6ss\u00e4mme, saimme ruoat n\u00e4pp\u00e4r\u00e4sti veneelle ilman ett\u00e4 k\u00e4det ovat j\u00e4lleen kasvaneet pituutta. Jos kotona tulisi kannettua kaikki ruoka k\u00e4siss\u00e4 kotiin, niin turhia ostoja tekisi varmasti v\u00e4hemm\u00e4n ja voisipa jopa pari kiloakin j\u00e4\u00e4d\u00e4 omalta vy\u00f6t\u00e4r\u00f6lt\u00e4 kaupan hyllyjen kannettaviksi \ud83d\ude42<br \/>\n<figure id=\"attachment_6149\" aria-describedby=\"caption-attachment-6149\" style=\"width: 1440px\" class=\"wp-caption alignnone\"><a href=\"https:\/\/www.suwena.net\/wp-content\/uploads\/2013\/06\/P1020593f.JPG\"><img loading=\"lazy\" width=\"1440\" height=\"810\" src=\"https:\/\/www.suwena.net\/wp-content\/uploads\/2013\/06\/P1020593f-1440x810.jpg\" alt=\"Oost-Vlielandin p\u00e4\u00e4katu\" class=\"size-featured-blog-large wp-image-6149\" srcset=\"https:\/\/www.suwena.net\/wp-content\/uploads\/2013\/06\/P1020593f-1440x810.jpg 1440w, https:\/\/www.suwena.net\/wp-content\/uploads\/2013\/06\/P1020593f-300x169.jpg 300w, https:\/\/www.suwena.net\/wp-content\/uploads\/2013\/06\/P1020593f-768x432.jpg 768w\" sizes=\"(max-width: 1440px) 100vw, 1440px\" \/><\/a><figcaption id=\"caption-attachment-6149\" class=\"wp-caption-text\">Oost-Vlielandin p\u00e4\u00e4katu<\/figcaption><\/figure><br \/>\nSuwenan per\u00e4ss\u00e4 oli mielenkiintoinen perinteinen hollantilaisvene. Sen molemmilla sivuilla on erilliset nostok\u00f6lit, joita vuorollaan k\u00e4ytet\u00e4\u00e4n aina suojan puolella. T\u00e4llaisia veneit\u00e4 olemme n\u00e4hneet jo jonkin verran ja ne n\u00e4ytt\u00e4v\u00e4t tosi hauskoilta keskell\u00e4 alaveden paljastamaa hiekkarantaa. Toivottavasti ovat kuitenkin muistaneet laittaa koukun ulos, jottei nousuvesi vie venett\u00e4 sill\u00e4 aikaa kun veneen miehist\u00f6 on rannalla jaloittelemassa ja rentoutumassa.<br \/>\n<figure id=\"attachment_6153\" aria-describedby=\"caption-attachment-6153\" style=\"width: 1440px\" class=\"wp-caption alignnone\"><a href=\"https:\/\/www.suwena.net\/wp-content\/uploads\/2013\/06\/P1020639f.JPG\"><img loading=\"lazy\" width=\"1440\" height=\"810\" src=\"https:\/\/www.suwena.net\/wp-content\/uploads\/2013\/06\/P1020639f-1440x810.jpg\" alt=\"Hollantilainen perinnevene Vlielandissa\" class=\"size-featured-blog-large wp-image-6153\" srcset=\"https:\/\/www.suwena.net\/wp-content\/uploads\/2013\/06\/P1020639f-1440x810.jpg 1440w, https:\/\/www.suwena.net\/wp-content\/uploads\/2013\/06\/P1020639f-300x169.jpg 300w, https:\/\/www.suwena.net\/wp-content\/uploads\/2013\/06\/P1020639f-768x432.jpg 768w\" sizes=\"(max-width: 1440px) 100vw, 1440px\" \/><\/a><figcaption id=\"caption-attachment-6153\" class=\"wp-caption-text\">Hollantilainen perinnevene Vlielandissa<\/figcaption><\/figure><br \/>\n<figure id=\"attachment_6157\" aria-describedby=\"caption-attachment-6157\" style=\"width: 1440px\" class=\"wp-caption alignnone\"><a href=\"https:\/\/www.suwena.net\/wp-content\/uploads\/2013\/06\/P1020689f.JPG\"><img loading=\"lazy\" width=\"1440\" height=\"810\" src=\"https:\/\/www.suwena.net\/wp-content\/uploads\/2013\/06\/P1020689f-1440x810.jpg\" alt=\"Suwena l\u00e4hd\u00f6ss\u00e4 Vlielandin saarelta\" class=\"size-featured-blog-large wp-image-6157\" srcset=\"https:\/\/www.suwena.net\/wp-content\/uploads\/2013\/06\/P1020689f-1440x810.jpg 1440w, https:\/\/www.suwena.net\/wp-content\/uploads\/2013\/06\/P1020689f-300x169.jpg 300w, https:\/\/www.suwena.net\/wp-content\/uploads\/2013\/06\/P1020689f-768x432.jpg 768w\" sizes=\"(max-width: 1440px) 100vw, 1440px\" \/><\/a><figcaption id=\"caption-attachment-6157\" class=\"wp-caption-text\">Suwena l\u00e4hd\u00f6ss\u00e4 Vlielandin saarelta<\/figcaption><\/figure><\/p>\n","protected":false},"excerpt":{"rendered":"<p>Lauantaina irrotimme k\u00f6ydet Borkumissa aamu kahdeksalta ja edess\u00e4 oli pitk\u00e4 matkap\u00e4iv\u00e4, 13,5 tuntia ja 78 mailia, kohti Vlielandia. Pohjoistuuli edelleen jatkui, joten p\u00e4\u00e4simme purjehtimaan l\u00e4hes koko p\u00e4iv\u00e4n. Matkalla my\u00f6s oli aika vaihtaa kes\u00e4n toinen vieraslippu Suwenan oikeaan saalinkiin. Olipas Saksan<\/p>\n","protected":false},"author":2,"featured_media":6133,"comment_status":"open","ping_status":"open","sticky":false,"template":"","format":"standard","meta":[],"seasons":[13],"_links":{"self":[{"href":"https:\/\/www.suwena.net\/fi\/wp-json\/wp\/v2\/posts\/6159"}],"collection":[{"href":"https:\/\/www.suwena.net\/fi\/wp-json\/wp\/v2\/posts"}],"about":[{"href":"https:\/\/www.suwena.net\/fi\/wp-json\/wp\/v2\/types\/post"}],"author":[{"embeddable":true,"href":"https:\/\/www.suwena.net\/fi\/wp-json\/wp\/v2\/users\/2"}],"replies":[{"embeddable":true,"href":"https:\/\/www.suwena.net\/fi\/wp-json\/wp\/v2\/comments?post=6159"}],"version-history":[{"count":0,"href":"https:\/\/www.suwena.net\/fi\/wp-json\/wp\/v2\/posts\/6159\/revisions"}],"wp:featuredmedia":[{"embeddable":true,"href":"https:\/\/www.suwena.net\/fi\/wp-json\/wp\/v2\/media\/6133"}],"wp:attachment":[{"href":"https:\/\/www.suwena.net\/fi\/wp-json\/wp\/v2\/media?parent=6159"}],"wp:term":[{"taxonomy":"seasons","embeddable":true,"href":"https:\/\/www.suwena.net\/fi\/wp-json\/wp\/v2\/seasons?post=6159"}],"curies":[{"name":"wp","href":"https:\/\/api.w.org\/{rel}","templated":true}]}}