
{"id":624,"date":"2009-08-04T18:53:47","date_gmt":"2009-08-04T18:53:47","guid":{"rendered":"https:\/\/www.suwena.net\/roytan-elojuhlat-30-7-2-8\/"},"modified":"2019-04-27T10:00:59","modified_gmt":"2019-04-27T10:00:59","slug":"roytan-elojuhlat-30-7-2-8","status":"publish","type":"post","link":"https:\/\/www.suwena.net\/fi\/roytan-elojuhlat-30-7-2-8\/","title":{"rendered":"R\u00f6yt\u00e4n Elojuhlat 30.7. &#8211; 2.8."},"content":{"rendered":"<p>Suwenan kes\u00e4matkan 2009 viimeinen etappi ennen kotisatamaa oli Iin R\u00f6yt\u00e4n saari, jonne saavuimme torstai-iltana. Viikonloppuna R\u00f6yt\u00e4ss\u00e4 oli Per\u00e4meren suurin venetapahtuma R\u00f6yt\u00e4n Elojuhlat. T\u00e4n\u00e4 vuonna veneit\u00e4 oli parhaillaan yli sata. Elojuhlat j\u00e4rjestet\u00e4\u00e4n joka vuosi elokuun ensimm\u00e4isen\u00e4 viikonloppuna ja j\u00e4rjestelyist\u00e4 vastaa vuorollaan Oulun ymp\u00e4rist\u00f6n eri veneseurat. T\u00e4n\u00e4 vuonna j\u00e4rjestelyvuorossa oli Haukiputaan veneilij\u00e4t. Olimme olleet R\u00f6yt\u00e4n elojuhlilla kolmatta kertaa ja n\u00e4ist\u00e4 juhlistamme t\u00e4m\u00e4n vuotinen juhla oli erinomaisesti j\u00e4rjestetty.<br \/>\n<figure id=\"attachment_598\" aria-describedby=\"caption-attachment-598\" style=\"width: 1440px\" class=\"wp-caption alignnone\"><a href=\"https:\/\/www.suwena.net\/wp-content\/uploads\/2009\/08\/IMG_0176a.JPG\"><img loading=\"lazy\" width=\"1440\" height=\"810\" src=\"https:\/\/www.suwena.net\/wp-content\/uploads\/2009\/08\/IMG_0176a-1440x810.jpg\" alt=\"Oulun Merenk\u00e4vij\u00f6iden maja Iin R\u00f6yt\u00e4ss\u00e4\" class=\"size-featured-blog-large wp-image-598\" srcset=\"https:\/\/www.suwena.net\/wp-content\/uploads\/2009\/08\/IMG_0176a-1440x810.jpg 1440w, https:\/\/www.suwena.net\/wp-content\/uploads\/2009\/08\/IMG_0176a-300x169.jpg 300w, https:\/\/www.suwena.net\/wp-content\/uploads\/2009\/08\/IMG_0176a-768x432.jpg 768w\" sizes=\"(max-width: 1440px) 100vw, 1440px\" \/><\/a><figcaption id=\"caption-attachment-598\" class=\"wp-caption-text\">Oulun Merenk\u00e4vij\u00f6iden maja Iin R\u00f6yt\u00e4ss\u00e4<\/figcaption><\/figure><br \/>\nUusi upea idea oli Haukiputaan veneilij\u00f6ill\u00e4 se, ett\u00e4 he sijoittivat teltat laitureiden l\u00e4heisyyteen. Aiempina vuosina ne ovat olleet sisemp\u00e4n\u00e4 saaressa, jossa pohjoisen el\u00e4m\u00e4n tyyliin kaverina ovat olleet valtavat m\u00e4\u00e4r\u00e4t s\u00e4\u00e4ski\u00e4.<br \/>\n<figure id=\"attachment_602\" aria-describedby=\"caption-attachment-602\" style=\"width: 1440px\" class=\"wp-caption alignnone\"><a href=\"https:\/\/www.suwena.net\/wp-content\/uploads\/2009\/08\/IMG_0207a.JPG\"><img loading=\"lazy\" width=\"1440\" height=\"810\" src=\"https:\/\/www.suwena.net\/wp-content\/uploads\/2009\/08\/IMG_0207a-1440x810.jpg\" alt=\"Puffetti avoinna Ii:n R\u00f6yt\u00e4n kes\u00e4juhlissa\" class=\"size-featured-blog-large wp-image-602\" srcset=\"https:\/\/www.suwena.net\/wp-content\/uploads\/2009\/08\/IMG_0207a-1440x810.jpg 1440w, https:\/\/www.suwena.net\/wp-content\/uploads\/2009\/08\/IMG_0207a-300x169.jpg 300w, https:\/\/www.suwena.net\/wp-content\/uploads\/2009\/08\/IMG_0207a-768x432.jpg 768w\" sizes=\"(max-width: 1440px) 100vw, 1440px\" \/><\/a><figcaption id=\"caption-attachment-602\" class=\"wp-caption-text\">Puffetti avoinna Ii:n R\u00f6yt\u00e4n kes\u00e4juhlissa<\/figcaption><\/figure><br \/>\nTarjolla oli maittavaa kermaista lohisoppaa lisukkeina lohi- ja lihaleipi\u00e4. Illalla p\u00e4\u00e4simme my\u00f6s nauttimaan Yliniemen Markon herkullisesti paistamaa loimulohta. Kyll\u00e4 homma oli Markolla hanskassa ja k\u00e4rsiv\u00e4llisyytt\u00e4kin miehelt\u00e4 l\u00f6ytyi, sill\u00e4 h\u00e4n loimutteli viitisen tuntia ja lohta piisasi.<br \/>\n<figure id=\"attachment_606\" aria-describedby=\"caption-attachment-606\" style=\"width: 1440px\" class=\"wp-caption alignnone\"><a href=\"https:\/\/www.suwena.net\/wp-content\/uploads\/2009\/08\/IMG_0220a.JPG\"><img loading=\"lazy\" width=\"1440\" height=\"810\" src=\"https:\/\/www.suwena.net\/wp-content\/uploads\/2009\/08\/IMG_0220a-1440x810.jpg\" alt=\"Marko loimulohimestarina R\u00f6yt\u00e4n elojuhlissa\" class=\"size-featured-blog-large wp-image-606\" srcset=\"https:\/\/www.suwena.net\/wp-content\/uploads\/2009\/08\/IMG_0220a-1440x810.jpg 1440w, https:\/\/www.suwena.net\/wp-content\/uploads\/2009\/08\/IMG_0220a-300x169.jpg 300w, https:\/\/www.suwena.net\/wp-content\/uploads\/2009\/08\/IMG_0220a-768x432.jpg 768w\" sizes=\"(max-width: 1440px) 100vw, 1440px\" \/><\/a><figcaption id=\"caption-attachment-606\" class=\"wp-caption-text\">Marko loimulohimestarina R\u00f6yt\u00e4n elojuhlissa<\/figcaption><\/figure><br \/>\nTarjolla oli my\u00f6s kaikenlaista muuta viihdykett\u00e4: m\u00f6lkky\u00e4, tanssia, karaokea, bingoa jne. pitkin lauantai p\u00e4iv\u00e4\u00e4.<\/p>\n<p>Torstaina meid\u00e4n saapuessamme oli satamassa jo parikymment\u00e4 venett\u00e4. Perjantaina veneit\u00e4 valui l\u00e4hes koko p\u00e4iv\u00e4n ja jo silloin tuntui, ett\u00e4 onpas satama t\u00e4ynn\u00e4. Lauantaina odotettiin satamaan 16 purjevenett\u00e4, jotka osallistuivat Nautilus-Cup kisaan. toki heid\u00e4n lis\u00e4kseen veneit\u00e4 saapui s\u00e4\u00e4nn\u00f6llisesti ja tilaa j\u00e4rjestettiin muutamaan otteeseen, jotta kaikki saapuvat veneet mahtuisivat mukaan.<br \/>\n<figure id=\"attachment_610\" aria-describedby=\"caption-attachment-610\" style=\"width: 1440px\" class=\"wp-caption alignnone\"><a href=\"https:\/\/www.suwena.net\/wp-content\/uploads\/2009\/08\/IMG_0192a.JPG\"><img loading=\"lazy\" width=\"1440\" height=\"810\" src=\"https:\/\/www.suwena.net\/wp-content\/uploads\/2009\/08\/IMG_0192a-1440x810.jpg\" alt=\"Yli 100 vierasvenett\u00e4 R\u00f6yt\u00e4n satamassa\" class=\"size-featured-blog-large wp-image-610\" srcset=\"https:\/\/www.suwena.net\/wp-content\/uploads\/2009\/08\/IMG_0192a-1440x810.jpg 1440w, https:\/\/www.suwena.net\/wp-content\/uploads\/2009\/08\/IMG_0192a-300x169.jpg 300w, https:\/\/www.suwena.net\/wp-content\/uploads\/2009\/08\/IMG_0192a-768x432.jpg 768w\" sizes=\"(max-width: 1440px) 100vw, 1440px\" \/><\/a><figcaption id=\"caption-attachment-610\" class=\"wp-caption-text\">Yli 100 vierasvenett\u00e4 R\u00f6yt\u00e4n satamassa<\/figcaption><\/figure><br \/>\n<figure id=\"attachment_614\" aria-describedby=\"caption-attachment-614\" style=\"width: 1440px\" class=\"wp-caption alignnone\"><a href=\"https:\/\/www.suwena.net\/wp-content\/uploads\/2009\/08\/IMG_0210a.JPG\"><img loading=\"lazy\" width=\"1440\" height=\"810\" src=\"https:\/\/www.suwena.net\/wp-content\/uploads\/2009\/08\/IMG_0210a-1440x810.jpg\" alt=\"Veneit\u00e4 Elojuhlilla R\u00f6yt\u00e4ss\u00e4\" class=\"size-featured-blog-large wp-image-614\" srcset=\"https:\/\/www.suwena.net\/wp-content\/uploads\/2009\/08\/IMG_0210a-1440x810.jpg 1440w, https:\/\/www.suwena.net\/wp-content\/uploads\/2009\/08\/IMG_0210a-300x169.jpg 300w, https:\/\/www.suwena.net\/wp-content\/uploads\/2009\/08\/IMG_0210a-768x432.jpg 768w\" sizes=\"(max-width: 1440px) 100vw, 1440px\" \/><\/a><figcaption id=\"caption-attachment-614\" class=\"wp-caption-text\">Veneit\u00e4 Elojuhlilla R\u00f6yt\u00e4ss\u00e4<\/figcaption><\/figure><br \/>\n<figure id=\"attachment_618\" aria-describedby=\"caption-attachment-618\" style=\"width: 1440px\" class=\"wp-caption alignnone\"><a href=\"https:\/\/www.suwena.net\/wp-content\/uploads\/2009\/08\/IMG_0203a.JPG\"><img loading=\"lazy\" width=\"1440\" height=\"810\" src=\"https:\/\/www.suwena.net\/wp-content\/uploads\/2009\/08\/IMG_0203a-1440x810.jpg\" alt=\"Kaksintaistelu Nautilus-Cupin maalissa Ii:n R\u00f6yt\u00e4ss\u00e4\" class=\"size-featured-blog-large wp-image-618\" srcset=\"https:\/\/www.suwena.net\/wp-content\/uploads\/2009\/08\/IMG_0203a-1440x810.jpg 1440w, https:\/\/www.suwena.net\/wp-content\/uploads\/2009\/08\/IMG_0203a-300x169.jpg 300w, https:\/\/www.suwena.net\/wp-content\/uploads\/2009\/08\/IMG_0203a-768x432.jpg 768w\" sizes=\"(max-width: 1440px) 100vw, 1440px\" \/><\/a><figcaption id=\"caption-attachment-618\" class=\"wp-caption-text\">Kaksintaistelu Nautilus-Cupin maalissa Ii:n R\u00f6yt\u00e4ss\u00e4<\/figcaption><\/figure><br \/>\nIlma suosi juhlijoita. Aurinko paistoi ja saimme vain lauantaina lyhyen sadekuuron, vaikka mantereen p\u00e4\u00e4ll\u00e4 n\u00e4ytti ukkostavan. Laiturilta ja veneist\u00e4 uimaan menij\u00f6it\u00e4 riitti aamusta my\u00f6h\u00e4\u00e4n iltaan. My\u00f6s l\u00e4hi veneemme sauna oli l\u00e4mpim\u00e4n\u00e4 ja saunasta n\u00e4ytettiin nauttivan t\u00e4ysin palkein. Toki seurojen majoilla saunomista piisasi pitkin p\u00e4iv\u00e4\u00e4 ja viimeiset taisivat saunoa viel\u00e4 sunnuntaiaamulla bileiden p\u00e4\u00e4tteeksi puoli viiteen. Niinh\u00e4n sit\u00e4 pit\u00e4\u00e4, kun Elojuhlat ovat vain kerran vuodessa.<\/p>\n<p>R\u00f6yt\u00e4ss\u00e4 oli p\u00e4\u00e4osin veneit\u00e4 Oulun ja l\u00e4hikuntien veneseuroista, mutta saimme my\u00f6s Kemist\u00e4 muutamia veneit\u00e4 juhlimaan kanssamme. On hienoa, ett\u00e4 veneit\u00e4 tulee mukaan eri puolilta Per\u00e4merta.<\/p>\n<p>Elojuhlat p\u00e4\u00e4ttiv\u00e4t hienosti kes\u00e4matkamme ja oli mukavaa tavata oman alueen veneilij\u00f6it\u00e4 ja vaihtaa kes\u00e4n kuulumisia. Reissun p\u00e4\u00e4ll\u00e4 ovat oululaiset veneet olleet todella kiitett\u00e4v\u00e4sti. Osa oli reissannut pohjoisen kautta Ruotsin rannikkoa alas. Turun-saaristossa ja Saimaalla veneilleit\u00e4 oli my\u00f6s tosi monia. Ensi kes\u00e4n suunnitelmista ihmiset jo kovasti puhuivat ja suunnitelmat ensi kes\u00e4n reiteiksi n\u00e4yttiv\u00e4t olevan jo mukavasti ty\u00f6stett\u00e4vin\u00e4. Yksi monen matkasuunnitelmista n\u00e4ytti olevan G\u00f6ta kanavassa matkaaminen. Vaihtoehtoina olivat sek\u00e4 G\u00f6ta kanavan p\u00e4\u00e4st\u00e4 p\u00e4\u00e4h\u00e4n seilaaminen ett\u00e4 py\u00f6r\u00e4ytt\u00e4\u00e4 Pohjanmeren puolelta Ruotsin etel\u00e4 k\u00e4rjen ymp\u00e4ri takaisin kotivesille. No suunnitelmia pit\u00e4\u00e4 tietysti jo nyt olla ja ensi kes\u00e4n loma-aikataulut sitten m\u00e4\u00e4r\u00e4\u00e4v\u00e4t, millaisia reittej\u00e4 kukin tulee seilaamaan. <\/p>\n<p>Elojuhlista j\u00e4i todella l\u00e4mmin ja mukava olo. J\u00e4rjestelyt oli hoidettu todella menestyksekk\u00e4\u00e4sti ja n\u00e4ki kyll\u00e4, ett\u00e4 yhteishenki Haukiputaan veneilij\u00f6ill\u00e4 on mahtavaa. T\u00e4ll\u00e4 kertaa tuntui mukavalta se, ett\u00e4 koko veneilyporukka osallistui mukavasti yhteisiin rientoihin ja ihmiset ulostautuivat veneist\u00e4\u00e4n seurustelemaan toisten veneilij\u00f6iden kanssa.<\/p>\n<p>Kaikki p\u00e4\u00e4ttyy aikanaan ja meid\u00e4n kes\u00e4matkakin huipentui n\u00e4ihin juhliin. Sunnuntaina sitten ajelimme kohti Suwenan kotisatamaa ja kahden kuukauden tavaroiden purku alkoi. Tuntui tosi mukavalta saapua kotisatamaan, kun meit\u00e4 vastassa oli yll\u00e4tykseksemme blogimme lukija Pertti kaverinsa kanssa.<\/p>\n<p>Toki kes\u00e4\u00e4 on viel\u00e4 j\u00e4ljell\u00e4 ja pieni\u00e4 pyr\u00e4hdyksi\u00e4 aiomme tehd\u00e4 niin arki-iltoina kuin viikonloppuisin. Elokuun alku menee t\u00f6it\u00e4 puurtaessa. Emme me Suwenalle liikoja vapaita aio antaa, vaan tarkoitus on reissata nostoaikaan saakka, joten blogikin kyll\u00e4 jatkuu.<br \/>\n<figure id=\"attachment_622\" aria-describedby=\"caption-attachment-622\" style=\"width: 1440px\" class=\"wp-caption alignnone\"><a href=\"https:\/\/www.suwena.net\/wp-content\/uploads\/2009\/08\/IMG_0196a.JPG\"><img loading=\"lazy\" width=\"1440\" height=\"810\" src=\"https:\/\/www.suwena.net\/wp-content\/uploads\/2009\/08\/IMG_0196a-1440x810.jpg\" alt=\"Eve Elojuhlissa Ii:n R\u00f6yt\u00e4ss\u00e4\" class=\"size-featured-blog-large wp-image-622\" srcset=\"https:\/\/www.suwena.net\/wp-content\/uploads\/2009\/08\/IMG_0196a-1440x810.jpg 1440w, https:\/\/www.suwena.net\/wp-content\/uploads\/2009\/08\/IMG_0196a-300x169.jpg 300w, https:\/\/www.suwena.net\/wp-content\/uploads\/2009\/08\/IMG_0196a-768x432.jpg 768w\" sizes=\"(max-width: 1440px) 100vw, 1440px\" \/><\/a><figcaption id=\"caption-attachment-622\" class=\"wp-caption-text\">Eve Elojuhlissa Ii:n R\u00f6yt\u00e4ss\u00e4<\/figcaption><\/figure><\/p>\n","protected":false},"excerpt":{"rendered":"<p>Suwenan kes\u00e4matkan 2009 viimeinen etappi ennen kotisatamaa oli Iin R\u00f6yt\u00e4n saari, jonne saavuimme torstai-iltana. Viikonloppuna R\u00f6yt\u00e4ss\u00e4 oli Per\u00e4meren suurin venetapahtuma R\u00f6yt\u00e4n Elojuhlat. T\u00e4n\u00e4 vuonna veneit\u00e4 oli parhaillaan yli sata. Elojuhlat j\u00e4rjestet\u00e4\u00e4n joka vuosi elokuun ensimm\u00e4isen\u00e4 viikonloppuna ja j\u00e4rjestelyist\u00e4 vastaa vuorollaan<\/p>\n","protected":false},"author":2,"featured_media":614,"comment_status":"open","ping_status":"open","sticky":false,"template":"","format":"standard","meta":[],"seasons":[2],"_links":{"self":[{"href":"https:\/\/www.suwena.net\/fi\/wp-json\/wp\/v2\/posts\/624"}],"collection":[{"href":"https:\/\/www.suwena.net\/fi\/wp-json\/wp\/v2\/posts"}],"about":[{"href":"https:\/\/www.suwena.net\/fi\/wp-json\/wp\/v2\/types\/post"}],"author":[{"embeddable":true,"href":"https:\/\/www.suwena.net\/fi\/wp-json\/wp\/v2\/users\/2"}],"replies":[{"embeddable":true,"href":"https:\/\/www.suwena.net\/fi\/wp-json\/wp\/v2\/comments?post=624"}],"version-history":[{"count":0,"href":"https:\/\/www.suwena.net\/fi\/wp-json\/wp\/v2\/posts\/624\/revisions"}],"wp:featuredmedia":[{"embeddable":true,"href":"https:\/\/www.suwena.net\/fi\/wp-json\/wp\/v2\/media\/614"}],"wp:attachment":[{"href":"https:\/\/www.suwena.net\/fi\/wp-json\/wp\/v2\/media?parent=624"}],"wp:term":[{"taxonomy":"seasons","embeddable":true,"href":"https:\/\/www.suwena.net\/fi\/wp-json\/wp\/v2\/seasons?post=624"}],"curies":[{"name":"wp","href":"https:\/\/api.w.org\/{rel}","templated":true}]}}