
{"id":6903,"date":"2013-07-17T17:22:34","date_gmt":"2013-07-17T17:22:34","guid":{"rendered":"https:\/\/www.suwena.net\/genaakkerin-trimmaus\/"},"modified":"2019-06-18T16:19:28","modified_gmt":"2019-06-18T16:19:28","slug":"genaakkerin-trimmaus","status":"publish","type":"post","link":"https:\/\/www.suwena.net\/fi\/genaakkerin-trimmaus\/","title":{"rendered":"Genaakkerin trimmaus"},"content":{"rendered":"<p>Genaakkeri on ehdottomasti meid\u00e4n lempipurje. Kun purjehdimme Ranskassa Normandian rannikolla Calaisista Dieppeen 82 merimailin matkan, oli j\u00e4lleen sopiva keli genaakkeripurjehdusta ajatellen.<br \/>\n<figure id=\"attachment_6889\" aria-describedby=\"caption-attachment-6889\" style=\"width: 1440px\" class=\"wp-caption alignnone\"><a href=\"https:\/\/www.suwena.net\/wp-content\/uploads\/2013\/07\/P1030899f.JPG\"><img loading=\"lazy\" width=\"1440\" height=\"810\" src=\"https:\/\/www.suwena.net\/wp-content\/uploads\/2013\/07\/P1030899f-1440x810.jpg\" alt=\"Andrus nauttimassa genaakkeripurjehduksesta Normandian rannikolla\" class=\"size-featured-blog-large wp-image-6889\" srcset=\"https:\/\/www.suwena.net\/wp-content\/uploads\/2013\/07\/P1030899f-1440x810.jpg 1440w, https:\/\/www.suwena.net\/wp-content\/uploads\/2013\/07\/P1030899f-300x169.jpg 300w, https:\/\/www.suwena.net\/wp-content\/uploads\/2013\/07\/P1030899f-768x432.jpg 768w\" sizes=\"(max-width: 1440px) 100vw, 1440px\" \/><\/a><figcaption id=\"caption-attachment-6889\" class=\"wp-caption-text\">Andrus nauttimassa genaakkeripurjehduksesta Normandian rannikolla<\/figcaption><\/figure><br \/>\nMeill\u00e4 on North Sails G3 sukkagenaakkeri, jonka purjepinta-ala on 114 m2. Andrusin luettua todella hyv\u00e4n lehtijutun genaakkerintrimmauksesta Yachting Monthly \u2013 lehdest\u00e4, p\u00e4\u00e4timme v\u00e4h\u00e4n viritt\u00e4\u00e4 oman genaakkerin jalustamista.<\/p>\n<p>Meid\u00e4n keulapuu on Rocna-ankkurin vuoksi hieman tavanomaista lyhyempi. Viime talvena keulapuun etuosaan hitsattiin uusi ter\u00e4slenkki juuri genaakkeria varten. Lehtijutun ansiosta p\u00e4\u00e4timme kokeilla s\u00e4\u00e4dett\u00e4v\u00e4\u00e4 halssikulman k\u00f6ytt\u00e4. Ensin kiinnitimme uuteen lenkkiin blogin, jonka l\u00e4pi pujotimme halssikulman s\u00e4\u00e4t\u00f6k\u00f6yden. Veimme k\u00f6yden mastolle, jossa j\u00e4lleen pujotimme sen kulkemaan spiirapuomin alagaijan blogin kautta. Nyt halssikulman s\u00e4\u00e4t\u00f6k\u00f6yden voi laittaa mastolla joko knaapille tai vinssille.<br \/>\n<figure id=\"attachment_6893\" aria-describedby=\"caption-attachment-6893\" style=\"width: 1440px\" class=\"wp-caption alignnone\"><a href=\"https:\/\/www.suwena.net\/wp-content\/uploads\/2013\/07\/P1030870f.JPG\"><img loading=\"lazy\" width=\"1440\" height=\"810\" src=\"https:\/\/www.suwena.net\/wp-content\/uploads\/2013\/07\/P1030870f-1440x810.jpg\" alt=\"Genaakkerin halssikulman s\u00e4\u00e4t\u00f6k\u00f6ysi keulapuulla\" class=\"size-featured-blog-large wp-image-6893\" srcset=\"https:\/\/www.suwena.net\/wp-content\/uploads\/2013\/07\/P1030870f-1440x810.jpg 1440w, https:\/\/www.suwena.net\/wp-content\/uploads\/2013\/07\/P1030870f-300x169.jpg 300w, https:\/\/www.suwena.net\/wp-content\/uploads\/2013\/07\/P1030870f-768x432.jpg 768w\" sizes=\"(max-width: 1440px) 100vw, 1440px\" \/><\/a><figcaption id=\"caption-attachment-6893\" class=\"wp-caption-text\">Genaakkerin halssikulman s\u00e4\u00e4t\u00f6k\u00f6ysi keulapuulla<\/figcaption><\/figure><br \/>\n<figure id=\"attachment_6897\" aria-describedby=\"caption-attachment-6897\" style=\"width: 1440px\" class=\"wp-caption alignnone\"><a href=\"https:\/\/www.suwena.net\/wp-content\/uploads\/2013\/07\/P1030872f.JPG\"><img loading=\"lazy\" width=\"1440\" height=\"810\" src=\"https:\/\/www.suwena.net\/wp-content\/uploads\/2013\/07\/P1030872f-1440x810.jpg\" alt=\"Genaakkerin halssikulman s\u00e4\u00e4t\u00f6k\u00f6ysi mastolla\" class=\"size-featured-blog-large wp-image-6897\" srcset=\"https:\/\/www.suwena.net\/wp-content\/uploads\/2013\/07\/P1030872f-1440x810.jpg 1440w, https:\/\/www.suwena.net\/wp-content\/uploads\/2013\/07\/P1030872f-300x169.jpg 300w, https:\/\/www.suwena.net\/wp-content\/uploads\/2013\/07\/P1030872f-768x432.jpg 768w\" sizes=\"(max-width: 1440px) 100vw, 1440px\" \/><\/a><figcaption id=\"caption-attachment-6897\" class=\"wp-caption-text\">Genaakkerin halssikulman s\u00e4\u00e4t\u00f6k\u00f6ysi mastolla<\/figcaption><\/figure><br \/>\nAiemmin meill\u00e4 on ollut kiinte\u00e4 halssikulman s\u00e4\u00e4t\u00f6k\u00f6ysi, jossa pituus on pit\u00e4nyt s\u00e4\u00e4t\u00e4\u00e4 valmiiksi ennen purjeen nostamista. Kun genaakkeri on vedossa, kohdistuu juuri halssikulmaan niin suuri veto, ettei ole puhettakaan menn\u00e4 availemaan solmuja muuttaakseen k\u00f6yden pituutta.<\/p>\n<p>S\u00e4\u00e4dett\u00e4v\u00e4ll\u00e4 halssikulman k\u00f6ydell\u00e4 oli huomattavasti helpompaa trimmata purjetta, kun tuulikulmat vaihtelivat. Uudella virityksell\u00e4 saimme huomattavasti enemm\u00e4n irti genaakkerista. Calais &#8211; Dieppe legill\u00e4 tuuli py\u00f6ri, joten p\u00e4\u00e4simme todella trimmaamaan genaakkeria tuulikulmien vaihdellessa. <\/p>\n<p>Kun purjehdimme sivutuulessa, kiristimme halssikulmaa. T\u00e4ll\u00f6in purjeen etuliikki kiristyi ja genaakkerista tuli enemm\u00e4n genoa tyyppinen. Pystyimme purjehtimaan jopa 60 asteen sivuvastaisessa tuulessa.<\/p>\n<p>Kun tuuli k\u00e4\u00e4ntyi l\u00e4hes my\u00f6t\u00e4iseksi, l\u00f6ys\u00e4simme sek\u00e4 halssikulmaa ett\u00e4 skuuttia ja laskimme my\u00f6s hieman purjetta fallilla. T\u00e4ll\u00f6in purjeesta tuli enemm\u00e4n puolipallo ja se muistuttaa enemm\u00e4n spinaakkeria.<\/p>\n<p>T\u00e4ysin my\u00f6t\u00e4isess\u00e4 genaakkeri meinasi kaatua kasaan, joten lis\u00e4simme sen kaveriksi isopurjeen. Laitoimme ison virsikirjalle preventterin avulla, jolloin aallokosta huolimatta genaakkeri pysyi ylv\u00e4\u00e4sti t\u00e4ynn\u00e4.<br \/>\n<figure id=\"attachment_6901\" aria-describedby=\"caption-attachment-6901\" style=\"width: 1440px\" class=\"wp-caption alignnone\"><a href=\"https:\/\/www.suwena.net\/wp-content\/uploads\/2013\/07\/P1030863f.JPG\"><img loading=\"lazy\" width=\"1440\" height=\"810\" src=\"https:\/\/www.suwena.net\/wp-content\/uploads\/2013\/07\/P1030863f-1440x810.jpg\" alt=\"Genaakkeripurjehdus virsikirjalla Normandian rannikolla\" class=\"size-featured-blog-large wp-image-6901\" srcset=\"https:\/\/www.suwena.net\/wp-content\/uploads\/2013\/07\/P1030863f-1440x810.jpg 1440w, https:\/\/www.suwena.net\/wp-content\/uploads\/2013\/07\/P1030863f-300x169.jpg 300w, https:\/\/www.suwena.net\/wp-content\/uploads\/2013\/07\/P1030863f-768x432.jpg 768w\" sizes=\"(max-width: 1440px) 100vw, 1440px\" \/><\/a><figcaption id=\"caption-attachment-6901\" class=\"wp-caption-text\">Genaakkeripurjehdus virsikirjalla Normandian rannikolla<\/figcaption><\/figure><br \/>\nKun taas olisi ollut jiipin vuoro ja purje alkoi osoittaa kasaan menemisen merkkej\u00e4, teimme isolla mielenkiintoisen huomion. Siirsimme nimitt\u00e4in ison genaakkerin kanssa samalle puolelle. J\u00e4rjen vastaisesti se toimi ja purje pysyi hyvin ylh\u00e4\u00e4ll\u00e4, eik\u00e4 tarvinnut jiipata. Ilmeisesti isopurje ohjasi takaa tulevan tuulen sopivasti genaakkerille, vaikka ne olivat kumpikin samalla puolella. Purjehdimme \u201dgenaakkeri v\u00e4\u00e4r\u00e4ll\u00e4 halssilla\u201d jopa tuulikulman ollessa 135 astetta.<\/p>\n<p>Nyt kun genaakkeria on p\u00e4\u00e4ssyt k\u00e4ytt\u00e4m\u00e4\u00e4n useampaan otteeseen, on purjeen nostamiseen ja laskemiseen alkanut tulla hyv\u00e4\u00e4 rutiinia. Olen huomannut, ett\u00e4 genaakkerisukan purjepussiin laittaminen kannattaa tehd\u00e4 siten, ett\u00e4 kun Andrus laskee fallilla sukkaa, alan pakata pussiin sukkaa noin muutama metri\u00e4 kauluksen yl\u00e4puolelta. Kun n\u00e4in purje on taiteltu pussiin, saan lopuksi laitettua sek\u00e4 fallinurkan ett\u00e4 sen viereen n\u00e4tisti kauluksen nostok\u00f6ysineen. Seuraavalla kerralla purjeen nostaminen on todella n\u00e4pp\u00e4r\u00e4\u00e4. <\/p>\n<p>Purjehtiminen on siin\u00e4 mieless\u00e4 mielenkiintoista, ett\u00e4 kokeilemalla uusia juttuja, saa trimmattua purjeet paremmin. Sitten olosuhteet muuttuvat ja saat aloittaa viritt\u00e4misen alusta. Eip\u00e4 ihme, ett\u00e4 purjehdusta kuvataan usein sanonnalla, \u201dKun k\u00f6ydet ovat irti, olet jo perill\u00e4\u201d.<\/p>\n","protected":false},"excerpt":{"rendered":"<p>Genaakkeri on ehdottomasti meid\u00e4n lempipurje. Kun purjehdimme Ranskassa Normandian rannikolla Calaisista Dieppeen 82 merimailin matkan, oli j\u00e4lleen sopiva keli genaakkeripurjehdusta ajatellen. Meill\u00e4 on North Sails G3 sukkagenaakkeri, jonka purjepinta-ala on 114 m2. Andrusin luettua todella hyv\u00e4n lehtijutun genaakkerintrimmauksesta Yachting Monthly<\/p>\n","protected":false},"author":2,"featured_media":6901,"comment_status":"open","ping_status":"open","sticky":false,"template":"","format":"standard","meta":[],"seasons":[7],"_links":{"self":[{"href":"https:\/\/www.suwena.net\/fi\/wp-json\/wp\/v2\/posts\/6903"}],"collection":[{"href":"https:\/\/www.suwena.net\/fi\/wp-json\/wp\/v2\/posts"}],"about":[{"href":"https:\/\/www.suwena.net\/fi\/wp-json\/wp\/v2\/types\/post"}],"author":[{"embeddable":true,"href":"https:\/\/www.suwena.net\/fi\/wp-json\/wp\/v2\/users\/2"}],"replies":[{"embeddable":true,"href":"https:\/\/www.suwena.net\/fi\/wp-json\/wp\/v2\/comments?post=6903"}],"version-history":[{"count":0,"href":"https:\/\/www.suwena.net\/fi\/wp-json\/wp\/v2\/posts\/6903\/revisions"}],"wp:featuredmedia":[{"embeddable":true,"href":"https:\/\/www.suwena.net\/fi\/wp-json\/wp\/v2\/media\/6901"}],"wp:attachment":[{"href":"https:\/\/www.suwena.net\/fi\/wp-json\/wp\/v2\/media?parent=6903"}],"wp:term":[{"taxonomy":"seasons","embeddable":true,"href":"https:\/\/www.suwena.net\/fi\/wp-json\/wp\/v2\/seasons?post=6903"}],"curies":[{"name":"wp","href":"https:\/\/api.w.org\/{rel}","templated":true}]}}