
{"id":7695,"date":"2013-12-23T16:37:24","date_gmt":"2013-12-23T16:37:24","guid":{"rendered":"https:\/\/www.suwena.net\/joulutervehdys-suwenalta\/"},"modified":"2019-06-28T14:59:33","modified_gmt":"2019-06-28T14:59:33","slug":"joulutervehdys-suwenalta","status":"publish","type":"post","link":"https:\/\/www.suwena.net\/fi\/joulutervehdys-suwenalta\/","title":{"rendered":"Joulutervehdys Suwenalta"},"content":{"rendered":"<p>Meid\u00e4n joulu tulee olemaan hieman erilainen, sill\u00e4 saavuimme viett\u00e4m\u00e4\u00e4n jouluviikon veneelle. Ipswichiss\u00e4 ihmiset valmistautuvat yht\u00e4 kiireellisesti jouluun kuin koti Suomessakin. Joulumarkkinoilla on vilkas tunnelma ja kaupoissa ihmiset rynt\u00e4ilev\u00e4t viime hetken jouluostoksilla.<\/p>\n<p>Kun saavuimme torstai-iltana sateiseen Ipswichiin, pohdimmekin, ett\u00e4 t\u00e4st\u00e4 joulusta taitaa tulla poikkeuksellinen my\u00f6s s\u00e4\u00e4n suhteen. Perjantai oli kaunis aurinkoinen p\u00e4iv\u00e4, joka vier\u00e4hti kaikenlaisten pienten askareiden merkeiss\u00e4. Lauantaista alkaen on sitten tuulta ja sadetta piisannutkin ja puhurin pit\u00e4isi helpottaa vasta keskiviikkona. L\u00e4mmint\u00e4 on kuitenkin ollut 8 \u2013 10 asteen paikkeilla koko ajan. T\u00e4ll\u00e4 hetkell\u00e4 n\u00e4ytt\u00e4\u00e4 silt\u00e4, ett\u00e4 p\u00e4\u00e4semme joulupurjehduksellemme vasta joulup\u00e4iv\u00e4n\u00e4.<br \/>\n<figure id=\"attachment_7693\" aria-describedby=\"caption-attachment-7693\" style=\"width: 1440px\" class=\"wp-caption alignnone\"><a href=\"https:\/\/www.suwena.net\/wp-content\/uploads\/2013\/12\/P1060463f.JPG\"><img loading=\"lazy\" width=\"1440\" height=\"810\" src=\"https:\/\/www.suwena.net\/wp-content\/uploads\/2013\/12\/P1060463f-1440x810.jpg\" alt=\"Joulu 2013 Suwenalla\" class=\"size-featured-blog-large wp-image-7693\" srcset=\"https:\/\/www.suwena.net\/wp-content\/uploads\/2013\/12\/P1060463f-1440x810.jpg 1440w, https:\/\/www.suwena.net\/wp-content\/uploads\/2013\/12\/P1060463f-300x169.jpg 300w, https:\/\/www.suwena.net\/wp-content\/uploads\/2013\/12\/P1060463f-768x432.jpg 768w\" sizes=\"(max-width: 1440px) 100vw, 1440px\" \/><\/a><figcaption id=\"caption-attachment-7693\" class=\"wp-caption-text\">Joulu 2013 Suwenalla<\/figcaption><\/figure><br \/>\nVaikka tuuli t\u00e4n\u00e4\u00e4nkin koko ajan vain nousee, niin on ihanaa istuskella Suwenalla nauttien joulugl\u00f6gist\u00e4. Tuulenpuuskat keinuttavat Suwenaa melkoisesti jopa t\u00e4ss\u00e4 suojaisessa pontoonilaiturissa. Toki ensi y\u00f6n\u00e4 k\u00f6ysien natistessa korvan vieress\u00e4 voimme olla asiasta eri mielt\u00e4, kun tuuli tulee puhaltamaan jopa 32 m\/s.<\/p>\n<p>&#8220;Southwesterly gale force 8 increasing storm force 10 soon, then violent storm force 11 later.&#8221;<\/p>\n<p>T\u00e4m\u00e4 kausi on ollut meille j\u00e4lleen erityinen, sill\u00e4 viikonloppuna tuli t\u00e4yteen sata y\u00f6t\u00e4 veneell\u00e4 t\u00e4m\u00e4n kauden aikana, eik\u00e4 kausi ole viel\u00e4 p\u00e4\u00e4ttynyt. Nyt onkin sopiva aika kiitt\u00e4\u00e4 Teit\u00e4 uskollisia bloginlukijoita ja toivottaa rauhallista joulua ja leppoisia tuulia vuodelle 2014.<\/p>\n<p>Suwenan miehist\u00f6 \/ Eve ja Andrus<\/p>\n","protected":false},"excerpt":{"rendered":"<p>Meid\u00e4n joulu tulee olemaan hieman erilainen, sill\u00e4 saavuimme viett\u00e4m\u00e4\u00e4n jouluviikon veneelle. Ipswichiss\u00e4 ihmiset valmistautuvat yht\u00e4 kiireellisesti jouluun kuin koti Suomessakin. Joulumarkkinoilla on vilkas tunnelma ja kaupoissa ihmiset rynt\u00e4ilev\u00e4t viime hetken jouluostoksilla. Kun saavuimme torstai-iltana sateiseen Ipswichiin, pohdimmekin, ett\u00e4 t\u00e4st\u00e4 joulusta<\/p>\n","protected":false},"author":2,"featured_media":7693,"comment_status":"open","ping_status":"open","sticky":false,"template":"","format":"standard","meta":[],"seasons":[13],"_links":{"self":[{"href":"https:\/\/www.suwena.net\/fi\/wp-json\/wp\/v2\/posts\/7695"}],"collection":[{"href":"https:\/\/www.suwena.net\/fi\/wp-json\/wp\/v2\/posts"}],"about":[{"href":"https:\/\/www.suwena.net\/fi\/wp-json\/wp\/v2\/types\/post"}],"author":[{"embeddable":true,"href":"https:\/\/www.suwena.net\/fi\/wp-json\/wp\/v2\/users\/2"}],"replies":[{"embeddable":true,"href":"https:\/\/www.suwena.net\/fi\/wp-json\/wp\/v2\/comments?post=7695"}],"version-history":[{"count":0,"href":"https:\/\/www.suwena.net\/fi\/wp-json\/wp\/v2\/posts\/7695\/revisions"}],"wp:featuredmedia":[{"embeddable":true,"href":"https:\/\/www.suwena.net\/fi\/wp-json\/wp\/v2\/media\/7693"}],"wp:attachment":[{"href":"https:\/\/www.suwena.net\/fi\/wp-json\/wp\/v2\/media?parent=7695"}],"wp:term":[{"taxonomy":"seasons","embeddable":true,"href":"https:\/\/www.suwena.net\/fi\/wp-json\/wp\/v2\/seasons?post=7695"}],"curies":[{"name":"wp","href":"https:\/\/api.w.org\/{rel}","templated":true}]}}