
{"id":99,"date":"2009-06-12T08:07:18","date_gmt":"2009-06-12T08:07:18","guid":{"rendered":"https:\/\/www.suwena.net\/tykin-ruokaa-9-6-11-6\/"},"modified":"2020-02-17T17:17:09","modified_gmt":"2020-02-17T17:17:09","slug":"tykin-ruokaa-9-6-11-6","status":"publish","type":"post","link":"https:\/\/www.suwena.net\/fi\/tykin-ruokaa-9-6-11-6\/","title":{"rendered":"Tykin ruokaa 9.6. &#8211; 11.6."},"content":{"rendered":"<p>Kaskiselta siirryimme keskiviikkona 55 merimailia etel\u00e4\u00e4n Porin Reposaaren satamaan. Matka sujui mukiinmenev\u00e4sti pilvisen taivaan alla.<br \/>\n<figure id=\"attachment_89\" aria-describedby=\"caption-attachment-89\" style=\"width: 1440px\" class=\"wp-caption alignnone\"><a href=\"https:\/\/www.suwena.net\/wp-content\/uploads\/2009\/06\/IMG_3433a.JPG\"><img loading=\"lazy\" width=\"1440\" height=\"810\" src=\"https:\/\/www.suwena.net\/wp-content\/uploads\/2009\/06\/IMG_3433a-1440x810.jpg\" alt=\"Reposaaren huoltorakennus\" class=\"size-featured-blog-large wp-image-89\" srcset=\"https:\/\/www.suwena.net\/wp-content\/uploads\/2009\/06\/IMG_3433a-1440x810.jpg 1440w, https:\/\/www.suwena.net\/wp-content\/uploads\/2009\/06\/IMG_3433a-300x169.jpg 300w, https:\/\/www.suwena.net\/wp-content\/uploads\/2009\/06\/IMG_3433a-768x432.jpg 768w\" sizes=\"(max-width: 1440px) 100vw, 1440px\" \/><\/a><figcaption id=\"caption-attachment-89\" class=\"wp-caption-text\">Reposaaren huoltorakennus<\/figcaption><\/figure><br \/>\nReposaari oli pieni pettymys. 15 euron venepaikkaan verrattuna s\u00e4hk\u00f6t\u00f6pseleit\u00e4 oli kaksi viitt\u00e4 venett\u00e4 kohden ja toisessa vierasvenelaiturissa ei ollut mit\u00e4\u00e4n palveluja. Onneksi vierasveneit\u00e4 ei ollut paljon, joten pienen johtoj\u00e4rjestelyn j\u00e4lkeen kaikki saivat s\u00e4hk\u00f6\u00e4. <\/p>\n<p>Torstaina aloimme suunnitella reitti\u00e4 Ahvenanmaalle. Andrus katseli kartasta, ett\u00e4 joudumme ajamaan suuren ampuma-alueen l\u00e4pi. Olemme ennenkin kulkeneet ampuma-alueen l\u00e4pi Lohtajalla ja kuunnelleet VHF-radiosta asiaa koskevia varoituksia. Nyt her\u00e4si ep\u00e4ilys, ett\u00e4 ammutaanko siell\u00e4 nyt. Onhan tuleva ammunta-alue paljon suurempi.<\/p>\n<p>Kuunneltiin VHF-tiedotukset, mutta mit\u00e4\u00e4n ampumavaroituksia ei ollut. Mieli ei kuitenkaan siit\u00e4 rauhoittunut, joten Andrus teki toisen reitin rantav\u00e4yli\u00e4 pitkin kiert\u00e4\u00e4ksemme alueen. Reitin teko ei mennyt oikein putkeen, kun ammunta-alue ulottui rannikolle asti.<\/p>\n<p>Seuraavaksi Andrus konsultoi armeijank\u00e4yneit\u00e4 ty\u00f6paikkamme miehi\u00e4. Saimme vastauksena Juhalta, ett\u00e4<br \/>\n<cite>Puolustusvoimat ampuu kranaattiheittimill\u00e4 Reilassa 8.-12.6.2009 p\u00e4ivitt\u00e4in kello 09.00 &#8211; 19.00 v\u00e4lisen\u00e4 aikana\u2026<\/cite><br \/>\nRisto kyll\u00e4 kommentoi, ett\u00e4 aluetta vartioidaan hyvin ammuntojen aikana, mutta Andrusia ep\u00e4ilytti. Onhan ampuma-alue merialueena iso.<br \/>\n<figure id=\"attachment_93\" aria-describedby=\"caption-attachment-93\" style=\"width: 1440px\" class=\"wp-caption alignnone\"><a href=\"https:\/\/www.suwena.net\/wp-content\/uploads\/2009\/06\/IMG_3434a.JPG\"><img loading=\"lazy\" width=\"999\" height=\"534\" src=\"https:\/\/www.suwena.net\/wp-content\/uploads\/2009\/06\/IMG_3434a.JPG\" alt=\"Partiolaiva vartioimassa ammuntoja Rauman l\u00e4hell\u00e4\" class=\"size-featured-blog-large wp-image-93\" srcset=\"https:\/\/www.suwena.net\/wp-content\/uploads\/2009\/06\/IMG_3434a.JPG 999w, https:\/\/www.suwena.net\/wp-content\/uploads\/2009\/06\/IMG_3434a-300x160.jpg 300w, https:\/\/www.suwena.net\/wp-content\/uploads\/2009\/06\/IMG_3434a-768x411.jpg 768w\" sizes=\"(max-width: 999px) 100vw, 999px\" \/><\/a><figcaption id=\"caption-attachment-93\" class=\"wp-caption-text\">Partiolaiva vartioimassa ammuntoja Rauman l\u00e4hell\u00e4<\/figcaption><\/figure><br \/>\nP\u00e4\u00e4tettiin l\u00e4hte\u00e4 sen verran my\u00f6h\u00e4\u00e4n kohti Jurmoa, ett\u00e4 ammunnat olisivat Reilassa ohi sinne saapuessamme.  Matkalla oli hieman utua, mutta ammunta-alueen rajalta l\u00f6ysimme partioimasta merivoimien aluksen, joten Risto oli ihan oikeassa. Samoin ammnta-alueen etel\u00e4-puolella oli my\u00f6s partiolaiva.<\/p>\n<p>Meille t\u00e4m\u00e4 ammuntojen selvitt\u00e4minen oli suhteellisen helppoa, kun saimme &#8220;virka-apua&#8221; t\u00f6ist\u00e4 ja puolustusvoimien sivulla on asiasta tiedote ja meill\u00e4 oli k\u00e4ytett\u00e4viss\u00e4 nettiyhteys. Ent\u00e4 ulkomaalaiset vierasveneet, miten he tiedon saavat, kun VHF:n Turku radiolla ei asiasta tiedotettu. Varsinkin, kun Reposaaressa naapurinamme oli saksalainen purjevene.<\/p>\n<p>P\u00e4hk\u00e4ilimme, ett\u00e4 voisiko huvivene kysy\u00e4 t\u00e4llaista asiaa VTS-palvelusta VHF:ll\u00e4?<\/p>\n<p>Saavuimme juuri ennen puolta y\u00f6t\u00e4 Ahvenanmaan koilliskulmaan Jurmon saarelle komeassa auringonlaskussa. Kuitenkin pian k\u00f6ysien kiinnitt\u00e4misen j\u00e4lkeen nousi uskomattoman nopeasti sumu, mutta se ei unta h\u00e4irinnyt.<br \/>\n<figure id=\"attachment_97\" aria-describedby=\"caption-attachment-97\" style=\"width: 1440px\" class=\"wp-caption alignnone\"><a href=\"https:\/\/www.suwena.net\/wp-content\/uploads\/2009\/06\/IMG_3439a.JPG\"><img loading=\"lazy\" width=\"1440\" height=\"810\" src=\"https:\/\/www.suwena.net\/wp-content\/uploads\/2009\/06\/IMG_3439a-1440x810.jpg\" alt=\"Auringonlasku Uudenkaupungin edustalla\" class=\"size-featured-blog-large wp-image-97\" srcset=\"https:\/\/www.suwena.net\/wp-content\/uploads\/2009\/06\/IMG_3439a-1440x810.jpg 1440w, https:\/\/www.suwena.net\/wp-content\/uploads\/2009\/06\/IMG_3439a-300x169.jpg 300w, https:\/\/www.suwena.net\/wp-content\/uploads\/2009\/06\/IMG_3439a-768x432.jpg 768w\" sizes=\"(max-width: 1440px) 100vw, 1440px\" \/><\/a><figcaption id=\"caption-attachment-97\" class=\"wp-caption-text\">Auringonlasku Uudenkaupungin edustalla<\/figcaption><\/figure><\/p>\n","protected":false},"excerpt":{"rendered":"<p>Kaskiselta siirryimme keskiviikkona 55 merimailia etel\u00e4\u00e4n Porin Reposaaren satamaan. Matka sujui mukiinmenev\u00e4sti pilvisen taivaan alla. Reposaari oli pieni pettymys. 15 euron venepaikkaan verrattuna s\u00e4hk\u00f6t\u00f6pseleit\u00e4 oli kaksi viitt\u00e4 venett\u00e4 kohden ja toisessa vierasvenelaiturissa ei ollut mit\u00e4\u00e4n palveluja. Onneksi vierasveneit\u00e4 ei ollut<\/p>\n","protected":false},"author":2,"featured_media":97,"comment_status":"open","ping_status":"open","sticky":false,"template":"","format":"standard","meta":[],"seasons":[2],"_links":{"self":[{"href":"https:\/\/www.suwena.net\/fi\/wp-json\/wp\/v2\/posts\/99"}],"collection":[{"href":"https:\/\/www.suwena.net\/fi\/wp-json\/wp\/v2\/posts"}],"about":[{"href":"https:\/\/www.suwena.net\/fi\/wp-json\/wp\/v2\/types\/post"}],"author":[{"embeddable":true,"href":"https:\/\/www.suwena.net\/fi\/wp-json\/wp\/v2\/users\/2"}],"replies":[{"embeddable":true,"href":"https:\/\/www.suwena.net\/fi\/wp-json\/wp\/v2\/comments?post=99"}],"version-history":[{"count":0,"href":"https:\/\/www.suwena.net\/fi\/wp-json\/wp\/v2\/posts\/99\/revisions"}],"wp:featuredmedia":[{"embeddable":true,"href":"https:\/\/www.suwena.net\/fi\/wp-json\/wp\/v2\/media\/97"}],"wp:attachment":[{"href":"https:\/\/www.suwena.net\/fi\/wp-json\/wp\/v2\/media?parent=99"}],"wp:term":[{"taxonomy":"seasons","embeddable":true,"href":"https:\/\/www.suwena.net\/fi\/wp-json\/wp\/v2\/seasons?post=99"}],"curies":[{"name":"wp","href":"https:\/\/api.w.org\/{rel}","templated":true}]}}